{"id":633140,"date":"2025-12-31T23:45:11","date_gmt":"2025-12-31T23:45:11","guid":{"rendered":"https:\/\/www.europesays.com\/fr\/633140\/"},"modified":"2025-12-31T23:45:11","modified_gmt":"2025-12-31T23:45:11","slug":"jai-voulu-creer-une-image-calme-et-structuree-un-photographe-gersois-prime-dans-un-prestigieux-concours","status":"publish","type":"post","link":"https:\/\/www.europesays.com\/fr\/633140\/","title":{"rendered":"\u00ab\u00a0J\u2019ai voulu cr\u00e9er une image calme et structur\u00e9e\u00a0\u00bb\u00a0: un photographe gersois prim\u00e9 dans un prestigieux concours"},"content":{"rendered":"<p>\n                                                                    l&rsquo;essentiel<br \/>\n                                                                Laur\u00e9at du concours du magazine PHOTO, le Lectourois Anthony Pomes transforme la plage en une toile minimaliste, au style \u00e9pur\u00e9 et solaire.\n                            <\/p>\n<p>Belle reconnaissance pour le photographe gersois Anthony Pomes\u00a0: le Lectourois s\u2019est vu d\u00e9cerner le prix du <a href=\"https:\/\/www.photo.fr\/\" target=\"_self\" rel=\"noopener\">concours du magazine PHOTO<\/a>, autoproclam\u00e9 \u00ab\u00a0plus grand concours photo du monde\u00a0\u00bb, dans la cat\u00e9gorie Mode pour son clich\u00e9 \u00ab\u00a0LA PLAGE\u00a0\u00bb, r\u00e9alis\u00e9 en 2025 \u00e0 Sitges, pr\u00e8s de Barcelone. Cette image, o\u00f9 se m\u00ealent \u00e9l\u00e9gance et \u00e9pure, met en lumi\u00e8re le mannequin Arnau Codina, stylis\u00e9 par Elizaveta Fedina, dans un d\u00e9cor baln\u00e9aire aux lignes g\u00e9om\u00e9triques. Entre deux rang\u00e9es de transats et de parasols, le mod\u00e8le se dresse, immobile, face \u00e0 la mer, offrant une composition graphique o\u00f9 chaque \u00e9l\u00e9ment semble dessiner une partition visuelle.<\/p>\n<p class=\"std-elt__inline\">\n        <strong>\u00c0 lire aussi :<\/strong><br \/>\n        <a href=\"https:\/\/www.ladepeche.fr\/2024\/08\/17\/le-gers-reste-mon-terrain-de-jeu-favori-anthony-pomes-jeune-photographe-lectourois-a-la-conquete-du-secteur-de-la-mode-12144867.php\" target=\"_blank\" rel=\"noopener\">\u00ab\u00a0Le Gers reste mon terrain de jeu favori\u00a0\u00bb\u00a0: Anthony Pomes, jeune photographe lectourois \u00e0 la conqu\u00eate du secteur de la mode<\/a>\n    <\/p>\n<p>Cette distinction nationale vient confirmer l\u2019essor d\u2019un parcours artistique en pleine \u00e9volution. Elle souligne aussi le rayonnement d\u2019un talent issu du territoire gersois sur la sc\u00e8ne cr\u00e9ative contemporaine.<\/p>\n<p>        <img decoding=\"async\" class=\"std-img__img responsive-img\" src=\"https:\/\/www.europesays.com\/fr\/wp-content\/uploads\/2025\/12\/1767224711_131_image.jpg\" alt=\"Anthony Pomes a \u00e9t\u00e9 distingu\u00e9 pour son image intitul\u00e9e &quot;La Plage&quot;.\"\/><\/p>\n<p>                Anthony Pomes a \u00e9t\u00e9 distingu\u00e9 pour son image intitul\u00e9e \u00ab\u00a0La Plage\u00a0\u00bb.<br \/>\n                                    AP<\/p>\n<p>Anthony Pomes, originaire de Lectoure, d\u00e9veloppe depuis plusieurs ann\u00e9es un travail photographique centr\u00e9 sur la mode, le portrait et l\u2019\u00e9ditorial. Partag\u00e9 entre le Gers, Paris et l\u2019international, il incarne une nouvelle g\u00e9n\u00e9ration de cr\u00e9ateurs pour qui la mode est un langage visuel et narratif.<\/p>\n<p>Une esth\u00e9tique inspir\u00e9e<\/p>\n<p>La photographie r\u00e9compens\u00e9e d\u2019Anthony Pomes puise son inspiration dans le minimalisme et l\u2019univers solaire de Jacquemus, tout en \u00e9voquant la peinture contemporaine et la photographie m\u00e9diterran\u00e9enne.<\/p>\n<p>La palette pastel \u2013 sable, beige, vert doux, bleu ciel \u2013 y d\u00e9ploie une atmosph\u00e8re \u00e0 la fois lumineuse et intemporelle. \u00ab\u00a0J\u2019ai voulu cr\u00e9er une image calme et structur\u00e9e, o\u00f9 le v\u00eatement dialogue avec le paysage. La plage devient un d\u00e9cor graphique, presque abstrait, et le corps un point d\u2019ancrage au milieu des lignes et des couleurs\u00a0\u00bb, confie le photographe.<\/p>\n","protected":false},"excerpt":{"rendered":"l&rsquo;essentiel Laur\u00e9at du concours du magazine PHOTO, le Lectourois Anthony Pomes transforme la plage en une toile minimaliste,&hellip;\n","protected":false},"author":2,"featured_media":633141,"comment_status":"","ping_status":"","sticky":false,"template":"","format":"standard","meta":{"footnotes":""},"categories":[1358],"tags":[1348,1384,1385,872,1386,58,59,1011,27,11328,71515],"class_list":{"0":"post-633140","1":"post","2":"type-post","3":"status-publish","4":"format-standard","5":"has-post-thumbnail","7":"category-arts-et-design","8":"tag-arts","9":"tag-arts-and-design","10":"tag-arts-et-design","11":"tag-culture-et-loisirs","12":"tag-design","13":"tag-divertissement","14":"tag-entertainment","15":"tag-fr","16":"tag-france","17":"tag-gers","18":"tag-lectoure"},"share_on_mastodon":{"url":"https:\/\/pubeurope.com\/@fr\/115816846027833996","error":""},"_links":{"self":[{"href":"https:\/\/www.europesays.com\/fr\/wp-json\/wp\/v2\/posts\/633140","targetHints":{"allow":["GET"]}}],"collection":[{"href":"https:\/\/www.europesays.com\/fr\/wp-json\/wp\/v2\/posts"}],"about":[{"href":"https:\/\/www.europesays.com\/fr\/wp-json\/wp\/v2\/types\/post"}],"author":[{"embeddable":true,"href":"https:\/\/www.europesays.com\/fr\/wp-json\/wp\/v2\/users\/2"}],"replies":[{"embeddable":true,"href":"https:\/\/www.europesays.com\/fr\/wp-json\/wp\/v2\/comments?post=633140"}],"version-history":[{"count":0,"href":"https:\/\/www.europesays.com\/fr\/wp-json\/wp\/v2\/posts\/633140\/revisions"}],"wp:featuredmedia":[{"embeddable":true,"href":"https:\/\/www.europesays.com\/fr\/wp-json\/wp\/v2\/media\/633141"}],"wp:attachment":[{"href":"https:\/\/www.europesays.com\/fr\/wp-json\/wp\/v2\/media?parent=633140"}],"wp:term":[{"taxonomy":"category","embeddable":true,"href":"https:\/\/www.europesays.com\/fr\/wp-json\/wp\/v2\/categories?post=633140"},{"taxonomy":"post_tag","embeddable":true,"href":"https:\/\/www.europesays.com\/fr\/wp-json\/wp\/v2\/tags?post=633140"}],"curies":[{"name":"wp","href":"https:\/\/api.w.org\/{rel}","templated":true}]}}