{"id":633144,"date":"2025-12-31T23:48:15","date_gmt":"2025-12-31T23:48:15","guid":{"rendered":"https:\/\/www.europesays.com\/fr\/633144\/"},"modified":"2025-12-31T23:48:15","modified_gmt":"2025-12-31T23:48:15","slug":"louis-bertignac-sest-exile-a-9000-km-de-la-france-avec-sa-femme-laetitia-34-ans-sa-cadette-et-leur-jeune-fils-de-8-ans","status":"publish","type":"post","link":"https:\/\/www.europesays.com\/fr\/633144\/","title":{"rendered":"Louis Bertignac s&rsquo;est exil\u00e9 \u00e0 9000 km de la France avec sa femme La\u00ebtitia, 34 ans sa cadette et leur jeune fils de 8 ans"},"content":{"rendered":"<p>                <img loading=\"lazy\" decoding=\"async\" src=\"https:\/\/www.europesays.com\/fr\/wp-content\/uploads\/2025\/04\/70-60dc2d431f18d-35x35-1.jpg\" class=\"author-article-picture\" width=\"35\" height=\"35\"\/><\/p>\n<p>                    Par<\/p>\n<p>                                            <a class=\"author-article-bio-link\" href=\"https:\/\/www.purepeople.com\/auteur\/liane-lazaar_a70\" target=\"_blank\" rel=\"noopener\">Liane Lazaar<\/a><\/p>\n<p>                    |<\/p>\n<p>                                            R\u00e9dactrice<\/p>\n<p>\n                Liane Lazaar est r\u00e9dactrice web rattach\u00e9e au p\u00f4le TV de Purepeople.com. Elle conna\u00eet autant le parcours de Jean-Pierre Pernaut sur TF1 que les derniers rebondissements des candidats de t\u00e9l\u00e9-r\u00e9alit\u00e9 et a un go\u00fbt prononc\u00e9 pour les histoires de coeur.\n            <\/p>\n<p>\n    Louis Bertignac a choisi de quitter la France \u00e0 l&rsquo;occasion des f\u00eates de fin d&rsquo;ann\u00e9e. Et le chanteur a embarqu\u00e9 avec lui femme et enfant. Sur Instagram, des photos de leur superbe voyage ont \u00e9t\u00e9 d\u00e9voil\u00e9es.\n<\/p>\n<p>                            <img loading=\"lazy\" decoding=\"async\" class=\"player-thumbnail\" src=\"https:\/\/www.europesays.com\/fr\/wp-content\/uploads\/2025\/12\/ec04e827b47a7ab8-580x326-2.jpg\" width=\"580\" height=\"326\"\/><\/p>\n<p>                            Louis Bertignac s&rsquo;est exil\u00e9 \u00e0 9000 km de la France avec sa femme La\u00ebtitia, 34 ans sa cadette et leur jeune fils de 8 ans<\/p>\n<p>La suite apr\u00e8s la publicit\u00e9<\/p>\n<p>\u00c0 71 ans, <a href=\"https:\/\/www.purepeople.com\/people\/louis-bertignac_p1147\" target=\"_blank\" rel=\"noopener\">Louis Bertignac<\/a> est toujours aussi infatigable. Le guitariste et cofondateur du groupe T\u00e9l\u00e9phone avec <a href=\"https:\/\/www.purepeople.com\/people\/jean-louis-aubert_p499\" target=\"_blank\" rel=\"noopener\">Jean-Louis Aubert<\/a> et <strong>Richard Kolinka<\/strong> \u00e9tait jusqu&rsquo;il y a encore quelques mois en tourn\u00e9e \u00e0 travers le monde. Mais les vacances de fin d&rsquo;ann\u00e9e ont bel et bien sonn\u00e9 depuis un moment et c&rsquo;est <strong>au Vietnam<\/strong> qu&rsquo;il a choisi de se ressourcer. Pour ce grand voyage, il est bien s\u00fbr parti avec <a href=\"https:\/\/www.purepeople.com\/article\/-je-la-trouvais-mignonne-louis-bertignac-revele-comment-il-a-seduit-laetitia-sa-femme-de-34-ans-sa-cadette_a489442\/1\" target=\"_blank\" rel=\"noopener\">sa femme Laetitia, de 34 ans sa cadette<\/a>, et <strong>leur fils Jack<\/strong> (8 ans).<\/p>\n<p>Sur Instagram, Laetitia a justement partag\u00e9 un r\u00e9capitulatif de leurs derniers jours pass\u00e9s sous le soleil chaud et lumineux d&rsquo;Asie. C&rsquo;est plus particuli\u00e8rement <strong>\u00e0 Phu Quoc<\/strong> qu&rsquo;ils ont pos\u00e9 leurs bagages, une \u00eele tr\u00e8s pris\u00e9e des touristes c\u00e9l\u00e8bre pour son parc national class\u00e9 UNESCO, ses plages au sable blanc, ses couchers de soleil et ses nombreuses activit\u00e9s comme la plong\u00e9e, le snorkeling, le kayak ou encore la randonn\u00e9e.<\/p>\n<p>Un No\u00ebl loin de la maison<\/p>\n<p>C&rsquo;est justement toutes ces merveilles que propose la plus grande \u00eele du Vietnam que les Bertignac ont pu d\u00e9couvrir comme le prouvent les photos de Laetitia. \u00ab\u00a0PHU QUOC. Un No\u00ebl loin de la maison, mais ensemble.<strong> Du soleil, des rires, des baignades, des moments simples qui comptent vraiment.<\/strong> Des souvenirs partag\u00e9s, des instants suspendus, et cette sensation d\u2019\u00eatre exactement l\u00e0 o\u00f9 il fallait\u00a0\u00bb, a-t-elle l\u00e9gend\u00e9, encore sur son petit nuage.<\/p>\n<p>\u00c0 seulement 8 ans, Jack est d\u00e9j\u00e0 un grand voyageur, ayant l&rsquo;habitude d&rsquo;accompagner son c\u00e9l\u00e8bre p\u00e8re aux quatre coins du monde. <a href=\"https:\/\/www.purepeople.com\/article\/louis-bertignac-papa-a-71-ans-dun-garcon-de-8-ans-qui-loupe-lecole-comment-sa-jeune-epouse-laetitia-sest-improvisee-prof-principale_a543399\/1\" target=\"_blank\" rel=\"noopener\">Une forme de scolarit\u00e9 toute sp\u00e9ciale<\/a> s&rsquo;est d&rsquo;ailleurs organis\u00e9e autour du jeune \u00e9l\u00e8ve en niveau CE2 qui suit<strong> les cours du CNEC<\/strong> (centre national d&rsquo;enseignement \u00e0 distance) pour qu&rsquo;il puisse se d\u00e9placer r\u00e9guli\u00e8rement. \u00ab\u00a0Le couple s&rsquo;arrange toujours pour que les chambres d&rsquo;h\u00f4tel disposent d&rsquo;un petit salon \u00e0 transformer en salle de classe\u00a0\u00bb, rapportait Gala.<\/p>\n<p>Rappelons que Louis Bertignac a par ailleurs deux grandes filles, <strong>Lola<\/strong> (21 ans) et <strong>Lili<\/strong> (18 ans) n\u00e9es de <a href=\"https:\/\/www.purepeople.com\/article\/-soit-tu-te-flingues-soit-louis-bertignac-sa-rupture-avec-julie-delafosse-un-dechirement_a511408\/1\" target=\"_blank\" rel=\"noopener\">sa relation pass\u00e9e avec Julie Delafosse<\/a>.\u00a0<\/p>\n","protected":false},"excerpt":{"rendered":"Par Liane Lazaar | R\u00e9dactrice Liane Lazaar est r\u00e9dactrice web rattach\u00e9e au p\u00f4le TV de Purepeople.com. Elle conna\u00eet&hellip;\n","protected":false},"author":2,"featured_media":633145,"comment_status":"","ping_status":"","sticky":false,"template":"","format":"standard","meta":{"footnotes":""},"categories":[1355],"tags":[58,59,1011,27,1361,873],"class_list":{"0":"post-633144","1":"post","2":"type-post","3":"status-publish","4":"format-standard","5":"has-post-thumbnail","7":"category-musique","8":"tag-divertissement","9":"tag-entertainment","10":"tag-fr","11":"tag-france","12":"tag-music","13":"tag-musique"},"share_on_mastodon":{"url":"https:\/\/pubeurope.com\/@fr\/115816857912643108","error":""},"_links":{"self":[{"href":"https:\/\/www.europesays.com\/fr\/wp-json\/wp\/v2\/posts\/633144","targetHints":{"allow":["GET"]}}],"collection":[{"href":"https:\/\/www.europesays.com\/fr\/wp-json\/wp\/v2\/posts"}],"about":[{"href":"https:\/\/www.europesays.com\/fr\/wp-json\/wp\/v2\/types\/post"}],"author":[{"embeddable":true,"href":"https:\/\/www.europesays.com\/fr\/wp-json\/wp\/v2\/users\/2"}],"replies":[{"embeddable":true,"href":"https:\/\/www.europesays.com\/fr\/wp-json\/wp\/v2\/comments?post=633144"}],"version-history":[{"count":0,"href":"https:\/\/www.europesays.com\/fr\/wp-json\/wp\/v2\/posts\/633144\/revisions"}],"wp:featuredmedia":[{"embeddable":true,"href":"https:\/\/www.europesays.com\/fr\/wp-json\/wp\/v2\/media\/633145"}],"wp:attachment":[{"href":"https:\/\/www.europesays.com\/fr\/wp-json\/wp\/v2\/media?parent=633144"}],"wp:term":[{"taxonomy":"category","embeddable":true,"href":"https:\/\/www.europesays.com\/fr\/wp-json\/wp\/v2\/categories?post=633144"},{"taxonomy":"post_tag","embeddable":true,"href":"https:\/\/www.europesays.com\/fr\/wp-json\/wp\/v2\/tags?post=633144"}],"curies":[{"name":"wp","href":"https:\/\/api.w.org\/{rel}","templated":true}]}}