{"id":633154,"date":"2025-12-31T23:54:12","date_gmt":"2025-12-31T23:54:12","guid":{"rendered":"https:\/\/www.europesays.com\/fr\/633154\/"},"modified":"2025-12-31T23:54:12","modified_gmt":"2025-12-31T23:54:12","slug":"vos-poubelles-gachent-votre-cuisine-cette-astuce-rideau-a-quelques-euros-les-rend-invisibles-sans-aucun-travaux","status":"publish","type":"post","link":"https:\/\/www.europesays.com\/fr\/633154\/","title":{"rendered":"Vos poubelles g\u00e2chent votre cuisine ? Cette astuce rideau \u00e0 quelques euros les rend invisibles sans aucun travaux"},"content":{"rendered":"<p itemprop=\"description\">Entre tri des biod\u00e9chets et cuisines<br \/>\nouvertes, les poubelles moches s&rsquo;accumulent et ruinent la d\u00e9co. Une<br \/>\nsimple tringle et un demi-rideau peuvent pourtant les faire<br \/>\ndispara\u00eetre&#8230; \u00e0 condition de bien s&rsquo;y prendre.<\/p>\n<p>Une cuisine parfaitement rang\u00e9e, de jolis meubles, une cr\u00e9dence<br \/>\nchoisie avec soin&#8230; et au milieu, une grosse poubelle en plastique<br \/>\nqui casse tout. Avec le tri, beaucoup de petites cuisines se<br \/>\nretrouvent m\u00eame avec plusieurs bacs align\u00e9s, bien visibles depuis<br \/>\nle salon. Entre les odeurs et le visuel, la <strong>poubelle de<br \/>\ncuisine<\/strong> devient vite l&rsquo;invit\u00e9e de trop.<\/p>\n<p>Depuis le 1er janvier 2024, la <strong>Loi AGEC<\/strong> impose<br \/>\n\u00e0 tous les particuliers le tri \u00e0 la source des<br \/>\n<strong>biod\u00e9chets<\/strong>. Ces restes alimentaires repr\u00e9sentent<br \/>\npr\u00e8s d&rsquo;un tiers de la poubelle des Fran\u00e7ais, soit environ 80 kg par<br \/>\nhabitant et par an, rappelle Le Journal de la Maison. R\u00e9sultat : un<br \/>\nbac de plus \u00e0 caser dans des m\u00e8tres carr\u00e9s d\u00e9j\u00e0 compt\u00e9s. Une simple<br \/>\ntringle et un petit rideau peuvent pourtant tout changer.<\/p>\n<p>Pourquoi la poubelle de cuisine g\u00e2che autant la d\u00e9co<\/p>\n<p>Dans une cuisine ouverte, l&rsquo;\u0153il file tout de suite vers ce qui<br \/>\nd\u00e9passe : sac qui baille, couvercle t\u00e2ch\u00e9, bac pos\u00e9 \u00e0 m\u00eame le sol.<br \/>\nBeaucoup misent alors sur une poubelle design, mais l&rsquo;addition<br \/>\ngrimpe vite, avec des mod\u00e8les qui montent \u00e0 40 \u20ac, 99 \u20ac, 130 \u20ac,<br \/>\njusqu&rsquo;\u00e0 595 \u20ac pour rester en pleine vue.<\/p>\n<p>Le tri des <strong>biod\u00e9chets<\/strong> impose en plus un petit<br \/>\nbac r\u00e9serv\u00e9 aux \u00e9pluchures, marcs de caf\u00e9 et restes de repas.<br \/>\nPratique pour le composteur ou la collecte municipale, mais<br \/>\nnettement moins pour la d\u00e9co quand ce mini seau tr\u00f4ne sur le plan<br \/>\nde travail ou au pied du meuble. Il finit souvent par ruiner<br \/>\nl&rsquo;ambiance de la pi\u00e8ce de vie.<\/p>\n<p>L\u2019astuce rideau pour cacher sa poubelle de cuisine sans<br \/>\ntravaux<\/p>\n<p>Le principe pour <strong>cacher sa poubelle de cuisine avec un<br \/>\nrideau<\/strong> est tr\u00e8s simple. On glisse une poubelle de taille<br \/>\npetite \u00e0 moyenne sous l&rsquo;\u00e9tag\u00e8re du bas d&rsquo;un garde-manger ou d&rsquo;un<br \/>\nplacard, puis on fixe une tringle \u00e0 rideau de tension entre les<br \/>\ndeux montants. Un demi-rideau tombe devant le bac : la poubelle<br \/>\ndispara\u00eet, tout en restant accessible d&rsquo;un geste.<\/p>\n<p>Ce syst\u00e8me popularis\u00e9 sur TikTok par l&rsquo;utilisateur @cheloscorner<br \/>\ntient dans trois \u00e9l\u00e9ments. Une tringle de tension r\u00e9glable, entre<br \/>\n16 et 24 pouces, se cale entre les parois du meuble sans per\u00e7age,<br \/>\npuis un demi-rideau \u00e0 la bonne hauteur vient masquer l&rsquo;ouverture.<br \/>\nIl suffit enfin d&rsquo;une poubelle compacte, comme la FOLD Delinia 6 l<br \/>\ngrise de Leroy Merlin, haute de 18 cm, large de 25,5 cm et profonde<br \/>\nde 17,4 cm.<\/p>\n<p>Un cache-poubelle rideau pratique au<br \/>\nquotidien et vraiment d\u00e9co<\/p>\n<p>Pour que ce cache-poubelle reste agr\u00e9able \u00e0 vivre, quelques<br \/>\nhabitudes suffisent. Id\u00e9alement, on choisit une poubelle \u00e0<br \/>\ncouvercle \u00e9quip\u00e9e d&rsquo;un sac compostable de 5 l. Pour un couple, ce<br \/>\nvolume couvre un \u00e0 deux jours de <strong>biod\u00e9chets<\/strong> ; pour<br \/>\nune famille de quatre personnes, un vidage quotidien limite mieux<br \/>\nles odeurs. Un rin\u00e7age r\u00e9gulier \u00e0 l&rsquo;eau savonneuse et un peu de<br \/>\nbicarbonate au fond font le reste.<\/p>\n<p>Question style, ce petit rideau peut se faire oublier ou devenir<br \/>\nun d\u00e9tail tr\u00e8s d\u00e9co. En le choisissant ton sur ton avec les portes<br \/>\ndu garde-manger ou la couleur du mur, il dispara\u00eet presque ; un<br \/>\nmotif vichy, des rayures ou une teinte vive en font au contraire un<br \/>\naccent graphique. On peut aussi recycler un simple morceau de<br \/>\ntissu, coup\u00e9 \u00e0 la bonne taille puis fix\u00e9 au ruban thermocollant sur<br \/>\ndes anneaux \u00e0 pinces : une solution vraimant douce pour le<br \/>\nporte-monnaie.<\/p>\n","protected":false},"excerpt":{"rendered":"Entre tri des biod\u00e9chets et cuisines ouvertes, les poubelles moches s&rsquo;accumulent et ruinent la d\u00e9co. Une simple tringle&hellip;\n","protected":false},"author":2,"featured_media":633155,"comment_status":"","ping_status":"","sticky":false,"template":"","format":"standard","meta":{"footnotes":""},"categories":[6],"tags":[9857,36744,35,902,53566,33,34,1011,27,49561],"class_list":{"0":"post-633154","1":"post","2":"type-post","3":"status-publish","4":"format-standard","5":"has-post-thumbnail","7":"category-economie","8":"tag-amenagement","9":"tag-astuces","10":"tag-business","11":"tag-cuisine","12":"tag-diy","13":"tag-economie","14":"tag-economy","15":"tag-fr","16":"tag-france","17":"tag-rangement"},"share_on_mastodon":{"url":"https:\/\/pubeurope.com\/@fr\/115816881436801722","error":""},"_links":{"self":[{"href":"https:\/\/www.europesays.com\/fr\/wp-json\/wp\/v2\/posts\/633154","targetHints":{"allow":["GET"]}}],"collection":[{"href":"https:\/\/www.europesays.com\/fr\/wp-json\/wp\/v2\/posts"}],"about":[{"href":"https:\/\/www.europesays.com\/fr\/wp-json\/wp\/v2\/types\/post"}],"author":[{"embeddable":true,"href":"https:\/\/www.europesays.com\/fr\/wp-json\/wp\/v2\/users\/2"}],"replies":[{"embeddable":true,"href":"https:\/\/www.europesays.com\/fr\/wp-json\/wp\/v2\/comments?post=633154"}],"version-history":[{"count":0,"href":"https:\/\/www.europesays.com\/fr\/wp-json\/wp\/v2\/posts\/633154\/revisions"}],"wp:featuredmedia":[{"embeddable":true,"href":"https:\/\/www.europesays.com\/fr\/wp-json\/wp\/v2\/media\/633155"}],"wp:attachment":[{"href":"https:\/\/www.europesays.com\/fr\/wp-json\/wp\/v2\/media?parent=633154"}],"wp:term":[{"taxonomy":"category","embeddable":true,"href":"https:\/\/www.europesays.com\/fr\/wp-json\/wp\/v2\/categories?post=633154"},{"taxonomy":"post_tag","embeddable":true,"href":"https:\/\/www.europesays.com\/fr\/wp-json\/wp\/v2\/tags?post=633154"}],"curies":[{"name":"wp","href":"https:\/\/api.w.org\/{rel}","templated":true}]}}