{"id":633158,"date":"2025-12-31T23:56:12","date_gmt":"2025-12-31T23:56:12","guid":{"rendered":"https:\/\/www.europesays.com\/fr\/633158\/"},"modified":"2025-12-31T23:56:12","modified_gmt":"2025-12-31T23:56:12","slug":"en-direct-alsace-la-region-fete-le-passage-a-la-nouvelle-annee-suivez-en-direct-la-soiree-du-nouvel-an-2026-dna-fr","status":"publish","type":"post","link":"https:\/\/www.europesays.com\/fr\/633158\/","title":{"rendered":"En direct Alsace. La r\u00e9gion f\u00eate le passage \u00e0 la nouvelle ann\u00e9e : suivez en direct la soir\u00e9e du Nouvel an 2026 &#8211; DNA.fr"},"content":{"rendered":"<ol>\n<li><a href=\"https:\/\/news.google.com\/rss\/articles\/CBMiqAFBVV95cUxOLWs0VVB1NUZILVUzYmNlYkRkWGxyY05meDl0cUdQX3dzazlRdWxicFJfdHFGbzBHMlZCTS1tWVNuUlptRmpkRUxrVThFTnJJQXBPTkxJU2xmd0RTWWFJclYwWDM0MWtjTjBPX19WdnE0YV9SbFUydlpPRTBVNFpkVWJ2ZTg4OHFfNGhiRmpZajhJOG9JdV9EdFdOU0hTVktNSmFFTmg1SzU?oc=5\" target=\"_blank\" rel=\"noopener\">En direct Alsace. La r\u00e9gion f\u00eate le passage \u00e0 la nouvelle ann\u00e9e : suivez en direct la soir\u00e9e du Nouvel an 2026<\/a>&nbsp;&nbsp;DNA.fr<\/li>\n<li><a href=\"https:\/\/news.google.com\/rss\/articles\/CBMi5AFBVV95cUxOa1ZmQS1QcXRuR2RmNTN4NkkxdFlXQzIzanR0M3pQckY1TUVqMG9Lei03Z0JXQ2YzdkRRRkZDNGtZVGN2U3ZaUF9BTldRU1o5UW45eHdxcjdXVERaaGdGdDd2OGtfbGlmdUtJSGR4eG9wUWRQWHF1bTJxWmRZZ3hLTlUwZ3I3Sy1LeGh2TE44RUZRWWJWTFBuWDVVVGxQYWlvVDMwZkp0cFIybkw0V0dGS1RkeVloMmZBY1JneFBkXzd2RjBkX2tRekRuZ0s3aEI0dGpQMi1GYzIwYThlY1lDaEN1eVI?oc=5\" target=\"_blank\" rel=\"noopener\">Nouvel an : pourquoi est-il si facile de se procurer des \u00abmortiers d\u2019artifice\u00bb, utilis\u00e9s contre la police ?<\/a>&nbsp;&nbsp;Le Figaro<\/li>\n<li><a href=\"https:\/\/news.google.com\/rss\/articles\/CBMijgJBVV95cUxNY1Bldm5DQ0oxbjVJLWpSUEtCbGd5amNvNG9DQjRFMDkyZS0xd0VBVmhGTEs1dWpiNkxqZ01kR2hMQTZjZHNWU3llSXZRSlJ2d3M2bGoySVBXckVlTjd2aWd5ZVV3dDJVblYtZnBOUG5udmViNjNxYzhneTNGYktsZUFkNVREencxeWZLX1ZwR1BCNE1mMmF6enZnMU9wUUllTGFRYWFzRVRickpqWUp5eDFwdlpjVzc1aVV2Z0R2TnZjWFMtdEhHQVhxek5mLVRYSzJLejVQVWxseHhWcktWYzFENWNFUVVvR0dTS21fUGpxOVhHcTdkcndiNmdjaHExMzZ2d1BYd2dyTWUxOGc?oc=5\" target=\"_blank\" rel=\"noopener\">R\u00e9veillon du Nouvel An : 10.000 euros de feux d&rsquo;artifice, interdits \u00e0 la vente, saisis dans un commerce \u00e0 Brive<\/a>&nbsp;&nbsp;La Montagne<\/li>\n<li><a href=\"https:\/\/news.google.com\/rss\/articles\/CBMiiwJBVV95cUxOYmNTRm1QbXF6bjZkaEs1YTV5SEVBdFVVaXhHWmdDTU4tT1duRjB4dVFDcUt6QUVfV0ZIZWplajdJaTgtOWlfM0FYWUJ5RnB3Y2J6QmtEN05vYWFFZlJndjA1c09obnZ5LTlIRllVSkgzTm8ydUlkalFBb3BDd0lTTjVaUF85dUExMmd2OWpEdDljNTF3aXl2Z2JySjBFUnhNY1FybmUxVG1iWG1nVlRnN25jOWd1dUJBLVJldXdzTlZvZHJhb2txeS1vUEF4MG5OZFhYUXhVVjdNaGRoQ1lIUUZkRXFlbGZ1dWVJSlJUVEh6OWx6ZFR4UGJrQ2VERGgtbjJDZVVZTmxzbGs?oc=5\" target=\"_blank\" rel=\"noopener\">16 bonbonnes de protoxyde d&rsquo;azote, 1.595 ballons et embouts et 70 mortiers d&rsquo;artifice saisis \u00e0 Toulon avant le r\u00e9veillon du Nouvel An<\/a>&nbsp;&nbsp;BFM<\/li>\n<li><a href=\"https:\/\/news.google.com\/rss\/articles\/CBMipwJBVV95cUxPYVRqeHA4S3JndG5tSVJHV0ROQTlIVC00Um1YSnBEQjY1TUN2aWE1VjFSVndVV3VuRnhuSC04WjFGWGw4bW12UVFHdmFoWWh1aXhtN3ZFNDdESXM2cnd1cmRGTmd5ek4tRXdrank1b1U5d3BmQTNhbVdXcmMwcUpPR3hvRWJHU2dTbDcwRi1mZk04bV9mR3VJM3FGVHZsUHZlUnlKTlFvYktvTWVPendQeFROMmhaVkFXOS1zUUxONkZRQ2pWYW1QOG9oSFVHUHBMSXNoNFk5T3dLVV9aQzBWeHhFeEF4OWNtVlB1RUZlZ05OOFRSWVJORTdXZll1b2pMYm5DTjdiRXFlNFpzSnRpYTQ0SEFEOVoyb0RDSXVnZzV6T1RBdHlR?oc=5\" target=\"_blank\" rel=\"noopener\">100 policiers et 400 gendarmes mobilis\u00e9s, des CRS d\u00e9ploy\u00e9s : en Ille-et-Vilaine, un r\u00e9veillon du 31 sous surveillance<\/a>&nbsp;&nbsp;Ouest-France<\/li>\n<\/ol>\n","protected":false},"excerpt":{"rendered":"En direct Alsace. La r\u00e9gion f\u00eate le passage \u00e0 la nouvelle ann\u00e9e : suivez en direct la soir\u00e9e&hellip;\n","protected":false},"author":2,"featured_media":633159,"comment_status":"","ping_status":"","sticky":false,"template":"","format":"standard","meta":{"footnotes":""},"categories":[4],"tags":[328,11,2389,2649,1687,274,107,1011,27,1637,12,25],"class_list":{"0":"post-633158","1":"post","2":"type-post","3":"status-publish","4":"format-standard","5":"has-post-thumbnail","7":"category-france","8":"tag-a-la-une","9":"tag-actualites","10":"tag-alsace","11":"tag-bas-rhin","12":"tag-culture-loisirs","13":"tag-faits-divers-justice","14":"tag-fil-info","15":"tag-fr","16":"tag-france","17":"tag-haut-rhin","18":"tag-news","19":"tag-republique-francaise"},"share_on_mastodon":{"url":"https:\/\/pubeurope.com\/@fr\/115816889934297011","error":""},"_links":{"self":[{"href":"https:\/\/www.europesays.com\/fr\/wp-json\/wp\/v2\/posts\/633158","targetHints":{"allow":["GET"]}}],"collection":[{"href":"https:\/\/www.europesays.com\/fr\/wp-json\/wp\/v2\/posts"}],"about":[{"href":"https:\/\/www.europesays.com\/fr\/wp-json\/wp\/v2\/types\/post"}],"author":[{"embeddable":true,"href":"https:\/\/www.europesays.com\/fr\/wp-json\/wp\/v2\/users\/2"}],"replies":[{"embeddable":true,"href":"https:\/\/www.europesays.com\/fr\/wp-json\/wp\/v2\/comments?post=633158"}],"version-history":[{"count":0,"href":"https:\/\/www.europesays.com\/fr\/wp-json\/wp\/v2\/posts\/633158\/revisions"}],"wp:featuredmedia":[{"embeddable":true,"href":"https:\/\/www.europesays.com\/fr\/wp-json\/wp\/v2\/media\/633159"}],"wp:attachment":[{"href":"https:\/\/www.europesays.com\/fr\/wp-json\/wp\/v2\/media?parent=633158"}],"wp:term":[{"taxonomy":"category","embeddable":true,"href":"https:\/\/www.europesays.com\/fr\/wp-json\/wp\/v2\/categories?post=633158"},{"taxonomy":"post_tag","embeddable":true,"href":"https:\/\/www.europesays.com\/fr\/wp-json\/wp\/v2\/tags?post=633158"}],"curies":[{"name":"wp","href":"https:\/\/api.w.org\/{rel}","templated":true}]}}