{"id":633165,"date":"2026-01-01T00:05:10","date_gmt":"2026-01-01T00:05:10","guid":{"rendered":"https:\/\/www.europesays.com\/fr\/633165\/"},"modified":"2026-01-01T00:05:10","modified_gmt":"2026-01-01T00:05:10","slug":"perols-croquee-roland-hours-expose-a-la-maison-des-arts","status":"publish","type":"post","link":"https:\/\/www.europesays.com\/fr\/633165\/","title":{"rendered":"P\u00e9rols croqu\u00e9e : Roland Hours expose \u00e0 la Maison des arts"},"content":{"rendered":"<p>Il croque le monde depuis toujours, avec un \u0153il rieur et un esprit aff\u00fbt\u00e9. Dessinateur et illustrateur publicitaire puis de presse, Roland Hours expose son regard sur P\u00e9rols, sa ville d\u2019adoption, \u00e0 travers son exposition \u00ab\u00a0P\u00e9rols croqu\u00e9e\u00a0\u00bb, \u00e0 d\u00e9couvrir \u00e0 la Maison des arts du 8 au 30 janvier. Le vernissage aura lieu le jeudi 8 janvier \u00e0 19 h, en pr\u00e9sence de l\u2019artiste, qui proposera \u00e9galement une s\u00e9ance de d\u00e9dicaces de son ouvrage \u00e9ponyme.<\/p>\n<p><b>Un demi-si\u00e8cle de dessins<\/b><\/p>\n<p>N\u00e9 en Ard\u00e8che, \u00e0 Joyeuse, Roland Hours y a pass\u00e9 son enfance avant de s\u2019installer \u00e0 P\u00e9rols il y a 50 ans. Un demi-si\u00e8cle d\u2019ancrage dans la commune, qui nourrit aujourd\u2019hui une exposition intime, faite de croquis, de souvenirs et de regards pos\u00e9s sur les paysages et la vie locale. Son parcours artistique d\u00e9bute dans les agences de publicit\u00e9 montpelli\u00e9raines, o\u00f9 il r\u00e9alise des affiches, avant de s\u2019orienter vers ce qui deviendra le c\u0153ur de sa carri\u00e8re : le dessin et l\u2019illustration de presse. \u00ab\u00a0J\u2019ai pass\u00e9 ma vie \u00e0 \u00eatre dessinateur et illustrateur de presse dans des journaux et hebdomadaires fran\u00e7ais\u00a0\u00bb, confie-t-il. Parmi eux, L\u2019\u00c9v\u00e9nement du jeudi, Marianne et Le Nouvel Observateur. Le fil conducteur de son travail a toujours \u00e9t\u00e9 l\u2019humour. \u00ab\u00a0Voir les choses avec un angle amusant, souriant\u2026 ce qui n\u2019emp\u00eache pas d\u2019\u00eatre s\u00e9rieux\u00a0\u00bb, explique l\u2019artiste. Une philosophie qui lui a permis de commenter l\u2019actualit\u00e9 avec finesse.<\/p>\n<p><b>Croquis, m\u00e9moire et libert\u00e9 de ton<\/b><\/p>\n<p>Pr\u00e8s de 40 \u0153uvres seront expos\u00e9es \u00e0 la Maison des arts : originaux et reproductions, croquis de P\u00e9rols r\u00e9alis\u00e9s au fusain mais aussi dessins politiques, reflet de sa carri\u00e8re. \u00ab\u00a0Dessiner P\u00e9rols faisait partie de mon passe-temps. J\u2019allais au bord de l\u2019\u00e9tang ou en bord de mer, \u00e7a me permettait de d\u00e9crocher de l\u2019actualit\u00e9, pas toujours marrante \u00e0 dessiner \u00ab\u00a0, raconte-t-il. L\u2019exposition r\u00e9v\u00e8le \u00e9galement une autre facette de son travail avec quelques sculptures en terre cuite. \u00ab\u00a0\u00c0 force de dessiner \u00e0 plat, tout dessinateur a un jour envie de partir en volume\u00a0\u00bb, sourit-il. Parmi les pi\u00e8ces pr\u00e9sent\u00e9es, des sculptures de Georges Fr\u00eache et de Louis Nicollin.<\/p>\n<p>Tr\u00e8s attach\u00e9 \u00e0 Joyeuse, son village natal de 1 800 habitants, Roland Hours y retourne r\u00e9guli\u00e8rement. Il y a cr\u00e9\u00e9 la Maison de la caricature, un lieu d\u2019exposition et de transmission d\u00e9di\u00e9 aux diff\u00e9rentes formes d\u2019humour. On y d\u00e9couvre une partie de son travail, mais aussi des espaces d\u00e9di\u00e9s aux jeunes. \u00ab\u00a0Il y a un objectif p\u00e9dagogique : sensibiliser les jeunes \u00e0 toutes formes d\u2019humour tout en d\u00e9fendant la libert\u00e9 de la presse\u00a0\u00bb, explique-t-il.<\/p>\n<p>\u00c0 P\u00e9rols, le public pourra rencontrer l\u2019artiste lors du vernissage, mais aussi tous les vendredis durant l\u2019exposition, de 17 h \u00e0 19 h, \u00e0 la Maison des arts. Un rendez-vous avec un dessinateur qui, depuis toujours, observe le monde avec s\u00e9rieux\u2026 sans jamais perdre le sourire.<\/p>\n<p>Correspondante Midi Libre : 06 87 26 78 53<\/p>\n","protected":false},"excerpt":{"rendered":"Il croque le monde depuis toujours, avec un \u0153il rieur et un esprit aff\u00fbt\u00e9. Dessinateur et illustrateur publicitaire&hellip;\n","protected":false},"author":2,"featured_media":633166,"comment_status":"","ping_status":"","sticky":false,"template":"","format":"standard","meta":{"footnotes":""},"categories":[9599],"tags":[1111,11,872,1777,674,1349,1011,27,7089,2208,12,2680,23537,25],"class_list":{"0":"post-633165","1":"post","2":"type-post","3":"status-publish","4":"format-standard","5":"has-post-thumbnail","7":"category-montpellier","8":"tag-actu","9":"tag-actualites","10":"tag-culture-et-loisirs","11":"tag-eu","12":"tag-europe","13":"tag-expositions","14":"tag-fr","15":"tag-france","16":"tag-herault","17":"tag-montpellier","18":"tag-news","19":"tag-occitanie","20":"tag-perols","21":"tag-republique-francaise"},"share_on_mastodon":{"url":"https:\/\/pubeurope.com\/@fr\/115816924716733582","error":""},"_links":{"self":[{"href":"https:\/\/www.europesays.com\/fr\/wp-json\/wp\/v2\/posts\/633165","targetHints":{"allow":["GET"]}}],"collection":[{"href":"https:\/\/www.europesays.com\/fr\/wp-json\/wp\/v2\/posts"}],"about":[{"href":"https:\/\/www.europesays.com\/fr\/wp-json\/wp\/v2\/types\/post"}],"author":[{"embeddable":true,"href":"https:\/\/www.europesays.com\/fr\/wp-json\/wp\/v2\/users\/2"}],"replies":[{"embeddable":true,"href":"https:\/\/www.europesays.com\/fr\/wp-json\/wp\/v2\/comments?post=633165"}],"version-history":[{"count":0,"href":"https:\/\/www.europesays.com\/fr\/wp-json\/wp\/v2\/posts\/633165\/revisions"}],"wp:featuredmedia":[{"embeddable":true,"href":"https:\/\/www.europesays.com\/fr\/wp-json\/wp\/v2\/media\/633166"}],"wp:attachment":[{"href":"https:\/\/www.europesays.com\/fr\/wp-json\/wp\/v2\/media?parent=633165"}],"wp:term":[{"taxonomy":"category","embeddable":true,"href":"https:\/\/www.europesays.com\/fr\/wp-json\/wp\/v2\/categories?post=633165"},{"taxonomy":"post_tag","embeddable":true,"href":"https:\/\/www.europesays.com\/fr\/wp-json\/wp\/v2\/tags?post=633165"}],"curies":[{"name":"wp","href":"https:\/\/api.w.org\/{rel}","templated":true}]}}