{"id":633175,"date":"2026-01-01T00:16:17","date_gmt":"2026-01-01T00:16:17","guid":{"rendered":"https:\/\/www.europesays.com\/fr\/633175\/"},"modified":"2026-01-01T00:16:17","modified_gmt":"2026-01-01T00:16:17","slug":"les-billets-pour-le-choc-en-coupe-de-france-avranches-strasbourg-mis-en-vente-angers-info","status":"publish","type":"post","link":"https:\/\/www.europesays.com\/fr\/633175\/","title":{"rendered":"Les billets pour le choc en Coupe de France Avranches \u2013 Strasbourg mis en vente \u2013 Angers Info"},"content":{"rendered":"<p><img fetchpriority=\"high\" decoding=\"async\" width=\"1024\" height=\"682\" src=\"https:\/\/www.europesays.com\/fr\/wp-content\/uploads\/2025\/10\/soccer-1678992_1280-1024x682.jpg\" alt=\"\" class=\"wp-image-170191\"  \/>Les billets pour le match opposant Avranches \u00e0 Strasbourg sont en vente depuis hier \/ DR<\/p>\n<p><strong>Selon Actu.fr, la billetterie du 16e de finale de la Coupe de France opposant l\u2019US Avranches au RC Strasbourg a ouvert ce mardi 30 d\u00e9cembre 2025. La rencontre se disputera le 10 janvier 2026 au stade Ren\u00e9-Fenouill\u00e8re.<\/strong><\/p>\n<p><strong>Un rendez-vous de prestige pour l\u2019US Avranches<\/strong><\/p>\n<p>Pensionnaire de National 2, l\u2019US Avranches s\u2019appr\u00eate \u00e0 recevoir un adversaire de Ligue 1 avec la venue de Strasbourg pour les 16es de finale de la Coupe de France. Comme lors du tour pr\u00e9c\u00e9dent face \u00e0 Brest, la rencontre se jouera au stade Ren\u00e9-Fenouill\u00e8re, o\u00f9 le club du Sud-Manche esp\u00e8re cr\u00e9er l\u2019exploit devant son public.<\/p>\n<p><strong>Une billetterie ouverte depuis le 30 d\u00e9cembre<\/strong><\/p>\n<p>La mise en vente des billets a d\u00e9but\u00e9 ce mardi 30 d\u00e9cembre. Elle concerne les places en pourtour et en tribune lyc\u00e9e, offrant aux supporters plusieurs options pour assister \u00e0 cette affiche tr\u00e8s attendue. L\u2019ouverture anticip\u00e9e vise \u00e0 r\u00e9pondre \u00e0 la forte demande suscit\u00e9e par l\u2019\u00e9v\u00e9nement.<\/p>\n<p><strong>Plusieurs points de vente dans le Sud-Manche<\/strong><\/p>\n<p>Les billets sont disponibles dans diff\u00e9rents points de vente du territoire, notamment aux magasins E.Leclerc d\u2019Avranches et de Saint-Hilaire-du-Harcou\u00ebt, ainsi que dans plusieurs bars et commerces partenaires \u00e0 Avranches, Saint-James et Marcey-les-Gr\u00e8ves. Le coup d\u2019envoi de la rencontre est fix\u00e9 au 10 janvier 2026.<\/p>\n","protected":false},"excerpt":{"rendered":"Les billets pour le match opposant Avranches \u00e0 Strasbourg sont en vente depuis hier \/ DR Selon Actu.fr,&hellip;\n","protected":false},"author":2,"featured_media":491300,"comment_status":"","ping_status":"","sticky":false,"template":"","format":"standard","meta":{"footnotes":""},"categories":[2820],"tags":[74172,1111,11,17295,83,1777,674,1011,27,775,14653,12,25,640],"class_list":{"0":"post-633175","1":"post","2":"type-post","3":"status-publish","4":"format-standard","5":"has-post-thumbnail","7":"category-strasbourg","8":"tag-16eme-de-finale","9":"tag-actu","10":"tag-actualites","11":"tag-avranches","12":"tag-coupe-de-france","13":"tag-eu","14":"tag-europe","15":"tag-fr","16":"tag-france","17":"tag-grand-est","18":"tag-manche","19":"tag-news","20":"tag-republique-francaise","21":"tag-strasbourg"},"share_on_mastodon":{"url":"https:\/\/pubeurope.com\/@fr\/115816967922269984","error":""},"_links":{"self":[{"href":"https:\/\/www.europesays.com\/fr\/wp-json\/wp\/v2\/posts\/633175","targetHints":{"allow":["GET"]}}],"collection":[{"href":"https:\/\/www.europesays.com\/fr\/wp-json\/wp\/v2\/posts"}],"about":[{"href":"https:\/\/www.europesays.com\/fr\/wp-json\/wp\/v2\/types\/post"}],"author":[{"embeddable":true,"href":"https:\/\/www.europesays.com\/fr\/wp-json\/wp\/v2\/users\/2"}],"replies":[{"embeddable":true,"href":"https:\/\/www.europesays.com\/fr\/wp-json\/wp\/v2\/comments?post=633175"}],"version-history":[{"count":0,"href":"https:\/\/www.europesays.com\/fr\/wp-json\/wp\/v2\/posts\/633175\/revisions"}],"wp:featuredmedia":[{"embeddable":true,"href":"https:\/\/www.europesays.com\/fr\/wp-json\/wp\/v2\/media\/491300"}],"wp:attachment":[{"href":"https:\/\/www.europesays.com\/fr\/wp-json\/wp\/v2\/media?parent=633175"}],"wp:term":[{"taxonomy":"category","embeddable":true,"href":"https:\/\/www.europesays.com\/fr\/wp-json\/wp\/v2\/categories?post=633175"},{"taxonomy":"post_tag","embeddable":true,"href":"https:\/\/www.europesays.com\/fr\/wp-json\/wp\/v2\/tags?post=633175"}],"curies":[{"name":"wp","href":"https:\/\/api.w.org\/{rel}","templated":true}]}}