{"id":63318,"date":"2025-04-30T02:53:09","date_gmt":"2025-04-30T02:53:09","guid":{"rendered":"https:\/\/www.europesays.com\/fr\/63318\/"},"modified":"2025-04-30T02:53:09","modified_gmt":"2025-04-30T02:53:09","slug":"des-nouvelles-de-dembele-apres-sa-sortie-contre-arsenal","status":"publish","type":"post","link":"https:\/\/www.europesays.com\/fr\/63318\/","title":{"rendered":"Des nouvelles de Demb\u00e9l\u00e9 apr\u00e8s sa sortie contre Arsenal &#8211;"},"content":{"rendered":"<p><img width=\"700\" height=\"350\" src=\"https:\/\/www.europesays.com\/fr\/wp-content\/uploads\/2025\/04\/Dembele-1.jpg\" class=\"attachment-jannah-image-post size-jannah-image-post wp-post-image\" alt=\"Demb\u00e9l\u00e9\" is_main_img=\"1\" decoding=\"async\" fetchpriority=\"high\"  \/><br \/>\n Image :<br \/>\npsg.fr<\/p>\n<p>Seul buteur de la demi-finale aller entre Arsenal et le PSG,<br \/>\nOusmane Demb\u00e9l\u00e9 est sorti \u00e0 la 69e minute. Il semblait un peu<br \/>\ntouch\u00e9. Le num\u00e9ro 10 du PSG a voulu se montrer rassurant.<\/p>\n<p>Buteur lors de la demi-finale aller de la <strong><a href=\"https:\/\/canal-supporters.com\/neves-on-sait-tres-clairement-que-ce-nest-pas-fini\/\" title=\"\" rel=\"nofollow noopener\" target=\"_blank\">Ligue des champions<\/a><\/strong> entre<br \/>\n<strong>Arsenal<\/strong> et le PSG ce mardi soir (<a href=\"https:\/\/canal-supporters.com\/ldc-apres-une-grosse-bataille-le-psg-remporte-la-premiere-manche-face-a-arsenal\/\" title=\"\" rel=\"nofollow noopener\" target=\"_blank\">0-1)<\/a>, <strong>Ousmane Demb\u00e9l\u00e9<\/strong> a d\u00fb sortir \u00e0<br \/>\nla 69e minute. Apr\u00e8s avoir visiblement demand\u00e9 \u00e0 \u00eatre remplac\u00e9,<br \/>\nl\u2019ailier parisien s\u2019est tenu l\u2019arri\u00e8re de la cuisse. Il s\u2019est<br \/>\nensuite allong\u00e9 au sol. Lorsque ses co\u00e9quipiers sont venus aux<br \/>\nnouvelles, il a fait un signe pour faire comprendre qu\u2019il \u00e9tait<br \/>\n\u00ab\u00a0un petit peu\u00a0\u00bb touch\u00e9.\u00a0<\/p>\n<p>A voir aussi : <a href=\"https:\/\/canal-supporters.com\/hakimi-on-a-fait-un-bon-travail-mais-ce-nest-pas-fini\/\" title=\"\" rel=\"nofollow noopener\" target=\"_blank\">Hakimi : \u00ab\u00a0On a fait un bon travail, mais ce n\u2019est<br \/>\npas fini\u00a0\u00bb<\/a><\/p>\n<p><a href=\"https:\/\/x.com\/CanalSupporters\" target=\"_blank\" rel=\"noopener nofollow\" title=\"\">canalsupporters.com<\/a><\/p>\n<p>Des examens \u00e0<br \/>\nParis demain<\/p>\n<p><strong>Fabrice Hawkins<\/strong>, journaliste pour <a href=\"https:\/\/x.com\/FabriceHawkins\/status\/1917342594323095732\" target=\"_blank\" rel=\"noopener nofollow\" title=\"\">RMC Sport<\/a>, a indiqu\u00e9 que<br \/>\nle num\u00e9ro 10 du <strong>PSG<\/strong> \u00e9tait touch\u00e9 \u00e0 l\u2019ischio. Il<br \/>\npr\u00e9cise que l\u2019\u00e9volution de la douleur sera \u00e0 surveiller dans les<br \/>\nprochains jours. Le journaliste indique qu\u2019au moment de rejoindre<br \/>\nle bus, l\u2019international fran\u00e7ais a dit aux journalistes<br \/>\n\u00ab\u00a0\u00c7a va aller.\u00a0\u00bb Il doit passer des examens<br \/>\ndemain \u00e0 <strong>Paris<\/strong> pour conna\u00eetre la gravit\u00e9 de sa<br \/>\npossible blessure, conclut Fabrice Hawkins.\u00a0<\/p>\n","protected":false},"excerpt":{"rendered":"Image : psg.fr Seul buteur de la demi-finale aller entre Arsenal et le PSG, Ousmane Demb\u00e9l\u00e9 est sorti&hellip;\n","protected":false},"author":2,"featured_media":63319,"comment_status":"","ping_status":"","sticky":false,"template":"","format":"standard","meta":{"footnotes":""},"categories":[1410],"tags":[11167,11168,11169,1431,786,81,448,787,12732,11170,13824,63,1011,27,16179,789,447,2782,626,91,92,93,60,795,96],"class_list":{"0":"post-63318","1":"post","2":"type-post","3":"status-publish","4":"format-standard","5":"has-post-thumbnail","7":"category-football","8":"tag-ars-psg","9":"tag-arsenal-psg","10":"tag-arspsg","11":"tag-blessure","12":"tag-c1","13":"tag-canal-supporters","14":"tag-champions-league","15":"tag-cs","16":"tag-dembele","17":"tag-demi-finale","18":"tag-demi-finale-aller","19":"tag-football","20":"tag-fr","21":"tag-france","22":"tag-ischio-jambiers","23":"tag-ldc","24":"tag-ligue-des-champions","25":"tag-ousmane-dembele","26":"tag-paris","27":"tag-paris-saint-germain","28":"tag-paris-sg","29":"tag-psg","30":"tag-sports","31":"tag-ucl","32":"tag-une"},"share_on_mastodon":{"url":"https:\/\/pubeurope.com\/@fr\/114424656929373065","error":""},"_links":{"self":[{"href":"https:\/\/www.europesays.com\/fr\/wp-json\/wp\/v2\/posts\/63318","targetHints":{"allow":["GET"]}}],"collection":[{"href":"https:\/\/www.europesays.com\/fr\/wp-json\/wp\/v2\/posts"}],"about":[{"href":"https:\/\/www.europesays.com\/fr\/wp-json\/wp\/v2\/types\/post"}],"author":[{"embeddable":true,"href":"https:\/\/www.europesays.com\/fr\/wp-json\/wp\/v2\/users\/2"}],"replies":[{"embeddable":true,"href":"https:\/\/www.europesays.com\/fr\/wp-json\/wp\/v2\/comments?post=63318"}],"version-history":[{"count":0,"href":"https:\/\/www.europesays.com\/fr\/wp-json\/wp\/v2\/posts\/63318\/revisions"}],"wp:featuredmedia":[{"embeddable":true,"href":"https:\/\/www.europesays.com\/fr\/wp-json\/wp\/v2\/media\/63319"}],"wp:attachment":[{"href":"https:\/\/www.europesays.com\/fr\/wp-json\/wp\/v2\/media?parent=63318"}],"wp:term":[{"taxonomy":"category","embeddable":true,"href":"https:\/\/www.europesays.com\/fr\/wp-json\/wp\/v2\/categories?post=63318"},{"taxonomy":"post_tag","embeddable":true,"href":"https:\/\/www.europesays.com\/fr\/wp-json\/wp\/v2\/tags?post=63318"}],"curies":[{"name":"wp","href":"https:\/\/api.w.org\/{rel}","templated":true}]}}