{"id":633187,"date":"2026-01-01T00:26:32","date_gmt":"2026-01-01T00:26:32","guid":{"rendered":"https:\/\/www.europesays.com\/fr\/633187\/"},"modified":"2026-01-01T00:26:32","modified_gmt":"2026-01-01T00:26:32","slug":"de-kharkiv-a-lille-la-culture-en-resistance-evenements","status":"publish","type":"post","link":"https:\/\/www.europesays.com\/fr\/633187\/","title":{"rendered":"De Kharkiv \u00e0 Lille, la culture en r\u00e9sistance \/ \u00c9v\u00e9nements"},"content":{"rendered":"<p>\n                                                                                                                            Du 20 janvier<br \/>au 24 f\u00e9vrier 2026\n                                                                                    <\/p>\n<p class=\"subtitle\">\u00e0 <strong><br \/>\nLille<\/strong><\/p>\n<p>\u00ab\u00a0De Kharkiv \u00e0 Lille : la culture en r\u00e9sistance\u00a0\u00bb l&rsquo;\u00e9tape lilloise de la saison Le \u00ab Voyage en Ukraine\u00a0\u00bb<\/p>\n<p>            <img loading=\"lazy\" decoding=\"async\" src=\"\/var\/www\/storage\/images\/mediatheque\/mairie-de-lille\/images-openagenda\/de-kharkiv-a-lille-la-culture-en-resistance\/3914307-1-fre-FR\/De-Kharkiv-a-Lille-la-culture-en-resistance_news_image_top.jpg\" width=\"779\" height=\"438\" alt=\"De Kharkiv \u00e0 Lille, la culture en r\u00e9sistance\"\/><\/p>\n<p>\nAvec Le Voyage en Ukraine, l\u2019Ukraine et la France s\u2019unissent pour faire r\u00e9sonner jusqu\u2019en mars 2026 la voix d\u2019une soci\u00e9t\u00e9 ukrainienne r\u00e9siliente et cr\u00e9ative. Cette saison nationale, port\u00e9e par l\u2019Institut Fran\u00e7ais et l\u2019Institut ukrainien avec l\u2019appui des minist\u00e8res de la culture et des affaires \u00e9trang\u00e8res des deux pays, affirme avec conviction le r\u00f4le essentiel de la culture comme moteur de r\u00e9sistance et espace de libert\u00e9.<br \/>A Lille, cette saison trouve une r\u00e9sonnance toute particuli\u00e8re. Jumel\u00e9e avec Kharkiv depuis 1978, notre ville a renforc\u00e9 ses liens avec sa ville s\u0153ur et, au-del\u00e0, avec l&rsquo;Ukraine d\u00e8s le d\u00e9but de l\u2019invasion russe.\u00a0<br \/>Le festival \u00ab <strong>De Kharkiv \u00e0 Lille, la culture en r\u00e9sistance<\/strong> \u00bb, organis\u00e9 du <strong>20 janvier au 24 f\u00e9vrier 2026<\/strong> en partenariat avec de nombreux acteurs culturels lillois et ukrainiens, s\u2019inscrit pleinement dans cette histoire partag\u00e9e.<br \/>Cette programmation, dont Kharkiv constitue l\u2019un des fils conducteurs, t\u00e9moigne d\u2019un engagement durable et concret, faisant de la culture un creuset de solidarit\u00e9, de dialogue et de transmission entre nos soci\u00e9t\u00e9s.<br \/>Danse, cin\u00e9ma, concerts, rencontres litt\u00e9raires, conf\u00e9rences-d\u00e9bats, exposition\u2026 Venez d\u00e9couvrir la vitalit\u00e9, l&rsquo;audace et la force cr\u00e9ative de Kharkiv et de l&rsquo;Ukraine !<br \/><strong>Programmation :<\/strong><\/p>\n<p>        \t\t                        Infos pratiques<\/p>\n<p>                    Adresse<\/p>\n<p>Lille<\/p>\n<p>                                                            Voir le plan<\/p>\n<p>\n                    PublicsDe  \u00e0  ans<\/p>\n<p>                            Horaires<\/p>\n<p class=\"textAlone\">Le 20\/01\/2026 de 19:00 \u00e0 23:00<br \/>Le 24\/01\/2026 de 15:00 \u00e0 17:00<br \/>Le 28\/01\/2026 de 06:00 \u00e0 23:00<br \/>Le 29\/01\/2026 de 06:00 \u00e0 23:00<br \/>Le 30\/01\/2026 de 06:00 \u00e0 23:00<br \/>Le 31\/01\/2026 de 06:00 \u00e0 23:00<br \/>Le 01\/02\/2026 de 06:00 \u00e0 23:00<br \/>Le 02\/02\/2026 de 06:00 \u00e0 23:00<br \/>Le 03\/02\/2026 de 06:00 \u00e0 23:00<br \/>Le 04\/02\/2026 de 06:00 \u00e0 23:00<br \/>Le 05\/02\/2026 de 06:00 \u00e0 23:00<br \/>Le 06\/02\/2026 de 06:00 \u00e0 23:00<br \/>Le 07\/02\/2026 de 06:00 \u00e0 23:00<br \/>Le 08\/02\/2026 de 06:00 \u00e0 23:00<br \/>Le 09\/02\/2026 de 06:00 \u00e0 23:00<br \/>Le 10\/02\/2026 de 06:00 \u00e0 23:00<br \/>Le 11\/02\/2026 de 06:00 \u00e0 23:00<br \/>Le 12\/02\/2026 de 06:00 \u00e0 23:00<br \/>Le 13\/02\/2026 de 06:00 \u00e0 23:00<br \/>Le 14\/02\/2026 de 06:00 \u00e0 23:00<br \/>Le 15\/02\/2026 de 06:00 \u00e0 23:00<br \/>Le 16\/02\/2026 de 06:00 \u00e0 23:00<br \/>Le 17\/02\/2026 de 06:00 \u00e0 23:00<br \/>Le 18\/02\/2026 de 06:00 \u00e0 23:00<br \/>Le 19\/02\/2026 de 06:00 \u00e0 23:00<br \/>Le 20\/02\/2026 de 06:00 \u00e0 23:00<br \/>Le 21\/02\/2026 de 06:00 \u00e0 23:00<br \/>Le 22\/02\/2026 de 06:00 \u00e0 23:00<br \/>Le 23\/02\/2026 de 06:00 \u00e0 23:00<br \/>Le 24\/02\/2026 de 06:00 \u00e0 23:00<\/p>\n","protected":false},"excerpt":{"rendered":"Du 20 janvierau 24 f\u00e9vrier 2026 \u00e0 Lille \u00ab\u00a0De Kharkiv \u00e0 Lille : la culture en r\u00e9sistance\u00a0\u00bb l&rsquo;\u00e9tape&hellip;\n","protected":false},"author":2,"featured_media":633188,"comment_status":"","ping_status":"","sticky":false,"template":"","format":"standard","meta":{"footnotes":""},"categories":[2815],"tags":[1111,11,4763,1777,674,1011,27,811,1307,5415,12,25],"class_list":{"0":"post-633187","1":"post","2":"type-post","3":"status-publish","4":"format-standard","5":"has-post-thumbnail","7":"category-lille","8":"tag-actu","9":"tag-actualites","10":"tag-agenda","11":"tag-eu","12":"tag-europe","13":"tag-fr","14":"tag-france","15":"tag-hauts-de-france","16":"tag-lille","17":"tag-mairie","18":"tag-news","19":"tag-republique-francaise"},"share_on_mastodon":{"url":"https:\/\/pubeurope.com\/@fr\/115817007292523400","error":""},"_links":{"self":[{"href":"https:\/\/www.europesays.com\/fr\/wp-json\/wp\/v2\/posts\/633187","targetHints":{"allow":["GET"]}}],"collection":[{"href":"https:\/\/www.europesays.com\/fr\/wp-json\/wp\/v2\/posts"}],"about":[{"href":"https:\/\/www.europesays.com\/fr\/wp-json\/wp\/v2\/types\/post"}],"author":[{"embeddable":true,"href":"https:\/\/www.europesays.com\/fr\/wp-json\/wp\/v2\/users\/2"}],"replies":[{"embeddable":true,"href":"https:\/\/www.europesays.com\/fr\/wp-json\/wp\/v2\/comments?post=633187"}],"version-history":[{"count":0,"href":"https:\/\/www.europesays.com\/fr\/wp-json\/wp\/v2\/posts\/633187\/revisions"}],"wp:featuredmedia":[{"embeddable":true,"href":"https:\/\/www.europesays.com\/fr\/wp-json\/wp\/v2\/media\/633188"}],"wp:attachment":[{"href":"https:\/\/www.europesays.com\/fr\/wp-json\/wp\/v2\/media?parent=633187"}],"wp:term":[{"taxonomy":"category","embeddable":true,"href":"https:\/\/www.europesays.com\/fr\/wp-json\/wp\/v2\/categories?post=633187"},{"taxonomy":"post_tag","embeddable":true,"href":"https:\/\/www.europesays.com\/fr\/wp-json\/wp\/v2\/tags?post=633187"}],"curies":[{"name":"wp","href":"https:\/\/api.w.org\/{rel}","templated":true}]}}