{"id":633189,"date":"2026-01-01T00:27:10","date_gmt":"2026-01-01T00:27:10","guid":{"rendered":"https:\/\/www.europesays.com\/fr\/633189\/"},"modified":"2026-01-01T00:27:10","modified_gmt":"2026-01-01T00:27:10","slug":"un-homme-tue-a-larme-blanche-en-centre-ville-a-marseille","status":"publish","type":"post","link":"https:\/\/www.europesays.com\/fr\/633189\/","title":{"rendered":"un homme tu\u00e9 \u00e0 l\u2019arme blanche en centre-ville \u00e0 Marseille"},"content":{"rendered":"<p>Transport\u00e9 dans un \u00e9tat grave dans un h\u00f4pital marseillais, un homme a succomb\u00e9 \u00e0 ses blessures ce mercredi soir 31 d\u00e9cembre, apr\u00e8s avoir \u00e9t\u00e9 attaqu\u00e9 \u00e0 l&rsquo;arme blanche dans le centre-ville.<\/p>\n<p>Si ce n\u2019est quelques manifestations \u00e9ruptives au bas de la Canebi\u00e8re en d\u00e9but de soir\u00e9e, apr\u00e8s que l\u2019Alg\u00e9rie s\u2019est impos\u00e9e largement 3-1 contre la Guin\u00e9e \u00e9quatoriale, terminant ainsi invaincue dans la phase de poules de la <a href=\"https:\/\/www.laprovence.com\/article\/faits-divers-justice\/5464241190056\/tirs-de-mortiers-tramway-degrade-et-2-interpellations-a-marseille-en-marge-de-la-can-2025\" target=\"_blank\" rel=\"noopener\">CAN 2025<\/a>, les violences urbaines toujours redout\u00e9es le soir de la Saint-Sylvestre, n\u2019avaient pas \u00e9maill\u00e9 la soir\u00e9e du r\u00e9veillon dans la cit\u00e9 phoc\u00e9enne.<\/p>\n<p>Transport\u00e9 dans un \u00e9tat grave<\/p>\n<p>Il a fallu attendre les alentours de 21 heures, pour qu\u2019une violente agression \u00e0 l\u2019arme blanche vienne g\u00e2cher le r\u00e9veillon du Nouvel An. Un homme d\u2019une trentaine d\u2019ann\u00e9es a \u00e9t\u00e9 transport\u00e9 en urgence \u00e0 l\u2019h\u00f4pital apr\u00e8s avoir \u00e9t\u00e9 bless\u00e9 \u00e0 l\u2019arme blanche rue Longue des Capucins, entre les quartiers de <a href=\"https:\/\/www.laprovence.com\/article\/faits-divers-justice\/42108798095908\/fermetures-de-snacks-en-serie-quartier-belsunce-a-marseille-vous-permettez-que-maman-finisse-de-manger\" target=\"_blank\" rel=\"noopener\">Belsunce<\/a> et <a href=\"https:\/\/www.laprovence.com\/article\/societe\/75948546059746\/pave-apres-pave-le-noailles-demain-se-dessine-a-marseille\" target=\"_blank\" rel=\"noopener\">Noailles<\/a>, avant de succomber \u00e0 ses blessures sur la table d&rsquo;op\u00e9ration.<\/p>\n<p>Il \u00e9tait 21\u00a0h\u00a015, lorsque les marins-pompiers se sont transport\u00e9s dans le 1er arrondissement pour porter secours \u00e0 la victime qui aurait \u00e9t\u00e9 attaqu\u00e9e par plusieurs individus.<\/p>\n<p>Bless\u00e9 \u00e0 l\u2019abdomen<\/p>\n<p>D\u00e9couvert inconscient par les secours, il a re\u00e7u les premiers soins sur place avant d\u2019\u00eatre hospitalis\u00e9 avec un pronostic vital engag\u00e9 pour une plaie inqui\u00e9tante \u00e0 l\u2019abdomen. En d\u00e9pit des efforts des \u00e9quipes m\u00e9dicales de la Timone pour sauver leur patient, il est d\u00e9c\u00e9d\u00e9 moins de 2 heures plus tard.<\/p>\n<p>Les auteurs pr\u00e9sum\u00e9s sont en fuite. Apr\u00e8s les premi\u00e8res constatations effectu\u00e9es sur place par les agents de police technique et scientifique, l\u2019enqu\u00eate est d\u00e9sormais entre les mains du SLPJ (service local de police judiciaire) de la <a href=\"https:\/\/www.laprovence.com\/article\/faits-divers-justice\/53955620801551\/info-la-provence-un-policier-marseillais-condamne-pour-avoir-renseigne-un-narcotrafiquant\" target=\"_blank\" rel=\"noopener\">division Centre<\/a>.<\/p>\n","protected":false},"excerpt":{"rendered":"Transport\u00e9 dans un \u00e9tat grave dans un h\u00f4pital marseillais, un homme a succomb\u00e9 \u00e0 ses blessures ce mercredi&hellip;\n","protected":false},"author":2,"featured_media":633190,"comment_status":"","ping_status":"","sticky":false,"template":"","format":"standard","meta":{"footnotes":""},"categories":[2814],"tags":[17,1111,11,8386,1102,11898,1777,674,274,1011,27,4933,1859,884,12,10542,882,25,69048,5911],"class_list":{"0":"post-633189","1":"post","2":"type-post","3":"status-publish","4":"format-standard","5":"has-post-thumbnail","7":"category-marseille","8":"tag-17","9":"tag-actu","10":"tag-actualites","11":"tag-blanche","12":"tag-breakingnews","13":"tag-centre-ville","14":"tag-eu","15":"tag-europe","16":"tag-faits-divers-justice","17":"tag-fr","18":"tag-france","19":"tag-homme","20":"tag-larme","21":"tag-marseille","22":"tag-news","23":"tag-nouvel","24":"tag-provence-alpes-cote-dazur","25":"tag-republique-francaise","26":"tag-reveillon","27":"tag-tue"},"share_on_mastodon":{"url":"https:\/\/pubeurope.com\/@fr\/115817011269162112","error":""},"_links":{"self":[{"href":"https:\/\/www.europesays.com\/fr\/wp-json\/wp\/v2\/posts\/633189","targetHints":{"allow":["GET"]}}],"collection":[{"href":"https:\/\/www.europesays.com\/fr\/wp-json\/wp\/v2\/posts"}],"about":[{"href":"https:\/\/www.europesays.com\/fr\/wp-json\/wp\/v2\/types\/post"}],"author":[{"embeddable":true,"href":"https:\/\/www.europesays.com\/fr\/wp-json\/wp\/v2\/users\/2"}],"replies":[{"embeddable":true,"href":"https:\/\/www.europesays.com\/fr\/wp-json\/wp\/v2\/comments?post=633189"}],"version-history":[{"count":0,"href":"https:\/\/www.europesays.com\/fr\/wp-json\/wp\/v2\/posts\/633189\/revisions"}],"wp:featuredmedia":[{"embeddable":true,"href":"https:\/\/www.europesays.com\/fr\/wp-json\/wp\/v2\/media\/633190"}],"wp:attachment":[{"href":"https:\/\/www.europesays.com\/fr\/wp-json\/wp\/v2\/media?parent=633189"}],"wp:term":[{"taxonomy":"category","embeddable":true,"href":"https:\/\/www.europesays.com\/fr\/wp-json\/wp\/v2\/categories?post=633189"},{"taxonomy":"post_tag","embeddable":true,"href":"https:\/\/www.europesays.com\/fr\/wp-json\/wp\/v2\/tags?post=633189"}],"curies":[{"name":"wp","href":"https:\/\/api.w.org\/{rel}","templated":true}]}}