{"id":633193,"date":"2026-01-01T00:29:10","date_gmt":"2026-01-01T00:29:10","guid":{"rendered":"https:\/\/www.europesays.com\/fr\/633193\/"},"modified":"2026-01-01T00:29:10","modified_gmt":"2026-01-01T00:29:10","slug":"lyon-la-police-fait-des-saisies-exceptionnelles-dans-ces-commerces-juste-avant-le-nouvel-an","status":"publish","type":"post","link":"https:\/\/www.europesays.com\/fr\/633193\/","title":{"rendered":"Lyon. La police fait des saisies exceptionnelles dans ces commerces juste avant le Nouvel An"},"content":{"rendered":"<p>                    Par<br \/>\n        <strong><br \/>\n            <a href=\"https:\/\/actu.fr\/auteur\/anthony-soudani\" title=\"Consulter tous les articles de Anthony Soudani\" target=\"_blank\" rel=\"noopener\">Anthony Soudani<\/a><br \/>\n                    <\/strong><\/p>\n<p>        Publi\u00e9 le<\/p>\n<p>            31 d\u00e9c. 2025 \u00e0 17h57        <\/p>\n<p>La direction interd\u00e9partementale de la police nationale du Rh\u00f4ne indique \u00e0 notre r\u00e9daction qu\u2019une <strong>grosse saisie <\/strong>d\u2019engins pyrotechniques a \u00e9t\u00e9 r\u00e9alis\u00e9e par leurs services dans un commerce de <a href=\"https:\/\/actu.fr\/lyon\/\" target=\"_blank\" rel=\"noopener\">Lyon<\/a>.\u00a0<\/p>\n<p class=\" wall-content\">L\u2019op\u00e9ration a \u00e9t\u00e9 conduite en d\u00e9but d\u2019apr\u00e8s-midi \u00e0 quelques heures du r\u00e9veillon du 31 d\u00e9cembre 2025, au niveau du cours Lafayette. Au total, <strong>478 engins pyrotechniques<\/strong> ont \u00e9t\u00e9 saisis dans le commerce. Une enqu\u00eate est ouverte.<\/p>\n<p>Une autre saisie \u00e9norme plus t\u00f4t \u00e0 la Guilloti\u00e8re<\/p>\n<p class=\" wall-content\">Cela fait suite \u00e0 une premi\u00e8re saisie r\u00e9alis\u00e9e plus t\u00f4t dans la journ\u00e9e, comme le relaient nos confr\u00e8res du <a href=\"https:\/\/www.leprogres.fr\/faits-divers-justice\/2025\/12\/31\/a-la-guillotiere-50-kilos-de-feux-d-artifice-saisis-dans-un-commerce-quelques-heures-avant-le-reveillon\" target=\"_blank\" rel=\"noopener\">Progr\u00e8s<\/a>.<\/p>\n<p class=\" wall-content\">Pas moins de 50 kilos de feux d\u2019artifice de type F2 et F3, destin\u00e9s au grand public pour un usage ext\u00e9rieur, ont \u00e9t\u00e9 retrouv\u00e9s vers 11 heures dans un magasin de la place Gabriel-P\u00e9ri, au coeur du quartier de La Guilloti\u00e8re (Lyon 7e).\u00a0<\/p>\n<p class=\" wall-content\">Une deuxi\u00e8me enqu\u00eate a \u00e9t\u00e9 ouverte, nous confirme la police nationale.<\/p>\n<p class=\" wall-content\">Pour rappel, la <a href=\"https:\/\/actu.fr\/auvergne-rhone-alpes\/lyon_69123\/narcotrafic-a-lyon-on-met-un-coup-de-pied-dans-la-foumiliere-la-prefete-devoile-son-bilan_63633680.html\" target=\"_blank\" rel=\"noopener\">pr\u00e9f\u00e8te du Rh\u00f4ne<\/a> a interdit depuis mardi 30 d\u00e9cembre et jusqu\u2019au 3 janvier, l\u2019achat, la vente, la d\u00e9tention, le transport et l\u2019usage d\u2019articles pyrotechniques par des particuliers, sur la voie publique<\/p>\n<p class=\" wall-content\">Personnalisez votre actualit\u00e9 en ajoutant vos villes et m\u00e9dias en favori avec <a href=\"https:\/\/moncompte.actu.fr\" title=\"D\u00e9couvez Mon Actu\" rel=\"nofollow noopener\" data-trk=\"{&quot;cta&quot;:{&quot;action&quot;:&quot;https:\\\/\\\/moncompte.actu.fr&quot;,&quot;category&quot;:&quot;mon compte&quot;,&quot;from&quot;:&quot;article footer&quot;,&quot;name&quot;:&quot;Mon actu&quot;,&quot;type&quot;:&quot;cta&quot;}}\" target=\"_blank\">Mon Actu<\/a>.<\/p>\n","protected":false},"excerpt":{"rendered":"Par Anthony Soudani Publi\u00e9 le 31 d\u00e9c. 2025 \u00e0 17h57 La direction interd\u00e9partementale de la police nationale du&hellip;\n","protected":false},"author":2,"featured_media":633194,"comment_status":"","ping_status":"","sticky":false,"template":"","format":"standard","meta":{"footnotes":""},"categories":[1889],"tags":[1111,11,2430,215,1777,674,118,1011,27,2428,12,1072,25],"class_list":{"0":"post-633193","1":"post","2":"type-post","3":"status-publish","4":"format-standard","5":"has-post-thumbnail","7":"category-lyon","8":"tag-actu","9":"tag-actualites","10":"tag-auvergne-rhone-alpes","11":"tag-commerce","12":"tag-eu","13":"tag-europe","14":"tag-faits-divers","15":"tag-fr","16":"tag-france","17":"tag-lyon","18":"tag-news","19":"tag-police","20":"tag-republique-francaise"},"share_on_mastodon":{"url":"https:\/\/pubeurope.com\/@fr\/115817019054782763","error":""},"_links":{"self":[{"href":"https:\/\/www.europesays.com\/fr\/wp-json\/wp\/v2\/posts\/633193","targetHints":{"allow":["GET"]}}],"collection":[{"href":"https:\/\/www.europesays.com\/fr\/wp-json\/wp\/v2\/posts"}],"about":[{"href":"https:\/\/www.europesays.com\/fr\/wp-json\/wp\/v2\/types\/post"}],"author":[{"embeddable":true,"href":"https:\/\/www.europesays.com\/fr\/wp-json\/wp\/v2\/users\/2"}],"replies":[{"embeddable":true,"href":"https:\/\/www.europesays.com\/fr\/wp-json\/wp\/v2\/comments?post=633193"}],"version-history":[{"count":0,"href":"https:\/\/www.europesays.com\/fr\/wp-json\/wp\/v2\/posts\/633193\/revisions"}],"wp:featuredmedia":[{"embeddable":true,"href":"https:\/\/www.europesays.com\/fr\/wp-json\/wp\/v2\/media\/633194"}],"wp:attachment":[{"href":"https:\/\/www.europesays.com\/fr\/wp-json\/wp\/v2\/media?parent=633193"}],"wp:term":[{"taxonomy":"category","embeddable":true,"href":"https:\/\/www.europesays.com\/fr\/wp-json\/wp\/v2\/categories?post=633193"},{"taxonomy":"post_tag","embeddable":true,"href":"https:\/\/www.europesays.com\/fr\/wp-json\/wp\/v2\/tags?post=633193"}],"curies":[{"name":"wp","href":"https:\/\/api.w.org\/{rel}","templated":true}]}}