{"id":633195,"date":"2026-01-01T00:30:17","date_gmt":"2026-01-01T00:30:17","guid":{"rendered":"https:\/\/www.europesays.com\/fr\/633195\/"},"modified":"2026-01-01T00:30:17","modified_gmt":"2026-01-01T00:30:17","slug":"cette-ville-reserve-une-surprise-inattendue","status":"publish","type":"post","link":"https:\/\/www.europesays.com\/fr\/633195\/","title":{"rendered":"cette ville r\u00e9serve une surprise inattendue"},"content":{"rendered":"<p>Souvent \u00e9clips\u00e9e par le rayonnement de Lyon, une autre ville de la r\u00e9gion m\u00e9rite pourtant toute votre attention. Longtemps r\u00e9duite \u00e0 son image industrielle, elle \u00e9tonne aujourd\u2019hui par sa cr\u00e9ativit\u00e9, son patrimoine et sa nature. Pr\u00e9parez-vous \u00e0 une d\u00e9couverte qui pourrait bien changer votre perception de Saint-\u00c9tienne.<\/p>\n<p>Une histoire industrielle profond\u00e9ment vivante<\/p>\n<p>Saint-\u00c9tienne garde les traces d\u2019un pass\u00e9 industriel dense, mais elle ne s\u2019y enferme pas. Loin d\u2019\u00eatre fig\u00e9e, elle sublime ce patrimoine unique. Ancien centre de la m\u00e9tallurgie et de la fabrication d\u2019armes, elle h\u00e9berge d\u00e9sormais des lieux de m\u00e9moire fascinants comme le <strong>mus\u00e9e de la Mine<\/strong>.<\/p>\n<p>Lors de la visite, vous descendez \u00e0 plus de <strong>400 m\u00e8tres sous terre<\/strong> pour d\u00e9couvrir la r\u00e9alit\u00e9 d\u2019anciens mineurs. Ce parcours immersif, men\u00e9 par d\u2019anciens salari\u00e9s des galeries, donne un v\u00e9ritable visage humain \u00e0 l\u2019histoire \u00e9conomique de toute une r\u00e9gion.<\/p>\n<p>Mais la ville ne s\u2019arr\u00eate pas l\u00e0. L\u2019ancienne <strong>Manufacture d\u2019armes<\/strong> s\u2019est m\u00e9tamorphos\u00e9e en <strong>Cit\u00e9 du design<\/strong>. \u00c0 travers des expositions et des ateliers innovants, elle montre comment Saint-\u00c9tienne m\u00eale h\u00e9ritage et avenir avec un rare \u00e9quilibre.<\/p>\n<p>Une capitale culturelle qui surprend<\/p>\n<p>Peu de visiteurs le savent : Saint-\u00c9tienne abrite la <strong>deuxi\u00e8me collection d\u2019art moderne de France<\/strong>, juste apr\u00e8s Paris. Son <strong>mus\u00e9e d\u2019Art moderne et contemporain<\/strong> impressionne par sa collection exceptionnelle, incluant Picasso, L\u00e9ger et Warhol.<\/p>\n<p>La ville vit \u00e9galement au rythme du design. Tous les deux ans, la <strong>Biennale internationale du design<\/strong> investit les rues, tissant un r\u00e9seau temporaire d\u2019installations originales qui interrogent notre quotidien.<\/p>\n<p>Et pour prolonger l\u2019exp\u00e9rience, une balade dans le <strong>quartier Jacquard<\/strong> s\u2019impose. L\u00e0, les anciennes usines textiles accueillent des <strong>galeries, ateliers d\u2019artistes<\/strong> et <strong>espaces de coworking<\/strong>. Les murs sont couverts de fresques color\u00e9es sign\u00e9es par des artistes de rue du monde entier. Cet ensemble compose une ambiance cr\u00e9ative rare en France.<\/p>\n<p>Des paysages naturels \u00e0 deux pas de la ville<\/p>\n<p>Derri\u00e8re son aspect urbain, Saint-\u00c9tienne cache un cadre naturel remarquable. En moins de 30 minutes, vous \u00eates dans le <strong>parc naturel r\u00e9gional du Pilat<\/strong>. L\u00e0-bas, au sommet du <strong>cr\u00eat de la Perdrix<\/strong>, ce sont des vues imprenables sur les monts d\u2019Auvergne qui vous attendent.<\/p>\n<p>Mais ce n\u2019est pas tout. \u00c0 proximit\u00e9, les <strong>gorges de la Loire<\/strong> offrent une parenth\u00e8se sauvage. En cano\u00eb, vous descendez le fleuve entre falaises et for\u00eats, au milieu d\u2019une faune vari\u00e9e : aigles survolant les eaux, h\u00e9rons immobiles en bordure. Ce contraste avec l\u2019image industrielle de la ville est saisissant.<\/p>\n<p>Une gastronomie de terroir \u00e0 d\u00e9couvrir<\/p>\n<p>Saint-\u00c9tienne, c\u2019est aussi le go\u00fbt des choses simples et r\u00e9confortantes. Dans un bouchon local, commandez une <strong>r\u00e2p\u00e9e st\u00e9phanoise<\/strong> : galette de pommes de terre croustillante, servie avec du fromage fondu. Un vrai d\u00e9lice rustique.<\/p>\n<p>Les <strong>march\u00e9s<\/strong> de la ville sont riches en sp\u00e9cialit\u00e9s du <strong>Forez<\/strong> : fromages affin\u00e9s, <strong>charcuteries artisanales<\/strong>, <strong>lentilles vertes du Puy<\/strong>, vins des <strong>coteaux for\u00e9ziens<\/strong>. Ici, les producteurs prennent le temps de discuter, de conseiller, parfois m\u00eame de partager une recette de famille.<\/p>\n<p>Un vrai potentiel trop souvent ignor\u00e9<\/p>\n<p>Saint-\u00c9tienne ne cherche pas \u00e0 rivaliser frontalement avec Lyon. Elle trace sa propre voie. Moins touristique, plus discr\u00e8te, mais d\u2019une authenticit\u00e9 frappante. Elle propose une immersion rare : entre patrimoine industriel repens\u00e9, art contemporain vivant et nature accessible en quelques minutes.<\/p>\n<p>Si vous pensez conna\u00eetre la r\u00e9gion, cette ville pourrait bien vous prouver le contraire. Car sous ses airs modestes, elle cache une <strong>identit\u00e9 forte et des tr\u00e9sors inattendus<\/strong>.<\/p>\n","protected":false},"excerpt":{"rendered":"Souvent \u00e9clips\u00e9e par le rayonnement de Lyon, une autre ville de la r\u00e9gion m\u00e9rite pourtant toute votre attention.&hellip;\n","protected":false},"author":2,"featured_media":633196,"comment_status":"","ping_status":"","sticky":false,"template":"","format":"standard","meta":{"footnotes":""},"categories":[1889],"tags":[1111,11,2430,1777,674,1011,27,2428,12,25],"class_list":{"0":"post-633195","1":"post","2":"type-post","3":"status-publish","4":"format-standard","5":"has-post-thumbnail","7":"category-lyon","8":"tag-actu","9":"tag-actualites","10":"tag-auvergne-rhone-alpes","11":"tag-eu","12":"tag-europe","13":"tag-fr","14":"tag-france","15":"tag-lyon","16":"tag-news","17":"tag-republique-francaise"},"share_on_mastodon":{"url":"https:\/\/pubeurope.com\/@fr\/115817022914753226","error":""},"_links":{"self":[{"href":"https:\/\/www.europesays.com\/fr\/wp-json\/wp\/v2\/posts\/633195","targetHints":{"allow":["GET"]}}],"collection":[{"href":"https:\/\/www.europesays.com\/fr\/wp-json\/wp\/v2\/posts"}],"about":[{"href":"https:\/\/www.europesays.com\/fr\/wp-json\/wp\/v2\/types\/post"}],"author":[{"embeddable":true,"href":"https:\/\/www.europesays.com\/fr\/wp-json\/wp\/v2\/users\/2"}],"replies":[{"embeddable":true,"href":"https:\/\/www.europesays.com\/fr\/wp-json\/wp\/v2\/comments?post=633195"}],"version-history":[{"count":0,"href":"https:\/\/www.europesays.com\/fr\/wp-json\/wp\/v2\/posts\/633195\/revisions"}],"wp:featuredmedia":[{"embeddable":true,"href":"https:\/\/www.europesays.com\/fr\/wp-json\/wp\/v2\/media\/633196"}],"wp:attachment":[{"href":"https:\/\/www.europesays.com\/fr\/wp-json\/wp\/v2\/media?parent=633195"}],"wp:term":[{"taxonomy":"category","embeddable":true,"href":"https:\/\/www.europesays.com\/fr\/wp-json\/wp\/v2\/categories?post=633195"},{"taxonomy":"post_tag","embeddable":true,"href":"https:\/\/www.europesays.com\/fr\/wp-json\/wp\/v2\/tags?post=633195"}],"curies":[{"name":"wp","href":"https:\/\/api.w.org\/{rel}","templated":true}]}}