{"id":633199,"date":"2026-01-01T00:33:09","date_gmt":"2026-01-01T00:33:09","guid":{"rendered":"https:\/\/www.europesays.com\/fr\/633199\/"},"modified":"2026-01-01T00:33:09","modified_gmt":"2026-01-01T00:33:09","slug":"suspecte-davoir-sequestre-et-viole-sa-voisine-un-homme-de-67-ans-interpelle","status":"publish","type":"post","link":"https:\/\/www.europesays.com\/fr\/633199\/","title":{"rendered":"suspect\u00e9 d&rsquo;avoir s\u00e9questr\u00e9 et viol\u00e9 sa voisine, un homme de 67 ans interpell\u00e9"},"content":{"rendered":"<p>                    Par<br \/>\n        <strong><br \/>\n            <a href=\"https:\/\/actu.fr\/auteur\/antoine-blanchet\" title=\"Consulter tous les articles de Antoine Blanchet\" target=\"_blank\" rel=\"noopener\">Antoine Blanchet<\/a><br \/>\n                    <\/strong><\/p>\n<p>        Publi\u00e9 le<\/p>\n<p>            31 d\u00e9c. 2025 \u00e0 17h27        <\/p>\n<p>Une affaire sordide aux contours encore flous. Mardi 30 d\u00e9cembre 2025, un homme de 67 ans a \u00e9t\u00e9 interpell\u00e9 pour avoir <strong>s\u00e9questr\u00e9 et viol\u00e9 sa voisine<\/strong> dans son appartement \u00e0 <a href=\"https:\/\/actu.fr\/paris\/\" target=\"_blank\" rel=\"noopener\">Paris<\/a>, nous indiquent des sources concordantes. Une enqu\u00eate est en cours.<\/p>\n<p>La victime bless\u00e9e au cr\u00e2ne<\/p>\n<p class=\" wall-content\">C\u2019est une amie de la victime qui a contact\u00e9 les <a href=\"https:\/\/actu.fr\/tag\/brigade-de-sapeurs-pompiers-de-paris\" target=\"_blank\" rel=\"noopener\">pompiers <\/a>vers 20 heures, car elle n\u2019avait plus de nouvelles de cette derni\u00e8re depuis un peu plus d\u2019une journ\u00e9e. Se rendant sur place, les policiers se sont rendus au domicile de la disparue, situ\u00e9 dans le 14e arrondissement de la capitale.<\/p>\n<p class=\" wall-content\">Sur place, la jeune femme est pr\u00e9sente dans un \u00e9tat d\u2019\u00e9bri\u00e9t\u00e9 avanc\u00e9. Sur son cr\u00e2ne, un <strong>h\u00e9matome important<\/strong>. Aux policiers, elle affirme avoir \u00e9t\u00e9 s\u00e9questr\u00e9e plusieurs jours par un voisin <a href=\"https:\/\/actu.fr\/tag\/violences-sexuelles\" target=\"_blank\" rel=\"noopener\">qui l\u2019aurait viol\u00e9e<\/a>. Ce dernier l\u2019aurait \u00e9galement bless\u00e9e. Le voisin a \u00e9t\u00e9 interpell\u00e9 dans la foul\u00e9e, pr\u00e9cise le parquet. Une enqu\u00eate est en cours. Les investigations ont \u00e9t\u00e9 confi\u00e9es au commissariat du 14e arrondissement. La victime n\u2019a pas encore pu \u00eatre entendue.<\/p>\n<p class=\" wall-content\">Personnalisez votre actualit\u00e9 en ajoutant vos villes et m\u00e9dias en favori avec <a href=\"https:\/\/moncompte.actu.fr\" title=\"D\u00e9couvez Mon Actu\" rel=\"nofollow noopener\" data-trk=\"{&quot;cta&quot;:{&quot;action&quot;:&quot;https:\\\/\\\/moncompte.actu.fr&quot;,&quot;category&quot;:&quot;mon compte&quot;,&quot;from&quot;:&quot;article footer&quot;,&quot;name&quot;:&quot;Mon actu&quot;,&quot;type&quot;:&quot;cta&quot;}}\" target=\"_blank\">Mon Actu<\/a>.<\/p>\n","protected":false},"excerpt":{"rendered":"Par Antoine Blanchet Publi\u00e9 le 31 d\u00e9c. 2025 \u00e0 17h27 Une affaire sordide aux contours encore flous. Mardi&hellip;\n","protected":false},"author":2,"featured_media":633200,"comment_status":"","ping_status":"","sticky":false,"template":"","format":"standard","meta":{"footnotes":""},"categories":[1888],"tags":[1111,1928,11,1927,1777,674,118,1011,27,12,1926,626,1925,1072,25,799],"class_list":{"0":"post-633199","1":"post","2":"type-post","3":"status-publish","4":"format-standard","5":"has-post-thumbnail","7":"category-paris","8":"tag-actu","9":"tag-actu-paris","10":"tag-actualites","11":"tag-actualites-paris","12":"tag-eu","13":"tag-europe","14":"tag-faits-divers","15":"tag-fr","16":"tag-france","17":"tag-news","18":"tag-news-paris","19":"tag-paris","20":"tag-paris-news","21":"tag-police","22":"tag-republique-francaise","23":"tag-violences-sexuelles"},"share_on_mastodon":{"url":"https:\/\/pubeurope.com\/@fr\/115817034817106874","error":""},"_links":{"self":[{"href":"https:\/\/www.europesays.com\/fr\/wp-json\/wp\/v2\/posts\/633199","targetHints":{"allow":["GET"]}}],"collection":[{"href":"https:\/\/www.europesays.com\/fr\/wp-json\/wp\/v2\/posts"}],"about":[{"href":"https:\/\/www.europesays.com\/fr\/wp-json\/wp\/v2\/types\/post"}],"author":[{"embeddable":true,"href":"https:\/\/www.europesays.com\/fr\/wp-json\/wp\/v2\/users\/2"}],"replies":[{"embeddable":true,"href":"https:\/\/www.europesays.com\/fr\/wp-json\/wp\/v2\/comments?post=633199"}],"version-history":[{"count":0,"href":"https:\/\/www.europesays.com\/fr\/wp-json\/wp\/v2\/posts\/633199\/revisions"}],"wp:featuredmedia":[{"embeddable":true,"href":"https:\/\/www.europesays.com\/fr\/wp-json\/wp\/v2\/media\/633200"}],"wp:attachment":[{"href":"https:\/\/www.europesays.com\/fr\/wp-json\/wp\/v2\/media?parent=633199"}],"wp:term":[{"taxonomy":"category","embeddable":true,"href":"https:\/\/www.europesays.com\/fr\/wp-json\/wp\/v2\/categories?post=633199"},{"taxonomy":"post_tag","embeddable":true,"href":"https:\/\/www.europesays.com\/fr\/wp-json\/wp\/v2\/tags?post=633199"}],"curies":[{"name":"wp","href":"https:\/\/api.w.org\/{rel}","templated":true}]}}