{"id":63320,"date":"2025-04-30T02:54:08","date_gmt":"2025-04-30T02:54:08","guid":{"rendered":"https:\/\/www.europesays.com\/fr\/63320\/"},"modified":"2025-04-30T02:54:08","modified_gmt":"2025-04-30T02:54:08","slug":"leloquente-proposition-de-frederic-lopez-a-la-comedienne","status":"publish","type":"post","link":"https:\/\/www.europesays.com\/fr\/63320\/","title":{"rendered":"l\u2019\u00e9loquente proposition de Fr\u00e9d\u00e9ric Lopez \u00e0 la com\u00e9dienne"},"content":{"rendered":"<p>                             Par     <a class=\"fig-content-metas__author\" href=\"https:\/\/www.lefigaro.fr\/auteur\/mathilde-seifert\" rel=\"author noopener\" target=\"_blank\">Mathilde Seifert<\/a><\/p>\n<p>\n            Publi\u00e9<br \/>\n                le 29 avril 2025 \u00e0 21h58,<br \/>\n                 mis \u00e0 jour le 29 avril 2025 \u00e0 22h06<\/p>\n<p>    Fr\u00e9d\u00e9ric Lopez et Laure Calamy<br \/>\n                Capture d&rsquo;\u00e9cran<\/p>\n<p>L\u2019animateur de \u00abRendez-vous en terre inconnue\u00bb f\u00eate les 20 ans de son \u00e9mission. Invit\u00e9 dans \u00abC \u00e0 vous\u00bb, il s\u2019est attel\u00e9 \u00e0 parfaire le casting des prochains num\u00e9ros.<\/p>\n<p class=\"fig-paragraph\"><a href=\"http:\/\/tvmag.lefigaro.fr\/programme-tv\/actu-tele\/son-enfance-son-besoin-de-donner-de-l-espoir-son-dimanche-ideal-les-confidences-de-frederic-lopez-20241121\" target=\"_blank\" data-fig-type=\"Article\" rel=\"noopener\" data-gtm-custom-categorie=\"navigation\" data-gtm-custom-action=\"crossclick\" data-gtm-custom-label=\"Contextuel\" data-gtm-event=\"customEventSPE\" data-fig-domain=\"TVMAG\"><strong>Fr\u00e9d\u00e9ric Lopez<\/strong><\/a> \u00a0pr\u00e9pare d\u2019ores et d\u00e9j\u00e0 la rel\u00e8ve. \u00abRendez-vous en terre inconnue\u00bb c\u00e9l\u00e8bre ce mardi ses 20 ans et pour l\u2019occasion l\u2019animateur est reparti une derni\u00e8re fois \u00e0 l\u2019aventure en la compagnie de\u00a0<a href=\"http:\/\/tvmag.lefigaro.fr\/programme-tv\/actu-tele\/avec-tout-ce-qu-il-s-est-passe-une-premiere-interview-tele-dans-la-douleur-pour-kendji-girac-apres-l-accident-20241007\" target=\"_blank\" data-fig-type=\"Article\" rel=\"noopener\" data-gtm-custom-categorie=\"navigation\" data-gtm-custom-action=\"crossclick\" data-gtm-custom-label=\"Contextuel\" data-gtm-event=\"customEventSPE\" data-fig-domain=\"TVMAG\">Kendji Girac<\/a>. L\u2019initiateur de ce programme fou \u00e9tait l\u2019invit\u00e9 de \u00abC \u00e0 vous\u00bb aux c\u00f4t\u00e9s du chanteur. \u00c9tait \u00e9galement pr\u00e9sente\u00a0<a href=\"http:\/\/tvmag.lefigaro.fr\/programme-tv\/actu-tele\/veux-tu-etre-le-nouveau-visage-de-rendez-vous-en-terre-inconnue-frederic-lopez-devoile-sa-demande-a-laury-thilleman-20240904\" target=\"_blank\" data-fig-type=\"Article\" rel=\"noopener\" data-gtm-custom-categorie=\"navigation\" data-gtm-custom-action=\"crossclick\" data-gtm-custom-label=\"Contextuel\" data-gtm-event=\"customEventSPE\" data-fig-domain=\"TVMAG\">Laury Thilemann<\/a>, sa successeure \u00e0 la pr\u00e9sentation.<\/p>\n<p class=\"fig-paragraph\">La joyeuse bande a rejoint\u00a0<a href=\"http:\/\/tvmag.lefigaro.fr\/programme-tv\/actu-tele\/laure-calamy-dans-la-peau-de-la-mythomane-du-bataclan-pour-hbo-20230406\" target=\"_blank\" data-fig-type=\"Article\" rel=\"noopener\" data-gtm-custom-categorie=\"navigation\" data-gtm-custom-action=\"crossclick\" data-gtm-custom-label=\"Contextuel\" data-gtm-event=\"customEventSPE\" data-fig-domain=\"TVMAG\">Laure Calamy<\/a>, d\u00e9j\u00e0 en plateau. Et d\u2019entr\u00e9e, Fr\u00e9d\u00e9ric Lopez a amorc\u00e9 une op\u00e9ration de s\u00e9duction \u00e0 destination de la com\u00e9dienne. Alors qu\u2019il \u00e9voquait les peurs r\u00e9currentes des invit\u00e9s li\u00e9es au concept de l\u2019\u00e9mission, l\u2019animateur et producteur a lanc\u00e9, tout sourire\u00a0: \u00abJ\u2019esp\u00e8re un jour que Laure va partir alors je fais attention \u00e0 ce que je dis.\u00bb Une remarque qui a fait rire les chroniqueurs en plateau tandis qu\u2019Anne-Elisabeth Lemoine questionnait\u00a0: \u00abC\u2019est un casting sauvage l\u00e0\u00a0?\u00bb<\/p>\n<p class=\"fig-body-link\">\n            \u00c0 lire aussi<br \/>\n        <a class=\"fig-body-link__link\" href=\"http:\/\/tvmag.lefigaro.fr\/programme-tv\/ce-soir-tele\/frederic-lopez-celebre-les-vingt-ans-de-rendez-vous-en-terre-inconnue-avec-kendji-girac-20250429\" target=\"_blank\" data-fig-type=\"Article\" rel=\"noopener\" data-gtm-custom-categorie=\"navigation\" data-gtm-custom-action=\"crossclick\" data-gtm-custom-label=\"Contextuel\" data-gtm-event=\"customEventSPE\" data-fig-domain=\"TVMAG\">Fr\u00e9d\u00e9ric Lopez c\u00e9l\u00e8bre les vingt ans de \u00ab\u00a0Rendez-vous en terre inconnue\u00a0\u00bb avec Kendji Girac<br \/>\n    <\/a>\n<\/p>\n<p>\u00a0\u00bb<br \/>\n        data-script=\u00a0\u00bbhttps:\/\/static.lefigaro.fr\/widget-video\/short-ttl\/video\/index.js\u00a0\u00bb<br \/>\n    &gt;<\/p>\n<p>\u00abJ\u2019adorerai mais&#8230;\u00bb<\/p>\n<p class=\"fig-paragraph\">Et Fr\u00e9d\u00e9ric Lopez ne s\u2019est pas arr\u00eat\u00e9 \u00e0 ce premier appel du pied. \u00abCe qui est rigolo c\u2019est que dans la vie on a plein de peurs. Et puis quand on les affronte, on se dit que c\u2019\u00e9tait que des peurs\u00bb, a-t-il d\u00e9clar\u00e9 innocemment. Aid\u00e9 par Anne-Elisabeth Lemoine, le journaliste est finalement parvenu \u00e0 obtenir une r\u00e9ponse de la principale int\u00e9ress\u00e9e. \u00abMoi j\u2019adore, mais c\u2019est plus la phobie des cam\u00e9ras. [&#8230;] Moi partir faire ce voyage je veux bien mais en tant que technicienne du son par exemple. Je veux bien percher un invit\u00e9. \u00c7a, j\u2019adorerai\u00bb, a-t-elle avou\u00e9, pleine d\u2019entrain.<\/p>\n<p class=\"fig-paragraph\">Une fois cette confidence faite, tous les autres invit\u00e9s se sont donn\u00e9 pour mission de convaincre Laure Calamy. \u00abIl n\u2019y a que l\u00e0-bas que l\u2019on peut vraiment l\u00e2cher prise, profiter de l\u2019instant. C\u2019est vraiment la bonne direction en tout cas, si jamais&#8230;\u00bb, a tent\u00e9 Kendji Girac en se tournant vers l\u2019actrice. Laury Thilemann s\u2019est alors mise \u00e0 mimer une canne \u00e0 p\u00eache en direction de l\u2019int\u00e9ress\u00e9e alors que Fr\u00e9d\u00e9ric Lopez a lanc\u00e9, sans filtre\u00a0: \u00abEst-ce qu\u2019on drague Laure Calamy\u00a0? La r\u00e9ponse est oui\u00a0!\u00bb \u00abEt ce n\u2019est pas du tout lourdo\u00bb, a soulign\u00e9 le chroniqueur Mohammed Bouhafsi alors que Kendji Girac a ajout\u00e9\u00a0: \u00ab\u00c7a peut faire peur mais c\u2019est une exp\u00e9rience qui est incroyable.\u00bb Malgr\u00e9 toutes ces tentatives, Fr\u00e9d\u00e9ric Lopez n\u2019est pas reparti avec un \u00aboui\u00bb ferme et d\u00e9finitif \u00e0 sa proposition.<\/p>\n<p>\u00a0\u00bb<br \/>\n        data-script=\u00a0\u00bbhttps:\/\/static.lefigaro.fr\/widget-video\/short-ttl\/video\/index.js\u00a0\u00bb<br \/>\n    &gt;<\/p>\n","protected":false},"excerpt":{"rendered":"Par Mathilde Seifert Publi\u00e9 le 29 avril 2025 \u00e0 21h58, mis \u00e0 jour le 29 avril 2025 \u00e0&hellip;\n","protected":false},"author":2,"featured_media":63321,"comment_status":"","ping_status":"","sticky":false,"template":"","format":"standard","meta":{"footnotes":""},"categories":[1359],"tags":[497,496,499,58,59,1011,27,9481,16180,500,504,505,495,973,503,502,501,498],"class_list":{"0":"post-63320","1":"post","2":"type-post","3":"status-publish","4":"format-standard","5":"has-post-thumbnail","7":"category-people","8":"tag-actu-tv","9":"tag-actualite-tv","10":"tag-buzz-tv","11":"tag-divertissement","12":"tag-entertainment","13":"tag-fr","14":"tag-france","15":"tag-frederic-lopez","16":"tag-laure-calamy","17":"tag-medias","18":"tag-news-tele","19":"tag-news-television","20":"tag-news-tv","21":"tag-people","22":"tag-programme-tele","23":"tag-programme-tv","24":"tag-quiz-tv","25":"tag-tv-actu"},"share_on_mastodon":{"url":"https:\/\/pubeurope.com\/@fr\/114424660807497028","error":""},"_links":{"self":[{"href":"https:\/\/www.europesays.com\/fr\/wp-json\/wp\/v2\/posts\/63320","targetHints":{"allow":["GET"]}}],"collection":[{"href":"https:\/\/www.europesays.com\/fr\/wp-json\/wp\/v2\/posts"}],"about":[{"href":"https:\/\/www.europesays.com\/fr\/wp-json\/wp\/v2\/types\/post"}],"author":[{"embeddable":true,"href":"https:\/\/www.europesays.com\/fr\/wp-json\/wp\/v2\/users\/2"}],"replies":[{"embeddable":true,"href":"https:\/\/www.europesays.com\/fr\/wp-json\/wp\/v2\/comments?post=63320"}],"version-history":[{"count":0,"href":"https:\/\/www.europesays.com\/fr\/wp-json\/wp\/v2\/posts\/63320\/revisions"}],"wp:featuredmedia":[{"embeddable":true,"href":"https:\/\/www.europesays.com\/fr\/wp-json\/wp\/v2\/media\/63321"}],"wp:attachment":[{"href":"https:\/\/www.europesays.com\/fr\/wp-json\/wp\/v2\/media?parent=63320"}],"wp:term":[{"taxonomy":"category","embeddable":true,"href":"https:\/\/www.europesays.com\/fr\/wp-json\/wp\/v2\/categories?post=63320"},{"taxonomy":"post_tag","embeddable":true,"href":"https:\/\/www.europesays.com\/fr\/wp-json\/wp\/v2\/tags?post=63320"}],"curies":[{"name":"wp","href":"https:\/\/api.w.org\/{rel}","templated":true}]}}