{"id":633203,"date":"2026-01-01T00:35:11","date_gmt":"2026-01-01T00:35:11","guid":{"rendered":"https:\/\/www.europesays.com\/fr\/633203\/"},"modified":"2026-01-01T00:35:11","modified_gmt":"2026-01-01T00:35:11","slug":"agression-au-couteau-dans-le-metro-a-paris-lauteur-presume-hospitalise-en-psychiatrie-une-information-judiciaire-ouverte","status":"publish","type":"post","link":"https:\/\/www.europesays.com\/fr\/633203\/","title":{"rendered":"Agression au couteau dans le m\u00e9tro \u00e0 Paris : l\u2019auteur pr\u00e9sum\u00e9 hospitalis\u00e9 en psychiatrie, une information judiciaire ouverte"},"content":{"rendered":"<p class=\"paragraph text_align_left lp-f-body-02\">L\u2019enqu\u00eate sur <a href=\"https:\/\/www.leparisien.fr\/faits-divers\/paris-trois-femmes-poignardees-dans-le-metro-par-un-homme-26-12-2025-6SINKZU5ZNDAJNV5OBXLQJIMWE.php\" target=\"_self\" rel=\"noopener\">les agressions au couteau commises par un homme de 25 ans vendredi dernier dans la ligne 3 du m\u00e9tro parisien<\/a> conna\u00eet une nouvelle avanc\u00e9e. Ce mercredi, le parquet de <a href=\"https:\/\/www.leparisien.fr\/paris-75\/\" target=\"_self\" rel=\"noopener\">Paris<\/a> fait savoir qu\u2019il a \u00ab ouvert une information judiciaire du chef de tentative d\u2019homicide, en r\u00e9cidive pour avoir d\u00e9j\u00e0 \u00e9t\u00e9 condamn\u00e9 pour un d\u00e9lit puni de 10 ans d\u2019emprisonnement \u00bb.<\/p>\n<p class=\"\">Des juges d\u2019instruction sont ainsi charg\u00e9s depuis ce jour d\u2019enqu\u00eater sur les agressions survenues dans le m\u00e9tro parisien vendredi. En milieu d\u2019apr\u00e8s-midi, trois femmes avait \u00e9t\u00e9 bless\u00e9es par cet homme aux stations R\u00e9publique, Arts et M\u00e9tiers et Op\u00e9ra. Le parquet pr\u00e9cise qu\u2019elles se sont vues reconna\u00eetre des incapacit\u00e9s totales de travail (ITT) de 2, 5 et 10 jours.<\/p>\n<p>La garde \u00e0 vue du mis en cause lev\u00e9e samedi<\/p>\n<p class=\"\">L\u2019auteur pr\u00e9sum\u00e9, un homme de 25 ans, avait pris la fuite apr\u00e8s les agressions avant d\u2019\u00eatre identifi\u00e9 puis interpell\u00e9 \u00e0 Sarcelles <a href=\"https:\/\/www.leparisien.fr\/val-d-oise-95\/\" target=\"_self\" rel=\"noopener\">(Val-d\u2019Oise)<\/a> vendredi en fin d\u2019apr\u00e8s-midi.<\/p>\n<p class=\"\"><a href=\"https:\/\/www.leparisien.fr\/paris-75\/la-garde-a-vue-de-lhomme-accuse-davoir-poignarde-trois-femmes-dans-le-metro-parisien-levee-pour-raison-psychiatrique-27-12-2025-ORIP5A3RBBHBBP756ISCAW3QFQ.php\" target=\"_self\" rel=\"noopener\">Sa garde \u00e0 vue a \u00e9t\u00e9 lev\u00e9e samedi<\/a>, \u00ab ayant \u00e9t\u00e9 consid\u00e9r\u00e9e comme incompatible avec son \u00e9tat de sant\u00e9 \u00bb, a pr\u00e9cis\u00e9 ce jour-l\u00e0 le parquet. Depuis, il a \u00e9t\u00e9 hospitalis\u00e9 en psychiatrie. <\/p>\n<p class=\"\">Initialement pr\u00e9sent\u00e9 comme un ressortissant malien ayant fait l\u2019objet d\u2019une obligation de quitter le territoire fran\u00e7ais (OQTF), <a href=\"https:\/\/www.leparisien.fr\/faits-divers\/femmes-poignardees-dans-le-metro-parisien-lagresseur-presente-sous-oqtf-etait-en-realite-francais-29-12-2025-RVLWG56VPBG6FBOPUVEOARCUZU.php\" target=\"_self\" rel=\"noopener\">il dispose en r\u00e9alit\u00e9 d\u2019un passeport fran\u00e7ais<\/a> mais n\u2019en a jamais fait \u00e9tat lors des diff\u00e9rentes proc\u00e9dures, selon le minist\u00e8re.<\/p>\n","protected":false},"excerpt":{"rendered":"L\u2019enqu\u00eate sur les agressions au couteau commises par un homme de 25 ans vendredi dernier dans la ligne&hellip;\n","protected":false},"author":2,"featured_media":633204,"comment_status":"","ping_status":"","sticky":false,"template":"","format":"standard","meta":{"footnotes":""},"categories":[1888],"tags":[11,1777,674,118,1011,27,1944,12,626,25],"class_list":{"0":"post-633203","1":"post","2":"type-post","3":"status-publish","4":"format-standard","5":"has-post-thumbnail","7":"category-paris","8":"tag-actualites","9":"tag-eu","10":"tag-europe","11":"tag-faits-divers","12":"tag-fr","13":"tag-france","14":"tag-ma-ville","15":"tag-news","16":"tag-paris","17":"tag-republique-francaise"},"share_on_mastodon":{"url":"https:\/\/pubeurope.com\/@fr\/115817042867116072","error":""},"_links":{"self":[{"href":"https:\/\/www.europesays.com\/fr\/wp-json\/wp\/v2\/posts\/633203","targetHints":{"allow":["GET"]}}],"collection":[{"href":"https:\/\/www.europesays.com\/fr\/wp-json\/wp\/v2\/posts"}],"about":[{"href":"https:\/\/www.europesays.com\/fr\/wp-json\/wp\/v2\/types\/post"}],"author":[{"embeddable":true,"href":"https:\/\/www.europesays.com\/fr\/wp-json\/wp\/v2\/users\/2"}],"replies":[{"embeddable":true,"href":"https:\/\/www.europesays.com\/fr\/wp-json\/wp\/v2\/comments?post=633203"}],"version-history":[{"count":0,"href":"https:\/\/www.europesays.com\/fr\/wp-json\/wp\/v2\/posts\/633203\/revisions"}],"wp:featuredmedia":[{"embeddable":true,"href":"https:\/\/www.europesays.com\/fr\/wp-json\/wp\/v2\/media\/633204"}],"wp:attachment":[{"href":"https:\/\/www.europesays.com\/fr\/wp-json\/wp\/v2\/media?parent=633203"}],"wp:term":[{"taxonomy":"category","embeddable":true,"href":"https:\/\/www.europesays.com\/fr\/wp-json\/wp\/v2\/categories?post=633203"},{"taxonomy":"post_tag","embeddable":true,"href":"https:\/\/www.europesays.com\/fr\/wp-json\/wp\/v2\/tags?post=633203"}],"curies":[{"name":"wp","href":"https:\/\/api.w.org\/{rel}","templated":true}]}}