{"id":633205,"date":"2026-01-01T00:36:17","date_gmt":"2026-01-01T00:36:17","guid":{"rendered":"https:\/\/www.europesays.com\/fr\/633205\/"},"modified":"2026-01-01T00:36:17","modified_gmt":"2026-01-01T00:36:17","slug":"nouvel-an-sur-les-champs-elysees-cest-magique-detre-ici","status":"publish","type":"post","link":"https:\/\/www.europesays.com\/fr\/633205\/","title":{"rendered":"Nouvel An sur les Champs-\u00c9lys\u00e9es\u00a0: \u00ab\u00a0C\u2019est magique d\u2019\u00eatre ici\u00a0\u00bb"},"content":{"rendered":"<p class=\"lp-f-subtitle-01\">Malgr\u00e9 l\u2019annulation du concert traditionnel, d\u00e9cid\u00e9e par la pr\u00e9fecture de police pour des raisons s\u00e9curitaires, la f\u00eate a bel et bien \u00e9t\u00e9 au rendez-vous sur la plus belle avenue du monde, pour f\u00eater la fin de l\u2019ann\u00e9e. Reportage.<\/p>\n<p class=\"\">Quelques ultimes secondes et\u2026 Minuit ! Le d\u00e9compte tant attendu vient d\u2019avoir lieu : au revoir <a href=\"https:\/\/www.leparisien.fr\/paris-75\/nouvel-an-aux-champs-elysees-paris-est-incroyable-la-capitale-a-brille-aux-yeux-du-monde-jusqua-la-derniere-minute-de-2024-01-01-2025-ROUQMUUF2RF5ZIHJK3H57DCMSU.php#:~:text=Paris-,Nouvel%20An%20sur%20les%20Champs%2D%C3%89lys%C3%A9es%20%3A%20%C2%AB%20Paris%20est%20incroyable,%C3%A0%20la%20fin%20de%202024&amp;text=Pour%20clore%20une%20ann%C3%A9e%20exceptionnelle,show%20rappelant%20ces%20jours%20heureux.\" target=\"_self\" rel=\"noopener\">2025<\/a>. \u00c7a y est, l\u2019ann\u00e9e 2026 vient de commencer, sous les lumi\u00e8res multicolores du feu d\u2019artifice spectaculaire, qui illumine le ciel parisien. Un peu partout sur la plus belle avenue du monde, des embrassades \u00e9mues, des sourires resplendissants et de nombreux selfies, qui tentent d\u2019immortaliser le moment. On se souhaite une bonne ann\u00e9e dans toutes les langues, au gr\u00e9 des diff\u00e9rentes nationalit\u00e9s.<\/p>\n<p class=\"\">Dans la foule, Louis et Ilona, tous deux \u00e2g\u00e9s 25 ans, assis sur le trottoir, profitent de leur r\u00e9veillon, en amoureux, en regardant la foule. C\u2019est lui qui l\u2019a emmen\u00e9 sur les Champs, pour cette soir\u00e9e. \u00ab Moi, je n\u2019avais aucune motivation pour venir ici, mais il m\u2019a dit que \u00e7a allait \u00eatre styl\u00e9, mais j\u2019ai eu surtout froid \u00bb, glisse la jeune femme, emmitoufl\u00e9e dans son \u00e9charpe. \u00ab \u00c7a fait cinq ans que j\u2019habite \u00e0 Paris et je n\u2019y \u00e9tais jamais all\u00e9e \u00bb, se justifie son compagnon dans un sourire.<\/p>\n<p>\u00ab C\u2019est s\u00fbr qu\u2019on aurait aim\u00e9 un concert \u00bb<\/p>\n<p class=\"\">Cette nuit, ils f\u00eatent aussi la fin de leur premi\u00e8re ann\u00e9e \u00ab d\u2019adulte \u00bb, comme ils l\u2019appellent. \u00ab Louis a sign\u00e9 son CDI, moi, j\u2019ai r\u00e9ussi mon concours de professeur des \u00e9coles. On paye notre loyer, on a m\u00eame pay\u00e9 des imp\u00f4ts pour la premi\u00e8re fois \u00bb, continue Ilona. Les deux ont \u00e9galement adopt\u00e9 un chien, Vannia, surnomm\u00e9 Doudou. Et pour l\u2019ann\u00e9e prochaine ? \u00ab C\u2019\u00e9tait une ann\u00e9e d\u2019accomplissement, maintenant, faut qu\u2019on appr\u00e9cie cette stabilit\u00e9. Et faut que j\u2019arr\u00eate de ronchonner, nous dit Ilona dans un sourire. Son copain se marre \u00e0 c\u00f4t\u00e9 : \u00ab C\u2019est vrai que tu bougonnes. \u00bb<\/p>\n<p><img decoding=\"async\" class=\"image \" loading=\"lazy\" src=\"https:\/\/www.europesays.com\/fr\/wp-content\/uploads\/2026\/01\/PZDYUQ7ICZHK3P77MYRHFCWIBY.jpg\" alt=\"Paris, France&#13;&#10;Mercredi 31 janvier 2025&#13;&#10;&#13;&#10;Nouvel an 2026 sur les Champs Elys\u00e9es \u00e0 Paris.&#13;&#10;LP\/Olivier Arandel\" align=\"\" data-rubrique-principale=\"\" data-article-type=\"\" fetchpriority=\"auto\"\/>Paris, France&#13;<br \/>\nMercredi 31 janvier 2025&#13;<br \/>\n&#13;<br \/>\nNouvel an 2026 sur les Champs Elys\u00e9es \u00e0 Paris.&#13;<br \/>\nLP\/Olivier Arandel <\/p>\n<p class=\"\">Malgr\u00e9 <a href=\"https:\/\/www.leparisien.fr\/paris-75\/reveillon-2026-a-paris-le-concert-des-champs-elysees-annule-pour-raisons-de-securite-02-12-2025-CC23S26WUZDCLAVWB5VO6ZECQA.php\" rel=\"noopener\" target=\"_blank\">l\u2019annulation du concert du r\u00e9veillon<\/a>, une d\u00e9cision qui avait <a href=\"https:\/\/www.leparisien.fr\/paris-75\/une-decision-grave-des-elus-denoncent-lannulation-du-concert-du-reveillon-sur-les-champs-elysees-a-paris-03-12-2025-W7JDT2VBNBBOBFYOAEC7TZZGCQ.php\" rel=\"noopener\" target=\"_blank\">suscit\u00e9 la col\u00e8re de plusieurs \u00e9lus<\/a>, la f\u00eate a bel et bien eu lieu sur les Champs-\u00c9lys\u00e9es. \u00ab Pour rien au monde je n\u2019aurais loup\u00e9 les Champs, je viens chaque ann\u00e9e \u00bb, d\u00e9clare Adsa, 46 ans, venue avec son fils et une amie. Bonnet, \u00e9charpe et doudoune longue, cette Parisienne est par\u00e9e contre le froid. \u00ab C\u2019est s\u00fbr qu\u2019on aurait aim\u00e9 avoir un concert, mais il y a toujours le feu d\u2019artifice \u00bb.<\/p>\n<p class=\"\">Pour rappel, d\u00e9but d\u00e9cembre, la pr\u00e9fecture de police avait demand\u00e9 \u00e0 la mairie de renoncer \u00e0 l\u2019\u00e9v\u00e9nement musical pour minimiser les risques li\u00e9s aux mouvements de foule. Mais de toute fa\u00e7on, de toute fa\u00e7on, Adsa est l\u00e0 pour \u00ab l\u2019ambiance \u00bb qui r\u00e8gne pour cette nuit si particuli\u00e8re. \u00ab Tous les touristes viennent l\u00e0 ce soir, on est quand m\u00eame dans la plus belle avenue du monde ! \u00bb<\/p>\n<p><img decoding=\"async\" class=\"image \" loading=\"lazy\" src=\"https:\/\/www.europesays.com\/fr\/wp-content\/uploads\/2026\/01\/NUTRUWSBQFFB3HB53IPKBBM4UI.jpg\" alt=\"Paris, France&#13;&#10;Mercredi 31 janvier 2025&#13;&#10;&#13;&#10;Nouvel an 2026 sur les Champs Elys\u00e9es \u00e0 Paris.&#13;&#10;LP\/Olivier Arandel\" align=\"\" data-rubrique-principale=\"\" data-article-type=\"\" fetchpriority=\"auto\"\/>Paris, France&#13;<br \/>\nMercredi 31 janvier 2025&#13;<br \/>\n&#13;<br \/>\nNouvel an 2026 sur les Champs Elys\u00e9es \u00e0 Paris.&#13;<br \/>\nLP\/Olivier Arandel <\/p>\n<p class=\"\">Son seul regret : la bouteille de Champomy, ramen\u00e9e pour les enfants a \u00e9t\u00e9 saisie \u00e0 l\u2019entr\u00e9e. Car des consignes strictes sont appliqu\u00e9es, notamment <a href=\"https:\/\/www.leparisien.fr\/paris-75\/nouvel-an-sur-les-champs-elysees-filtrage-alcool-interdit-un-dispositif-de-securite-renforce-23-12-2025-7JB5YOFNJNDT7IFVMT6GQPY3IY.php\" rel=\"noopener\" target=\"_blank\">l\u2019interdiction de vente d\u2019alcool aux alentours de l\u2019avenue<\/a> et impossible d\u2019entrer sur le site avec des bouteilles ou gourdes en verre. Et cette ann\u00e9e, le dispositif de s\u00e9curit\u00e9 a \u00e9t\u00e9 renforc\u00e9, avec 10 000 policiers et gendarmes mobilis\u00e9s \u00e0 Paris, contre 6 000 l\u2019an pass\u00e9.<\/p>\n<p class=\"\">Un peu plus loin, Beinazir, 21 ans, se fait prendre en photo fa\u00e7on<a href=\"https:\/\/www.leparisien.fr\/paris-75\/on-est-fier-de-le-montrer-au-monde-entier-emily-in-paris-booste-toujours-la-frequentation-des-restos-de-la-serie-27-12-2025-F52N4CNCKNH3BHKHEEJGPQA4KU.php\" target=\"_self\" rel=\"noopener\"> Emily in Paris<\/a>. B\u00e9ret rouge sur la t\u00eate et rouge \u00e0 l\u00e8vres assorti, la jeune femme de nationalit\u00e9 iranienne pose, dans un large sourire. Cela fait bient\u00f4t 6 mois qu\u2019elle a emm\u00e9nag\u00e9 \u00e0 Paris, pour ses \u00e9tudes. Son copain, Farshid, l\u2019a rejointe pour les vacances. Lui habite en Allemagne. \u00ab J\u2019avais d\u00e9j\u00e0 vu les vid\u00e9os du Nouvel an et je me disais qu\u2019on devait vraiment \u00eatre l\u00e0 aujourd\u2019hui. C\u2019est la ville de l\u2019amour, c\u2019est magique d\u2019\u00eatre ici tous deux ici. \u00bb<\/p>\n","protected":false},"excerpt":{"rendered":"Malgr\u00e9 l\u2019annulation du concert traditionnel, d\u00e9cid\u00e9e par la pr\u00e9fecture de police pour des raisons s\u00e9curitaires, la f\u00eate a&hellip;\n","protected":false},"author":2,"featured_media":633206,"comment_status":"","ping_status":"","sticky":false,"template":"","format":"standard","meta":{"footnotes":""},"categories":[1888],"tags":[11,1777,674,1011,27,1944,12,626,25,2955],"class_list":{"0":"post-633205","1":"post","2":"type-post","3":"status-publish","4":"format-standard","5":"has-post-thumbnail","7":"category-paris","8":"tag-actualites","9":"tag-eu","10":"tag-europe","11":"tag-fr","12":"tag-france","13":"tag-ma-ville","14":"tag-news","15":"tag-paris","16":"tag-republique-francaise","17":"tag-videos"},"share_on_mastodon":{"url":"https:\/\/pubeurope.com\/@fr\/115817046852567550","error":""},"_links":{"self":[{"href":"https:\/\/www.europesays.com\/fr\/wp-json\/wp\/v2\/posts\/633205","targetHints":{"allow":["GET"]}}],"collection":[{"href":"https:\/\/www.europesays.com\/fr\/wp-json\/wp\/v2\/posts"}],"about":[{"href":"https:\/\/www.europesays.com\/fr\/wp-json\/wp\/v2\/types\/post"}],"author":[{"embeddable":true,"href":"https:\/\/www.europesays.com\/fr\/wp-json\/wp\/v2\/users\/2"}],"replies":[{"embeddable":true,"href":"https:\/\/www.europesays.com\/fr\/wp-json\/wp\/v2\/comments?post=633205"}],"version-history":[{"count":0,"href":"https:\/\/www.europesays.com\/fr\/wp-json\/wp\/v2\/posts\/633205\/revisions"}],"wp:featuredmedia":[{"embeddable":true,"href":"https:\/\/www.europesays.com\/fr\/wp-json\/wp\/v2\/media\/633206"}],"wp:attachment":[{"href":"https:\/\/www.europesays.com\/fr\/wp-json\/wp\/v2\/media?parent=633205"}],"wp:term":[{"taxonomy":"category","embeddable":true,"href":"https:\/\/www.europesays.com\/fr\/wp-json\/wp\/v2\/categories?post=633205"},{"taxonomy":"post_tag","embeddable":true,"href":"https:\/\/www.europesays.com\/fr\/wp-json\/wp\/v2\/tags?post=633205"}],"curies":[{"name":"wp","href":"https:\/\/api.w.org\/{rel}","templated":true}]}}