{"id":633207,"date":"2026-01-01T00:37:18","date_gmt":"2026-01-01T00:37:18","guid":{"rendered":"https:\/\/www.europesays.com\/fr\/633207\/"},"modified":"2026-01-01T00:37:18","modified_gmt":"2026-01-01T00:37:18","slug":"guerre-en-ukraine-poutine-croit-en-la-victoire-de-la-russie-lue-laccuse-de-faire-capoter-les-negociations","status":"publish","type":"post","link":"https:\/\/www.europesays.com\/fr\/633207\/","title":{"rendered":"Guerre en Ukraine : Poutine \u00ab croit \u00bb en la victoire de la Russie, l\u2019UE l\u2019accuse de faire capoter les n\u00e9gociations"},"content":{"rendered":"<p class=\"mb-4 text-lg md:leading-8 break-words\"><strong>R\u00e9cap&rsquo; &#8211; \u00ab 20 Minutes \u00bb fait le point pour vous tous les soirs sur le conflit en Ukraine. Ce mercredi 31 d\u00e9cembre, Vladimir Poutine s\u2019est adress\u00e9 aux soldats russes lors de son allocution du Nouvel an, affirmant \u00ab croire \u00bb en la victoire de la Russie<\/strong><\/p>\n<p class=\"mb-4 text-lg md:leading-8 break-words\">Vous avez rat\u00e9 les derniers \u00e9v\u00e9nements sur la <a href=\"https:\/\/www.20minutes.fr\/monde\/ukraine\/?at_medium=RSS%20feed&amp;at_campaign=ynews&amp;utm_source=yahoo&amp;utm_medium=rss&amp;utm_campaign=news_feed&amp;utm_content=in_article_link\" rel=\"nofollow noopener\" target=\"_blank\" data-ylk=\"slk:guerre en Ukraine;elm:context_link;itc:0;sec:content-canvas\" class=\"link \">guerre en Ukraine<\/a> ? 20 Minutes fait le point pour vous tous les soirs. Voici l\u2019essentiel de ce mercredi 31 d\u00e9cembre, au 1.407e jour du conflit.<\/p>\n<p>Le fait du jour<\/p>\n<p class=\"mb-4 text-lg md:leading-8 break-words\">On peut dire que les v\u0153ux du <a href=\"https:\/\/www.20minutes.fr\/dossier\/nouvel-an?at_medium=RSS%20feed&amp;at_campaign=ynews&amp;utm_source=yahoo&amp;utm_medium=rss&amp;utm_campaign=news_feed&amp;utm_content=in_article_link\" rel=\"nofollow noopener\" target=\"_blank\" data-ylk=\"slk:Nouvel an;elm:context_link;itc:0;sec:content-canvas\" class=\"link \">Nouvel an<\/a> de <a href=\"https:\/\/www.20minutes.fr\/monde\/vladimir_poutine\/?at_medium=RSS%20feed&amp;at_campaign=ynews&amp;utm_source=yahoo&amp;utm_medium=rss&amp;utm_campaign=news_feed&amp;utm_content=in_article_link\" rel=\"nofollow noopener\" target=\"_blank\" data-ylk=\"slk:Vladimir Poutine;elm:context_link;itc:0;sec:content-canvas\" class=\"link \">Vladimir Poutine<\/a> sont francs. Le pr\u00e9sident russe a d\u00e9clar\u00e9 ce mercredi, lors de sa traditionnelle allocution t\u00e9l\u00e9vis\u00e9e du 31 d\u00e9cembre, croire en une \u00ab victoire \u00bb de la <a href=\"https:\/\/www.20minutes.fr\/monde\/russie\/?at_medium=RSS%20feed&amp;at_campaign=ynews&amp;utm_source=yahoo&amp;utm_medium=rss&amp;utm_campaign=news_feed&amp;utm_content=in_article_link\" rel=\"nofollow noopener\" target=\"_blank\" data-ylk=\"slk:Russie;elm:context_link;itc:0;sec:content-canvas\" class=\"link \">Russie <\/a>contre l\u2019Ukraine. \u00ab Je crois en vous et en notre victoire ! \u00bb a-t-il notamment lanc\u00e9, s\u2019adressant aux soldats russes participant \u00e0 \u00ab l\u2019op\u00e9ration militaire sp\u00e9ciale \u00bb en Ukraine lanc\u00e9e en f\u00e9vrier 2022. Il a assur\u00e9 que ses troupes combattaient \u00ab pour leur terre natale, la v\u00e9rit\u00e9 et la justice \u00bb.<\/p>\n<p class=\"mb-4 text-lg md:leading-8 break-words\">Cette allocution marquait symboliquement les vingt-six ans de son arriv\u00e9e au pouvoir : le 31 d\u00e9cembre 1999, son pr\u00e9d\u00e9cesseur, Boris Elstine, avait annonc\u00e9 sa d\u00e9mission et la nomination de Vladimir Poutine comme pr\u00e9sident par int\u00e9rim.<\/p>\n<p>La d\u00e9claration du jour<\/p>\n<p class=\"mb-4 text-lg md:leading-8 break-words\">Les propos de Kaja Kallas, la cheffe de la diplomatie europ\u00e9enne, sont forts. Ils font \u00e9cho aux accusations d\u2019une attaque ukrainienne visant une r\u00e9sidence du pr\u00e9sident Vladimir Poutine. \u00ab L\u2019affirmation de la Russie selon laquelle l\u2019Ukraine aurait r\u00e9cemment pris pour cible des sites gouvernementaux cl\u00e9s en Russie a pour but de faire diversion \u00bb, a-t-elle averti, \u00e9voquant une tentative de faire \u00ab d\u00e9railler \u00bb les n\u00e9gociations en cours pour la paix.<\/p>\n<p class=\"mb-4 text-lg md:leading-8 break-words\">L\u2019arm\u00e9e russe a r\u00e9it\u00e9r\u00e9 ce mercredi ses accusations affirmant que l\u2019Ukrai(&#8230;)<\/p>\n<p class=\"mb-4 text-lg md:leading-8 break-words\"><a href=\"https:\/\/www.20minutes.fr\/monde\/ukraine\/4193925-20251231-guerre-ukraine-poutine-croit-victoire-russie-ue-accuse-faire-capoter-negociations?at_medium=RSS%20feed&amp;at_campaign=ynews&amp;utm_source=yahoo&amp;utm_medium=rss&amp;utm_campaign=news_feed&amp;utm_content=read_more_link&quot;\" rel=\"nofollow noopener\" target=\"_blank\" data-ylk=\"slk:Lire la suite sur 20minutes;elm:context_link;itc:0;sec:content-canvas\" class=\"link \">Lire la suite sur 20minutes<\/a><\/p>\n<p>\u00c0 lire aussi :<br \/><a href=\"https:\/\/www.20minutes.fr\/monde\/4193880-20251231-cargo-russe-coule-mediterranee-fin-2024-transporte-reacteurs-nucleaires-coree-nord?at_medium=RSS%20feed&amp;at_campaign=ynews&amp;utm_source=yahoo&amp;utm_medium=rss&amp;utm_campaign=news_feed&amp;utm_content=related_content_link\" rel=\"nofollow noopener\" target=\"_blank\" data-ylk=\"slk:Le cargo russe coul\u00e9 en M\u00e9diterran\u00e9e fin 2024 aurait transport\u00e9 des r\u00e9acteurs nucl\u00e9aires pour la Cor\u00e9e du Nord;elm:context_link;itc:0;sec:content-canvas\" class=\"link \">Le cargo russe coul\u00e9 en M\u00e9diterran\u00e9e fin 2024 aurait transport\u00e9 des r\u00e9acteurs nucl\u00e9aires pour la Cor\u00e9e du Nord<\/a><br \/><a href=\"https:\/\/www.20minutes.fr\/monde\/ukraine\/4193777-20251230-guerre-ukraine-ukraine-rejette-accusations-russes-moscou-fournit-aucune-preuve-attaque-drone?at_medium=RSS%20feed&amp;at_campaign=ynews&amp;utm_source=yahoo&amp;utm_medium=rss&amp;utm_campaign=news_feed&amp;utm_content=related_content_link\" rel=\"nofollow noopener\" target=\"_blank\" data-ylk=\"slk:Guerre en Ukraine : L\u2019Ukraine rejette les accusations russes, Moscou ne fournit aucune preuve d\u2019une attaque de drone;elm:context_link;itc:0;sec:content-canvas\" class=\"link \">Guerre en Ukraine : L\u2019Ukraine rejette les accusations russes, Moscou ne fournit aucune preuve d\u2019une attaque de drone<\/a><\/p>\n","protected":false},"excerpt":{"rendered":"R\u00e9cap&rsquo; &#8211; \u00ab 20 Minutes \u00bb fait le point pour vous tous les soirs sur le conflit en&hellip;\n","protected":false},"author":2,"featured_media":633208,"comment_status":"","ping_status":"","sticky":false,"template":"","format":"standard","meta":{"footnotes":""},"categories":[1591],"tags":[642,11,1887,5493,2489,12,1885,1886,132,220,135],"class_list":{"0":"post-633207","1":"post","2":"type-post","3":"status-publish","4":"format-standard","5":"has-post-thumbnail","7":"category-russie","8":"tag-20-minutes","9":"tag-actualites","10":"tag-federation-de-russie","11":"tag-lukraine","12":"tag-la-russie","13":"tag-news","14":"tag-russia","15":"tag-russian-federation","16":"tag-russie","17":"tag-ukraine","18":"tag-vladimir-poutine"},"share_on_mastodon":{"url":"https:\/\/pubeurope.com\/@fr\/115817050546631180","error":""},"_links":{"self":[{"href":"https:\/\/www.europesays.com\/fr\/wp-json\/wp\/v2\/posts\/633207","targetHints":{"allow":["GET"]}}],"collection":[{"href":"https:\/\/www.europesays.com\/fr\/wp-json\/wp\/v2\/posts"}],"about":[{"href":"https:\/\/www.europesays.com\/fr\/wp-json\/wp\/v2\/types\/post"}],"author":[{"embeddable":true,"href":"https:\/\/www.europesays.com\/fr\/wp-json\/wp\/v2\/users\/2"}],"replies":[{"embeddable":true,"href":"https:\/\/www.europesays.com\/fr\/wp-json\/wp\/v2\/comments?post=633207"}],"version-history":[{"count":0,"href":"https:\/\/www.europesays.com\/fr\/wp-json\/wp\/v2\/posts\/633207\/revisions"}],"wp:featuredmedia":[{"embeddable":true,"href":"https:\/\/www.europesays.com\/fr\/wp-json\/wp\/v2\/media\/633208"}],"wp:attachment":[{"href":"https:\/\/www.europesays.com\/fr\/wp-json\/wp\/v2\/media?parent=633207"}],"wp:term":[{"taxonomy":"category","embeddable":true,"href":"https:\/\/www.europesays.com\/fr\/wp-json\/wp\/v2\/categories?post=633207"},{"taxonomy":"post_tag","embeddable":true,"href":"https:\/\/www.europesays.com\/fr\/wp-json\/wp\/v2\/tags?post=633207"}],"curies":[{"name":"wp","href":"https:\/\/api.w.org\/{rel}","templated":true}]}}