{"id":633209,"date":"2026-01-01T00:38:13","date_gmt":"2026-01-01T00:38:13","guid":{"rendered":"https:\/\/www.europesays.com\/fr\/633209\/"},"modified":"2026-01-01T00:38:13","modified_gmt":"2026-01-01T00:38:13","slug":"guerre-en-ukraine-volodymyr-zelensky-affirme-que-laccord-de-paix-est-pret-a-90-et-quil-reste-10","status":"publish","type":"post","link":"https:\/\/www.europesays.com\/fr\/633209\/","title":{"rendered":"Guerre en Ukraine: Volodymyr Zelensky affirme que \u00ab\u00a0l&rsquo;accord de paix est pr\u00eat \u00e0 90%\u00a0\u00bb et qu'\u00a0\u00bbil reste 10%\u00a0\u00bb"},"content":{"rendered":"<p class=\"mb-4 text-lg md:leading-8 break-words\">Dans ses voeux du Nouvel An ce mercredi 31 d\u00e9cembre, le pr\u00e9sident ukrainien Volodymyr Zelensky a estim\u00e9 que <a href=\"https:\/\/fr.news.yahoo.com\/volodymyr-zelensky-d%C3%A9clare-lukraine-organisera-081456825.html\" data-ylk=\"slk:l&#039;accord de paix;elm:context_link;itc:0;sec:content-canvas;outcm:mb_qualified_link;_E:mb_qualified_link;ct:story;\" class=\"link  yahoo-link\" target=\"_blank\" rel=\"noopener\">l&rsquo;accord de paix<\/a> pour mettre fin au conflit avec la Russie \u00e9tait \u00ab\u00a0pr\u00eat \u00e0 90%\u00a0\u00bb, ajoutant que les 10% restants \u00ab\u00a0contiennent tout, en fait\u00a0\u00bb.<\/p>\n<p class=\"mb-4 text-lg md:leading-8 break-words\">\u00ab\u00a0L&rsquo;accord de paix est pr\u00eat \u00e0 90%. Il reste 10%. (&#8230;) Ces 10% contiennent tout, en fait. Ce sont ces 10% qui d\u00e9termineront le destin de la paix, le destin de l&rsquo;Ukraine et de l&rsquo;Europe\u00a0\u00bb, a-t-il d\u00e9clar\u00e9 dans un message vid\u00e9o publi\u00e9 sur son compte Telegram. \u00ab\u00a010% jusqu&rsquo;\u00e0 la paix.\u00a0\u00bb<\/p>\n<p class=\"mb-4 text-lg md:leading-8 break-words\">Le pr\u00e9sident ukrainien a assur\u00e9 que son pays souhaitait la fin du conflit, mais pas \u00ab\u00a0\u00e0 n&rsquo;importe quel prix\u00a0\u00bb, et que tout accord devait comporter de solides garanties de s\u00e9curit\u00e9 afin de dissuader la Russie de lancer une nouvelle invasion.<\/p>\n<p class=\"mb-4 text-lg md:leading-8 break-words\">Les \u00c9tats-Unis ont tent\u00e9 d&rsquo;\u00e9chafauder un accord de paix en tenant compte des contributions de Moscou et de Kiev, mais n&rsquo;ont pas r\u00e9ussi \u00e0 trouver de consensus sur la question clef des territoires, alors que Moscou occupe environ 19% de l&rsquo;Ukraine.<\/p>\n<p class=\"mb-4 text-lg md:leading-8 break-words\">Le pr\u00e9sident russe Vladimir Poutine veut notamment annexer la totalit\u00e9 de la r\u00e9gion mini\u00e8re et industrielle du Donbass, dans l&rsquo;est de l&rsquo;Ukraine, mais Volodymyr Zelensky a r\u00e9p\u00e9t\u00e9 dans son allocution qu&rsquo;il ne croyait pas que la Russie s&rsquo;arr\u00eaterait au Donbass si l&rsquo;Ukraine devait se retirer.<\/p>\n<p>Vladimir Poutine \u00ab\u00a0croit\u00a0\u00bb en les soldats russes<\/p>\n<p class=\"mb-4 text-lg md:leading-8 break-words\">\u00ab\u00a0&lsquo;Retirez-vous du Donbass, et tout sera termin\u00e9.&rsquo; Voil\u00e0 \u00e0 quoi ressemble la tromperie lorsqu&rsquo;on la traduit du russe &#8211; en ukrainien, en anglais, en allemand, en fran\u00e7ais, et, en r\u00e9alit\u00e9, dans n&rsquo;importe quelle langue du monde\u00a0\u00bb, a-t-il ironis\u00e9.<\/p>\n<p class=\"mb-4 text-lg md:leading-8 break-words\">Queques heures plus t\u00f4t, Vladimir Poutine avait d\u00e9clar\u00e9 croire en une \u00ab\u00a0victoire\u00a0\u00bb de la Russie contre l&rsquo;Ukraine, au moment o\u00f9 Moscou accuse Kiev d&rsquo;avoir men\u00e9 <a href=\"https:\/\/fr.news.yahoo.com\/vladimir-poutine-adresse-v-ux-102526183.html\" data-ylk=\"slk:une attaque contre une r\u00e9sidence du pr\u00e9sident russe,;elm:context_link;itc:0;sec:content-canvas;outcm:mb_qualified_link;_E:mb_qualified_link;ct:story;\" class=\"link  yahoo-link\" target=\"_blank\" rel=\"noopener\">une attaque contre une r\u00e9sidence du pr\u00e9sident russe,<\/a> faisant craindre un blocage des pourparlers pour trouver une issue diplomatique \u00e0 pr\u00e8s de quatre ans de conflit.<\/p>\n<p class=\"mb-4 text-lg md:leading-8 break-words\">S&rsquo;exprimant lors de sa traditionnelle allocution t\u00e9l\u00e9vis\u00e9e pour le Nouvel An, Vladimir Poutine s&rsquo;est adress\u00e9 aux soldats russes participant \u00e0 \u00ab\u00a0l&rsquo;op\u00e9ration militaire sp\u00e9ciale\u00a0\u00bb en Ukraine lanc\u00e9e en f\u00e9vrier 2022.<\/p>\n<p class=\"mb-4 text-lg md:leading-8 break-words\">\u00ab\u00a0Nous croyons en vous et en notre victoire!\u00a0\u00bb, a-t-il lanc\u00e9, assurant que ses troupes combattaient \u00ab\u00a0pour leur terre natale, la v\u00e9rit\u00e9 et la justice\u00a0\u00bb.<\/p>\n<p class=\"mb-4 text-lg md:leading-8 break-words\">Cette allocution marquait symboliquement les 26 ans de son arriv\u00e9e au pouvoir: le 31 d\u00e9cembre 1999, son pr\u00e9d\u00e9cesseur, Boris Eltsine, avait annonc\u00e9 sa d\u00e9mission et la nomination de Vladimir Poutine comme pr\u00e9sident par int\u00e9rim.<\/p>\n<p class=\"mb-4 text-lg md:leading-8 break-words\">L&rsquo;ann\u00e9e 2026 va d\u00e9buter alors qu&rsquo;une issue diplomatique au conflit en Ukraine, le plus meurtrier en Europe depuis le Deuxi\u00e8me Guerre mondiale, semble toujours tr\u00e8s incertaine, du moins \u00e0 court terme.<\/p>\n<p class=\"mb-4 text-lg md:leading-8 break-words\"><a href=\"https:\/\/www.bfmtv.com\/international\/europe\/ukraine\/guerre-en-ukraine-volodymyr-zelensky-affirme-que-l-accord-de-paix-est-pret-a-90-et-qu-il-reste-10_AD-202512310608.html#xtor=AL-68\" rel=\"nofollow noopener\" target=\"_blank\" data-ylk=\"slk:Article original publi\u00e9 sur BFMTV.com;elm:context_link;itc:0;sec:content-canvas\" class=\"link \">Article original publi\u00e9 sur BFMTV.com<\/a><\/p>\n","protected":false},"excerpt":{"rendered":"Dans ses voeux du Nouvel An ce mercredi 31 d\u00e9cembre, le pr\u00e9sident ukrainien Volodymyr Zelensky a estim\u00e9 que&hellip;\n","protected":false},"author":2,"featured_media":633210,"comment_status":"","ping_status":"","sticky":false,"template":"","format":"standard","meta":{"footnotes":""},"categories":[1590],"tags":[15533,11,1777,674,45221,70285,12,220,135,134],"class_list":{"0":"post-633209","1":"post","2":"type-post","3":"status-publish","4":"format-standard","5":"has-post-thumbnail","7":"category-ukraine","8":"tag-accord-de-paix","9":"tag-actualites","10":"tag-eu","11":"tag-europe","12":"tag-garanties-de-securite","13":"tag-l39ukraine","14":"tag-news","15":"tag-ukraine","16":"tag-vladimir-poutine","17":"tag-volodymyr-zelensky"},"share_on_mastodon":{"url":"https:\/\/pubeurope.com\/@fr\/115817054461763279","error":""},"_links":{"self":[{"href":"https:\/\/www.europesays.com\/fr\/wp-json\/wp\/v2\/posts\/633209","targetHints":{"allow":["GET"]}}],"collection":[{"href":"https:\/\/www.europesays.com\/fr\/wp-json\/wp\/v2\/posts"}],"about":[{"href":"https:\/\/www.europesays.com\/fr\/wp-json\/wp\/v2\/types\/post"}],"author":[{"embeddable":true,"href":"https:\/\/www.europesays.com\/fr\/wp-json\/wp\/v2\/users\/2"}],"replies":[{"embeddable":true,"href":"https:\/\/www.europesays.com\/fr\/wp-json\/wp\/v2\/comments?post=633209"}],"version-history":[{"count":0,"href":"https:\/\/www.europesays.com\/fr\/wp-json\/wp\/v2\/posts\/633209\/revisions"}],"wp:featuredmedia":[{"embeddable":true,"href":"https:\/\/www.europesays.com\/fr\/wp-json\/wp\/v2\/media\/633210"}],"wp:attachment":[{"href":"https:\/\/www.europesays.com\/fr\/wp-json\/wp\/v2\/media?parent=633209"}],"wp:term":[{"taxonomy":"category","embeddable":true,"href":"https:\/\/www.europesays.com\/fr\/wp-json\/wp\/v2\/categories?post=633209"},{"taxonomy":"post_tag","embeddable":true,"href":"https:\/\/www.europesays.com\/fr\/wp-json\/wp\/v2\/tags?post=633209"}],"curies":[{"name":"wp","href":"https:\/\/api.w.org\/{rel}","templated":true}]}}