{"id":633214,"date":"2026-01-01T00:41:25","date_gmt":"2026-01-01T00:41:25","guid":{"rendered":"https:\/\/www.europesays.com\/fr\/633214\/"},"modified":"2026-01-01T00:41:25","modified_gmt":"2026-01-01T00:41:25","slug":"a-gelsenkirchen-un-casse-a-la-perceuse-tout-droit-sorti-dun-scenario-de-film","status":"publish","type":"post","link":"https:\/\/www.europesays.com\/fr\/633214\/","title":{"rendered":"\u00c0 Gelsenkirchen, un casse \u00e0 la perceuse \u201ctout droit sorti d\u2019un sc\u00e9nario de film\u201d"},"content":{"rendered":"<p>                                                                                          <a href=\"https:\/\/focus.courrierinternational.com\/2024\/12\/13\/0\/0\/2000\/1992\/1280\/0\/60\/0\/f1553d9_1734098234816-web20241220-allemagne-landers.png\" data-pswp-width=\"1280\" data-pswp-height=\"1275\" target=\"_blank\" rel=\"noopener\">      <img decoding=\"async\" loading=\"lazy\" onerror=\"this.classList.add(`img--error`)\" src=\"https:\/\/www.europesays.com\/fr\/wp-content\/uploads\/2026\/01\/f1553d9_1734098234816-web20241220-allemagne-landers.png\"  width=\"640\" height=\"637\" alt=\"Les L\u00e4nder allemands.\"\/>     <\/a>      Les L\u00e4nder allemands.   COURRIER INTERNATIONAL.               <\/p>\n<p>\u201cL\u2019histoire semble tout droit sortie d\u2019un sc\u00e9nario de film ou de bande dessin\u00e9e, <a class=\"ithalc\" data-ithal=\"lien_externe\" data-ithalc=\"[nav_article]\" target=\"_blank\" href=\"https:\/\/www.swr3.de\/aktuell\/nachrichten\/loch-im-tresorraum-gelsenkirchen-bankraub-100.html\" rel=\"noopener\">rapporte le m\u00e9dia audiovisuel allemand<strong> S\u00fcdwestrundfunk<\/strong><\/a><strong>.<\/strong> Des malfaiteurs font un trou dans le mur de la salle des coffres d\u2019une banque de Buer, une banlieue de Gelsenkirchen, vident les coffres et disparaissent dans la nature avec le butin.\u201d L\u2019affaire est pourtant v\u00e9ridique. Ferm\u00e9 pour les f\u00eates, un \u00e9tablissement bancaire de cette ville du Land de Rh\u00e9nanie-du-Nord-Westphalie (ouest de l\u2019Allemagne) s\u2019est vu d\u00e9rober l\u2019\u00e9quivalent de 30\u00a0millions d\u2019euros, selon les premi\u00e8res estimations des experts.<\/p>\n<p>Le vol a \u00e9t\u00e9 d\u00e9couvert gr\u00e2ce au d\u00e9clenchement d\u2019une alarme incendie, mais il aurait dur\u00e9 plusieurs jours. Des individus masqu\u00e9s \u00e9quip\u00e9s de gros sacs ont \u00e9t\u00e9 aper\u00e7us d\u00e8s la nuit du samedi\u00a027 au dimanche 28\u00a0d\u00e9cembre dans un parking situ\u00e9 \u00e0 proximit\u00e9 de l\u2019\u00e9tablissement bancaire. Ils auraient forc\u00e9 plusieurs portes de la banque, avant d\u2019utiliser une perceuse sp\u00e9cifique pour entrer dans la salle des coffres.<\/p>\n<p>\u201cL\u2019op\u00e9ration avait manifestement \u00e9t\u00e9 bien pr\u00e9par\u00e9e et semble \u00eatre l\u2019\u0153uvre de professionnels\u201d, <a class=\"ithalc\" data-ithal=\"lien_externe\" data-ithalc=\"[nav_article]\" target=\"_blank\" href=\"https:\/\/archive.is\/20251230184712\/https:\/\/www.waz.de\/lokales\/gelsenkirchen\/article410820407\/exklusive-bilder-so-abgebrueht-gingen-die-bank-einbrecher-in-gelsenkirchen-vor.html#selection-3801.191-3801.230\" rel=\"noopener\">pr\u00e9cise le journal r\u00e9gional<strong> Westdeutsche Allgemeine Zeitung <\/strong>(WAZ)<\/a>, qui s\u2019est procur\u00e9 des vid\u00e9os de surveillance du parking sur lesquelles apparaissent deux suspects, le visage masqu\u00e9, ainsi qu\u2019une Audi RS6\u00a0\u00e0 la plaque d\u2019immatriculation vol\u00e9e. D\u2019apr\u00e8s lui, ces images montrent \u201cle degr\u00e9 de pr\u00e9paration des cambrioleurs\u201d.<\/p>\n<p>                    Des voleurs venus des Pays-Bas\u00a0?       <\/p>\n<p>Quelque 2\u00a0500\u00a0clients seraient l\u00e9s\u00e9s. <a class=\"ithalc\" data-ithal=\"lien_externe\" data-ithalc=\"[nav_article]\" target=\"_blank\" href=\"https:\/\/m.bild.de\/regional\/nordrhein-westfalen\/sparkassen-einbruch-in-gelsenkirchen-neue-details-zu-den-taetern-6953bc7ba75a88580a6db890?t_ref=https%3A%2F%2Fwww.google.com%2F\" rel=\"noopener\">D\u2019apr\u00e8s <strong>Bild<\/strong><\/a><strong>, <\/strong>plusieurs centaines d\u2019entre eux se sont d\u2019ailleurs rendus sur place, apr\u00e8s l\u2019annonce du casse, afin de demander des explications. Pour ces victimes, l\u2019heure est \u00e0 la \u201ccol\u00e8re noire\u201d et \u00e0 une \u201cprofonde d\u00e9tresse\u201d, commente le tablo\u00efd berlinois. \u201cNous voulons entrer [dans la banque]\u201d, scandaient certaines d\u2019entre elles, avant d\u2019\u00eatre refoul\u00e9es par les forces de l\u2019ordre.<\/p>\n<p>Selon le m\u00e9dia, \u201clundi matin [29\u00a0d\u00e9cembre], la police a d\u00e9couvert un champ de ruines. Des milliers de casiers jonchaient le sol, vid\u00e9s de leurs contenus, papiers et objets\u201d. Et \u201cau milieu de ce chaos gisait l\u2019\u00e9norme perceuse\u201d utilis\u00e9e par les malfaiteurs.<\/p>\n<p><a class=\"ithalc\" data-ithal=\"lien_externe\" data-ithalc=\"[nav_article]\" target=\"_blank\" href=\"https:\/\/www.spiegel.de\/panorama\/justiz\/sparkasse-in-gelsenkirchen-ermittler-verfolgen-spur-in-die-niederlande-a-3d97a0a1-460c-45e2-8af1-b2d0ddc80063\" rel=\"noopener\">D\u2019apr\u00e8s l\u2019hebdomadaire <strong>Der Spiegel<\/strong><\/a><strong>, <\/strong>les enqu\u00eateurs soup\u00e7onnent les voleurs de venir des Pays-Bas. \u201cDes v\u00e9hicules similaires \u00e0 l\u2019Audi RS6 [identifi\u00e9e] ont \u00e9t\u00e9 utilis\u00e9s par le pass\u00e9 dans des attaques contre des distributeurs de billets attribu\u00e9es \u00e0 des bandits n\u00e9erlandais.\u201d<\/p>\n","protected":false},"excerpt":{"rendered":"Les L\u00e4nder allemands. COURRIER INTERNATIONAL. \u201cL\u2019histoire semble tout droit sortie d\u2019un sc\u00e9nario de film ou de bande dessin\u00e9e,&hellip;\n","protected":false},"author":2,"featured_media":633215,"comment_status":"","ping_status":"","sticky":false,"template":"","format":"standard","meta":{"footnotes":""},"categories":[1587],"tags":[11,672,1804,18744,1805,1803,1777,674,1801,12,1802,1857],"class_list":{"0":"post-633214","1":"post","2":"type-post","3":"status-publish","4":"format-standard","5":"has-post-thumbnail","7":"category-allemagne","8":"tag-actualites","9":"tag-allemagne","10":"tag-bundesrepublik-deutschland","11":"tag-criminalitu00e9","12":"tag-de","13":"tag-deutschland","14":"tag-eu","15":"tag-europe","16":"tag-germany","17":"tag-news","18":"tag-republique-federale-dallemagne","19":"tag-sociu00e9tu00e9"},"share_on_mastodon":{"url":"https:\/\/pubeurope.com\/@fr\/115817066308177205","error":""},"_links":{"self":[{"href":"https:\/\/www.europesays.com\/fr\/wp-json\/wp\/v2\/posts\/633214","targetHints":{"allow":["GET"]}}],"collection":[{"href":"https:\/\/www.europesays.com\/fr\/wp-json\/wp\/v2\/posts"}],"about":[{"href":"https:\/\/www.europesays.com\/fr\/wp-json\/wp\/v2\/types\/post"}],"author":[{"embeddable":true,"href":"https:\/\/www.europesays.com\/fr\/wp-json\/wp\/v2\/users\/2"}],"replies":[{"embeddable":true,"href":"https:\/\/www.europesays.com\/fr\/wp-json\/wp\/v2\/comments?post=633214"}],"version-history":[{"count":0,"href":"https:\/\/www.europesays.com\/fr\/wp-json\/wp\/v2\/posts\/633214\/revisions"}],"wp:featuredmedia":[{"embeddable":true,"href":"https:\/\/www.europesays.com\/fr\/wp-json\/wp\/v2\/media\/633215"}],"wp:attachment":[{"href":"https:\/\/www.europesays.com\/fr\/wp-json\/wp\/v2\/media?parent=633214"}],"wp:term":[{"taxonomy":"category","embeddable":true,"href":"https:\/\/www.europesays.com\/fr\/wp-json\/wp\/v2\/categories?post=633214"},{"taxonomy":"post_tag","embeddable":true,"href":"https:\/\/www.europesays.com\/fr\/wp-json\/wp\/v2\/tags?post=633214"}],"curies":[{"name":"wp","href":"https:\/\/api.w.org\/{rel}","templated":true}]}}