{"id":633218,"date":"2026-01-01T00:43:13","date_gmt":"2026-01-01T00:43:13","guid":{"rendered":"https:\/\/www.europesays.com\/fr\/633218\/"},"modified":"2026-01-01T00:43:13","modified_gmt":"2026-01-01T00:43:13","slug":"luka-doncic-blesse-lebron-james-honnete-on-na-jamais-eu","status":"publish","type":"post","link":"https:\/\/www.europesays.com\/fr\/633218\/","title":{"rendered":"Luka Doncic bless\u00e9 ? LeBron James honn\u00eate : \u00ab On n&rsquo;a jamais eu&#8230;"},"content":{"rendered":"<p class=\"has-text-color has-small-font-size\" style=\"color:#747474\">Par <a href=\"https:\/\/www.parlons-basket.com\/biographie-redaction\/\" target=\"_blank\" rel=\"noopener\">R\u00e9daction<\/a> |\u00a0Sport<\/p>\n<p><strong>Malgr\u00e9 une feuille de stats flatteuse, quelque chose ne collait pas sur le parquet aux Lakers. Les blessures sont nombreuses et une nouvelle inqui\u00e9tude \u00e9merge au sujet de Luka Doncic. L\u2019ann\u00e9e se termine mal.<\/strong><\/p>\n<p>La d\u00e9faite lourde face \u00e0 Detroit, 128-106, a laiss\u00e9 des traces bien au-del\u00e0 du r\u00e9sultat brut. Luka Don\u010di\u0107, principal moteur offensif de l\u2019\u00e9quipe, a certes termin\u00e9 meilleur marqueur avec 30 points, mais son match a rapidement pris une tournure inqui\u00e9tante. Inefficace au tir, maladroit dans la gestion du ballon avec huit pertes, le Slov\u00e8ne a sembl\u00e9 loin de sa s\u00e9r\u00e9nit\u00e9 habituelle.<\/p>\n<p>L\u2019alerte est devenue concr\u00e8te en fin de troisi\u00e8me quart-temps. Touch\u00e9 \u00e0 l\u2019\u00e9paule gauche, Don\u010di\u0107 a quitt\u00e9 le parquet pour rejoindre les vestiaires, avant de revenir avec une poche de glace solidement fix\u00e9e. Tous ses points avaient \u00e9t\u00e9 inscrits avant cette sortie, et son retour s\u2019est r\u00e9sum\u00e9 \u00e0 une pr\u00e9sence limit\u00e9e, marqu\u00e9e par la douleur et une implication statistique quasi inexistante.<\/p>\n<p>Une inqui\u00e9tude qui d\u00e9passe le simple cas Don\u010di\u0107<\/p>\n<p>Cette situation a naturellement occup\u00e9 toutes les discussions d\u2019apr\u00e8s-match, d\u2019autant plus que LeBron James, qui c\u00e9l\u00e9brait ses 41 ans, a \u00e9largi le d\u00e9bat \u00e0 l\u2019\u00e9tat g\u00e9n\u00e9ral de l\u2019effectif. \u00ab On n\u2019a jamais eu l\u2019\u00e9quipe au complet de toute la saison. Peut-\u00eatre un match, et encore \u00bb, a-t-il expliqu\u00e9, pointant l\u2019accumulation des absences comme un frein majeur \u00e0 la construction d\u2019une identit\u00e9 collective.<\/p>\n<p><\/p>\n<p>\t\t\t\tLire aussi<\/p>\n<p>\t\t<a class=\"next-post__link\" href=\"https:\/\/www.parlons-basket.com\/2025\/12\/30\/nba-lebron-james-est-il-le-bouc-emissaire-aux-lakers-quand-luka-doncic\/\" target=\"_blank\" rel=\"noopener\"><br \/>\nLeBron James est-il le bouc \u00e9missaire aux Lakers ? \u00ab Quand Luka Doncic\u2026<\/a><\/p>\n<p>Le leader de la franchise a poursuivi en d\u00e9taillant l\u2019impact concret de ces absences r\u00e9p\u00e9t\u00e9es. \u00ab Des joueurs tr\u00e8s importants sont absents en ce moment. Moi-m\u00eame, j\u2019ai commenc\u00e9 la saison sur la touche \u00bb, a-t-il rappel\u00e9, avant d\u2019\u00e9voquer le manque d\u2019un arri\u00e8re All-Star et les forfaits successifs de plusieurs \u00e9l\u00e9ments cl\u00e9s. Une mani\u00e8re \u00e0 peine voil\u00e9e de souligner le r\u00f4le central d\u2019Austin Reaves dans l\u2019\u00e9quilibre de l\u2019\u00e9quipe.<\/p>\n<p>James a \u00e9galement insist\u00e9 sur les cons\u00e9quences quotidiennes de cette instabilit\u00e9. \u00ab Quand les rotations changent sans arr\u00eat, c\u2019est difficile de trouver un rythme. La chimie sur le terrain, avec les gars qui jouent tous les soirs et ceux qui entrent en sortie de banc, \u00e7a prend du temps \u00bb, a-t-il expliqu\u00e9, tout en ajoutant aussit\u00f4t que cela ne devait pas servir d\u2019alibi collectif.<\/p>\n<p>Avec un bilan d\u00e9sormais \u00e0 20 victoires pour 11 d\u00e9faites, l\u2019\u00e9quipe californienne reste bien plac\u00e9e, mais avance difficilement. L\u2019incertitude autour de l\u2019\u00e9paule de Don\u010di\u0107 plane d\u00e9j\u00e0 sur les deux prochains matchs face \u00e0 Memphis, programm\u00e9s coup sur coup \u00e0 domicile. En attendant un point m\u00e9dical clair, l\u2019inqui\u00e9tude grandit chez les supporters, conscients que la moindre absence suppl\u00e9mentaire pourrait fragiliser un \u00e9quilibre d\u00e9j\u00e0 pr\u00e9caire.<\/p>\n","protected":false},"excerpt":{"rendered":"Par R\u00e9daction |\u00a0Sport Malgr\u00e9 une feuille de stats flatteuse, quelque chose ne collait pas sur le parquet aux&hellip;\n","protected":false},"author":2,"featured_media":633219,"comment_status":"","ping_status":"","sticky":false,"template":"","format":"standard","meta":{"footnotes":""},"categories":[1586],"tags":[11,1777,674,1779,1011,27,8641,62324,51491,2182,12,25,1778,364],"class_list":{"0":"post-633218","1":"post","2":"type-post","3":"status-publish","4":"format-standard","5":"has-post-thumbnail","7":"category-europe","8":"tag-actualites","9":"tag-eu","10":"tag-europe","11":"tag-european-union","12":"tag-fr","13":"tag-france","14":"tag-lebron-james","15":"tag-los-angeles-lakers","16":"tag-luka-doncic","17":"tag-nba","18":"tag-news","19":"tag-republique-francaise","20":"tag-ue","21":"tag-union-europeenne"},"share_on_mastodon":{"url":"https:\/\/pubeurope.com\/@fr\/115817074562518192","error":""},"_links":{"self":[{"href":"https:\/\/www.europesays.com\/fr\/wp-json\/wp\/v2\/posts\/633218","targetHints":{"allow":["GET"]}}],"collection":[{"href":"https:\/\/www.europesays.com\/fr\/wp-json\/wp\/v2\/posts"}],"about":[{"href":"https:\/\/www.europesays.com\/fr\/wp-json\/wp\/v2\/types\/post"}],"author":[{"embeddable":true,"href":"https:\/\/www.europesays.com\/fr\/wp-json\/wp\/v2\/users\/2"}],"replies":[{"embeddable":true,"href":"https:\/\/www.europesays.com\/fr\/wp-json\/wp\/v2\/comments?post=633218"}],"version-history":[{"count":0,"href":"https:\/\/www.europesays.com\/fr\/wp-json\/wp\/v2\/posts\/633218\/revisions"}],"wp:featuredmedia":[{"embeddable":true,"href":"https:\/\/www.europesays.com\/fr\/wp-json\/wp\/v2\/media\/633219"}],"wp:attachment":[{"href":"https:\/\/www.europesays.com\/fr\/wp-json\/wp\/v2\/media?parent=633218"}],"wp:term":[{"taxonomy":"category","embeddable":true,"href":"https:\/\/www.europesays.com\/fr\/wp-json\/wp\/v2\/categories?post=633218"},{"taxonomy":"post_tag","embeddable":true,"href":"https:\/\/www.europesays.com\/fr\/wp-json\/wp\/v2\/tags?post=633218"}],"curies":[{"name":"wp","href":"https:\/\/api.w.org\/{rel}","templated":true}]}}