{"id":633220,"date":"2026-01-01T00:44:11","date_gmt":"2026-01-01T00:44:11","guid":{"rendered":"https:\/\/www.europesays.com\/fr\/633220\/"},"modified":"2026-01-01T00:44:11","modified_gmt":"2026-01-01T00:44:11","slug":"ce-quil-faut-retenir-de-lallocution-du-president","status":"publish","type":"post","link":"https:\/\/www.europesays.com\/fr\/633220\/","title":{"rendered":"Ce qu\u2019il faut retenir de l\u2019allocution du pr\u00e9sident"},"content":{"rendered":"<p>Pour ses neuvi\u00e8mes <a href=\"https:\/\/www.20minutes.fr\/dossier\/voeux\" target=\"_blank\" class=\"c-link c-link--is-underlined\" rel=\"noopener\">v\u0153ux<\/a> aux Fran\u00e7ais, et avant-derniers de son second mandat, <a href=\"https:\/\/www.20minutes.fr\/politique\/emmanuel-macron\/\" target=\"_blank\" class=\"c-link c-link--is-underlined\" rel=\"noopener\">Emmanuel Macron<\/a> a voulu poser un cadre politique clair pour\u00a02026, autour de trois mots-cl\u00e9s\u00a0: unit\u00e9, force et esp\u00e9rance. Dans un contexte politique et international tendu, le chef de l\u2019Etat a cherch\u00e9 \u00e0 rappeler la solidit\u00e9 du pays tout en tra\u00e7ant des perspectives pour l\u2019ann\u00e9e \u00e0 venir, \u00e0 un peu plus d\u2019un an de l\u2019\u00e9lection pr\u00e9sidentielle de\u00a02027.<\/p>\n<p>D\u00e8s l\u2019ouverture de son allocution, le <a href=\"https:\/\/www.20minutes.fr\/dossier\/president\" target=\"_blank\" class=\"c-link c-link--is-underlined\" rel=\"noopener\">pr\u00e9sident de la R\u00e9publique<\/a> a insist\u00e9 sur la r\u00e9silience de la France. \u00ab\u00a0Gr\u00e2ce \u00e0 l\u2019engagement de tous, gr\u00e2ce \u00e0 vous, nous tenons \u2013 oui, notre pays tient\u00a0\u00bb, a-t-il d\u00e9clar\u00e9, mettant en avant la solidit\u00e9 des institutions, l\u2019efficacit\u00e9 des arm\u00e9es, la tenue de l\u2019\u00e9conomie et une inflation parmi \u00ab\u00a0les plus faibles de la zone euro\u00a0\u00bb. Un message destin\u00e9 \u00e0 contrer les discours alarmistes, alors que le d\u00e9bat politique est marqu\u00e9 par des appels \u00e0 une pr\u00e9sidentielle anticip\u00e9e.<\/p>\n<p>Macron pr\u00e9occup\u00e9 par la situation internationale<\/p>\n<p>Sur le plan international, Emmanuel Macron a dress\u00e9 un constat pr\u00e9occupant, \u00e9voquant \u00ab\u00a0le retour des empires et la remise en cause de l\u2019ordre international\u00a0\u00bb. Face \u00e0 ce contexte, il a plaid\u00e9 pour un renforcement rapide de la d\u00e9fense europ\u00e9enne et de l\u2019autonomie strat\u00e9gique du continent. \u00ab\u00a0L\u2019<a href=\"https:\/\/www.20minutes.fr\/dossier\/europe\" target=\"_blank\" class=\"c-link c-link--is-underlined\" rel=\"noopener\">Europe<\/a> de la d\u00e9fense a longtemps \u00e9t\u00e9 un d\u00e9bat. Elle a commenc\u00e9 de se faire\u00a0\u00bb, a-t-il affirm\u00e9, annon\u00e7ant qu\u2019\u00ab\u00a0d\u00e8s le 6\u00a0janvier prochain \u00e0 Paris\u00a0\u00bb, plusieurs Etats europ\u00e9ens et alli\u00e9s prendront \u00ab\u00a0des engagements concrets pour prot\u00e9ger l\u2019<a href=\"https:\/\/www.20minutes.fr\/monde\/ukraine\/\" target=\"_blank\" class=\"c-link c-link--is-underlined\" rel=\"noopener\">Ukraine<\/a> et assurer une paix juste et durable\u00a0\u00bb.<\/p>\n<\/p>\n<p>Le chef de l\u2019Etat a \u00e9galement \u00e9largi cette notion de souverainet\u00e9 \u00e0 l\u2019\u00e9conomie, appelant \u00e0 prot\u00e9ger \u00ab\u00a0notre Europe industrielle et agricole\u00a0\u00bb par des \u00ab\u00a0r\u00e8gles de commerce loyales et justes\u00a0\u00bb vis-\u00e0-vis du reste du monde. Sur le plan int\u00e9rieur, le pr\u00e9sident a affirm\u00e9 qu\u2019il est \u00ab\u00a0indispensable\u00a0\u00bb que le gouvernement et le Parlement s\u2019attellent \u00ab\u00a0d\u00e8s les premi\u00e8res semaines de l\u2019ann\u00e9e\u00a0\u00bb 2026 \u00e0 \u00ab\u00a0b\u00e2tir des accords\u00a0\u00bb pour \u00ab\u00a0doter la Nation d\u2019un budget\u00a0\u00bb.<\/p>\n<p>\u00ab\u00a0Je serai jusqu\u2019\u00e0 la derni\u00e8re seconde au travail\u00a0\u00bb<\/p>\n<p>A un an de la derni\u00e8re ligne droite de son mandat, Emmanuel Macron a tenu \u00e0 rappeler son engagement institutionnel. \u00ab\u00a0Je serai jusqu\u2019\u00e0 la derni\u00e8re seconde au travail, t\u00e2chant chaque jour d\u2019\u00eatre \u00e0 la hauteur du mandat que vous m\u2019avez confi\u00e9\u00a0\u00bb, a-t-il assur\u00e9, soulignant que la <a href=\"https:\/\/www.20minutes.fr\/elections\/presidentielle\/\" target=\"_blank\" class=\"c-link c-link--is-underlined\" rel=\"noopener\">pr\u00e9sidentielle de\u00a02027<\/a> sera \u00ab\u00a0la premi\u00e8re \u00e0 laquelle je ne participerai pas depuis dix ans\u00a0\u00bb. Il a aussi promis de tout mettre en \u0153uvre pour que le <a href=\"https:\/\/www.20minutes.fr\/dossier\/scrutin\" target=\"_blank\" class=\"c-link c-link--is-underlined\" rel=\"noopener\">scrutin<\/a> se d\u00e9roule \u00ab\u00a0le plus sereinement possible\u00a0\u00bb, notamment \u00ab\u00a0\u00e0 l\u2019abri de toute ing\u00e9rence \u00e9trang\u00e8re\u00a0\u00bb.<\/p>\n<p><a href=\"https:\/\/www.20minutes.fr\/politique\/\" target=\"_blank\" class=\"c-link c-btn c-btn--primary\" rel=\"noopener\">Notre dossier Politique<\/a><\/p>\n<p>Enfin, le pr\u00e9sident a d\u00e9taill\u00e9 plusieurs chantiers prioritaires pour\u00a02026, qu\u2019il souhaite voir aboutir. L\u2019ann\u00e9e\u00a02026 \u00ab\u00a0peut \u00eatre et sera une ann\u00e9e utile\u00a0\u00bb, a-t-il d\u00e9clar\u00e9, citant le lancement du service national pour l\u2019engagement des jeunes, la protection des mineurs face aux <a href=\"https:\/\/www.20minutes.fr\/dossier\/reseaux_sociaux\" target=\"_blank\" class=\"c-link c-link--is-underlined\" rel=\"noopener\">r\u00e9seaux sociaux<\/a> et aux \u00e9crans, ainsi que l\u2019aboutissement du travail l\u00e9gislatif sur la fin de vie. Il s\u2019est aussi engag\u00e9 \u00e0 aller \u00ab\u00a0au bout du travail l\u00e9gislatif sur la question de la fin de vie\u00a0\u00bb Pour finir, Emmanuel Macron a formul\u00e9 un \u00ab\u00a0v\u0153u d\u2019esp\u00e9rance\u00a0\u00bb, appelant \u00e0 ne pas renoncer au progr\u00e8s, ni \u00e0 \u00ab\u00a0r\u00e9concilier climat, biodiversit\u00e9, croissance et ind\u00e9pendance\u00a0\u00bb, tout en invitant le pays \u00e0 \u00ab\u00a0r\u00e9sister \u00e0 l\u2019air du temps\u00a0\u00bb.<\/p>\n","protected":false},"excerpt":{"rendered":"Pour ses neuvi\u00e8mes v\u0153ux aux Fran\u00e7ais, et avant-derniers de son second mandat, Emmanuel Macron a voulu poser un&hellip;\n","protected":false},"author":2,"featured_media":633221,"comment_status":"","ping_status":"","sticky":false,"template":"","format":"standard","meta":{"footnotes":""},"categories":[2],"tags":[47,11,1073,1011,27,12,316,25,252,74173],"class_list":{"0":"post-633220","1":"post","2":"type-post","3":"status-publish","4":"format-standard","5":"has-post-thumbnail","7":"category-actualites","8":"tag-actualite","9":"tag-actualites","10":"tag-emmanuel-macron","11":"tag-fr","12":"tag-france","13":"tag-news","14":"tag-politique","15":"tag-republique-francaise","16":"tag-television","17":"tag-voeux"},"share_on_mastodon":{"url":"https:\/\/pubeurope.com\/@fr\/115817078050964480","error":""},"_links":{"self":[{"href":"https:\/\/www.europesays.com\/fr\/wp-json\/wp\/v2\/posts\/633220","targetHints":{"allow":["GET"]}}],"collection":[{"href":"https:\/\/www.europesays.com\/fr\/wp-json\/wp\/v2\/posts"}],"about":[{"href":"https:\/\/www.europesays.com\/fr\/wp-json\/wp\/v2\/types\/post"}],"author":[{"embeddable":true,"href":"https:\/\/www.europesays.com\/fr\/wp-json\/wp\/v2\/users\/2"}],"replies":[{"embeddable":true,"href":"https:\/\/www.europesays.com\/fr\/wp-json\/wp\/v2\/comments?post=633220"}],"version-history":[{"count":0,"href":"https:\/\/www.europesays.com\/fr\/wp-json\/wp\/v2\/posts\/633220\/revisions"}],"wp:featuredmedia":[{"embeddable":true,"href":"https:\/\/www.europesays.com\/fr\/wp-json\/wp\/v2\/media\/633221"}],"wp:attachment":[{"href":"https:\/\/www.europesays.com\/fr\/wp-json\/wp\/v2\/media?parent=633220"}],"wp:term":[{"taxonomy":"category","embeddable":true,"href":"https:\/\/www.europesays.com\/fr\/wp-json\/wp\/v2\/categories?post=633220"},{"taxonomy":"post_tag","embeddable":true,"href":"https:\/\/www.europesays.com\/fr\/wp-json\/wp\/v2\/tags?post=633220"}],"curies":[{"name":"wp","href":"https:\/\/api.w.org\/{rel}","templated":true}]}}