{"id":633222,"date":"2026-01-01T00:45:32","date_gmt":"2026-01-01T00:45:32","guid":{"rendered":"https:\/\/www.europesays.com\/fr\/633222\/"},"modified":"2026-01-01T00:45:32","modified_gmt":"2026-01-01T00:45:32","slug":"entretien-ca-risque-detre-puissance-10-le-president-de-la-chambre-dagriculture-du-tarn-met-en-garde-le-prefet-apres-son-depot-de-plainte","status":"publish","type":"post","link":"https:\/\/www.europesays.com\/fr\/633222\/","title":{"rendered":"ENTRETIEN. \u00ab\u00a0\u00c7a risque d\u2019\u00eatre puissance 10\u00a0\u00bb\u00a0: le pr\u00e9sident de la Chambre d\u2019agriculture du Tarn met en garde le pr\u00e9fet apr\u00e8s son d\u00e9p\u00f4t de plainte"},"content":{"rendered":"<p>\n                                                                    l&rsquo;essentiel<br \/>\n                                                                Apr\u00e8s les pol\u00e9miques qui ont suivi la lev\u00e9e du blocage de la rocade d\u2019Albi par la Coordination rurale, S\u00e9bastien Bruy\u00e8re, le pr\u00e9sident de la Chambre d\u2019agriculture, assume de flirter avec la limite mais d\u00e9ment tout d\u00e9p\u00f4t d\u2019amiante par des agriculteurs. Il met \u00e9galement en garde le pr\u00e9fet.\n                            <\/p>\n<p class=\"txt-question\">De l\u2019amiante, notamment des plaques de fibrociment, a \u00e9t\u00e9 retrouv\u00e9 abandonn\u00e9e sur la RN 88. Sur les r\u00e9seaux sociaux, la Coordination rurale contestait \u00eatre responsable. Quelle est votre r\u00e9action\u00a0?<\/p>\n<p>\u00c0 aucun moment quelqu\u2019un a demand\u00e9 aux manifestants pr\u00e9sents sur la rocade de venir d\u00e9poser des d\u00e9chets amiant\u00e9s. Je ne cautionne aucun de ces d\u00e9p\u00f4ts, soyons tr\u00e8s clairs. J\u2019ai \u00e9t\u00e9 le premier surpris de lire dans vos colonnes qu\u2019une montagne d\u2019amiante avait \u00e9t\u00e9 retrouv\u00e9e.<\/p>\n<p>        <img decoding=\"async\" class=\"std-img__img responsive-img\" src=\"https:\/\/www.europesays.com\/fr\/wp-content\/uploads\/2026\/01\/1767228330_799_image.jpg\" alt=\"Ce mardi, une entreprise sp\u00e9cialis\u00e9e a retir\u00e9 des d\u00e9chets amiant\u00e9s abandonn\u00e9s sur la rocade.\"\/><\/p>\n<p>                Ce mardi, une entreprise sp\u00e9cialis\u00e9e a retir\u00e9 des d\u00e9chets amiant\u00e9s abandonn\u00e9s sur la rocade.<br \/>\n                                    DDM &#8211; Samuel Cad\u00e8ne<\/p>\n<p class=\"txt-question\">Donc ce n\u2019est pas la faute des agriculteurs\u00a0?<\/p>\n<p>Pas du tout. Certains, hors agriculteurs, ont pu profiter de l\u2019occasion et du fait que nous avons \u00e9t\u00e9 tr\u00e8s nombreux, pour venir, \u00e0 mon sens la nuit, se d\u00e9barrasser de quelques pi\u00e8ces d\u2019amiante g\u00eanantes.<\/p>\n<p class=\"std-elt__inline\">\n        <strong>\u00c0 lire aussi :<\/strong><br \/>\n        <a href=\"https:\/\/www.ladepeche.fr\/2025\/12\/30\/colere-des-agriculteurs-apres-dimportantes-operations-de-nettoyage-et-de-securisation-on-connait-enfin-la-date-de-reouverture-de-la-rocade-dalbi-13136997.php\" target=\"_blank\" rel=\"noopener\">Col\u00e8re des agriculteurs\u00a0: apr\u00e8s d\u2019importantes op\u00e9rations de nettoyage et de s\u00e9curisation, on conna\u00eet enfin la date de r\u00e9ouverture de la rocade d\u2019Albi<\/a>\n    <\/p>\n<p class=\"txt-question\">Concernant les autres d\u00e9gradations, qu\u2019il s\u2019agisse d\u2019un radar mobile d\u00e9grad\u00e9 et tagu\u00e9 ou des glissi\u00e8res de s\u00e9curit\u00e9 rendues inutilisables, vous les contestez \u00e9galement\u00a0?<\/p>\n<p>Absolument. Les glissi\u00e8res de s\u00e9curit\u00e9 avaient \u00e9t\u00e9 d\u00e9mont\u00e9es \u00e0 la main et laiss\u00e9es sur place \u00e0 c\u00f4t\u00e9 de celles qui n\u2019avaient pas \u00e9t\u00e9 d\u00e9mont\u00e9es. Elles avaient \u00e9t\u00e9 retir\u00e9es pour permettre aux tracteurs de pouvoir faire demi-tour. Je ne vois pas comment on aurait pu les casser \u00e0 la main.<\/p>\n<p class=\"std-elt__inline\">\n        <strong>\u00c0 lire aussi :<\/strong><br \/>\n        <a href=\"https:\/\/www.ladepeche.fr\/2025\/12\/30\/info-la-depeche-colere-des-agriculteurs-une-montagne-de-dechets-amiantes-laissee-sur-la-rocade-dalbi-apres-le-blocage-un-chantier-de-desamiantage-est-13136735.php\" target=\"_blank\" rel=\"noopener\">INFO LA DEPECHE. Col\u00e8re des agriculteurs\u00a0: une montagne de d\u00e9chets amiant\u00e9s laiss\u00e9e sur la rocade d\u2019Albi apr\u00e8s le blocage, un chantier de d\u00e9samiantage est en cours<\/a>\n    <\/p>\n<p class=\"txt-question\">Et pour le radar mobile\u00a0?<\/p>\n<p>L\u00e0 aussi, les tags sur le radar, ils \u00e9taient l\u00e0 avant. Ce radar \u00e9tait route de Castres et il n\u2019a pas attendu les agriculteurs pour \u00eatre tagu\u00e9. J\u2019apprends que plusieurs roues ont \u00e9t\u00e9 cass\u00e9es, mais le radar fonctionne encore. Il n\u2019y avait aucune volont\u00e9 de le mettre hors service. Si nous avions voulu v\u00e9ritablement le d\u00e9truire, nous aurions pu le faire avec nos engins agricoles, or ce n\u2019est pas le cas.<\/p>\n<p class=\"txt-question\">Pourquoi avoir cibl\u00e9 ce radar\u00a0?<\/p>\n<p>Car c\u2019est un symbole. On l\u2019a promen\u00e9 \u00e0 travers le Tarn comme l\u2019\u00c9tat prom\u00e8ne les agriculteurs depuis dix ans.<\/p>\n<p class=\"txt-question\">Que r\u00e9pondez-vous aux gens qui s\u2019offusquent de voir de l\u2019amiante sur la rocade et se plaignent des fum\u00e9es toxiques li\u00e9es aux incendies des d\u00e9chets laiss\u00e9s par vos soins sur les ronds-points\u00a0?<\/p>\n<p>Les incendies, ce ne sont pas les agriculteurs qui les ont allum\u00e9s. Apr\u00e8s, que l\u2019amiante ou les fum\u00e9es ne plaisent pas aux gens, on le comprend sans souci. Le probl\u00e8me, c\u2019est qu\u2019on en revient toujours \u00e0 la m\u00eame chose\u00a0: on ne fait pas d\u2019omelettes sans casser des \u0153ufs. Attention, je ne cautionne rien, je dis simplement que quand on ne flirte pas avec la limite, on ne nous prend pas au s\u00e9rieux. On peut aussi prendre le probl\u00e8me \u00e0 l\u2019envers.<\/p>\n<p>        <img decoding=\"async\" class=\"std-img__img responsive-img\" src=\"https:\/\/www.europesays.com\/fr\/wp-content\/uploads\/2026\/01\/1767228331_279_image.jpg\" alt=\"S\u00e9bastien Bruy\u00e8re, le pr\u00e9sident de la Chambre d\u2019Agriculture du Tarn.\"\/><\/p>\n<p>                S\u00e9bastien Bruy\u00e8re, le pr\u00e9sident de la Chambre d\u2019Agriculture du Tarn.<br \/>\n                                    DDM &#8211; MARIE PIERRE VOLLE<\/p>\n<p class=\"txt-question\">C\u2019est-\u00e0-dire\u00a0?<\/p>\n<p>Si nous avions \u00e9t\u00e9 plus \u00e9cout\u00e9s, nous aurions sans doute eu beaucoup moins de bennes \u00e0 vider sur les giratoires et il n\u2019y aurait pas eu de probl\u00e8me de fum\u00e9es\u2026 Maintenant, je comprends que certaines personnes aient pu \u00eatre choqu\u00e9es, mais je le dis et je le r\u00e9p\u00e8te, les agriculteurs ne sont pas l\u00e0 pour polluer.<\/p>\n<p>        <img decoding=\"async\" class=\"std-img__img responsive-img\" src=\"https:\/\/www.europesays.com\/fr\/wp-content\/uploads\/2026\/01\/1767228332_327_image.jpg\" alt=\"Le pr\u00e9sident de la Chambre d\u2019Agriculture du Tarn d\u00e9ment et condamne les d\u00e9p\u00f4ts de d\u00e9chets amiant\u00e9s sur la rocade d\u2019Albi.\"\/><\/p>\n<p>                Le pr\u00e9sident de la Chambre d\u2019Agriculture du Tarn d\u00e9ment et condamne les d\u00e9p\u00f4ts de d\u00e9chets amiant\u00e9s sur la rocade d\u2019Albi.<br \/>\n                                    DDM &#8211; Samuel Cad\u00e8ne<\/p>\n<p class=\"txt-question\">Le pr\u00e9fet du Tarn a d\u00e9pos\u00e9 plainte contre vous. Quel regard portez-vous sur cela\u00a0?<\/p>\n<p>Il \u00e9tait venu \u00e0 notre rencontre sur le barrage et \u00e7a s\u2019\u00e9tait plut\u00f4t bien pass\u00e9. Maintenant, s\u2019il d\u00e9cide de porter plainte, c\u2019est lui qui le voit. Je tiens simplement \u00e0 lui pr\u00e9ciser que dans le Tarn, il a de la chance.<\/p>\n<p class=\"std-elt__inline\">\n        <strong>\u00c0 lire aussi :<\/strong><br \/>\n        <a href=\"https:\/\/www.ladepeche.fr\/2025\/12\/31\/info-la-depeche-colere-des-agriculteurs-apres-les-degradations-sur-la-rocade-dalbi-le-prefet-du-tarn-annonce-quil-va-deposer-plainte-13137409.php\" target=\"_blank\" rel=\"noopener\">INFO LA DEPECHE. Col\u00e8re des agriculteurs\u00a0: apr\u00e8s les d\u00e9gradations sur la rocade d\u2019Albi, le pr\u00e9fet du Tarn annonce qu\u2019il va d\u00e9poser plainte<\/a>\n    <\/p>\n<p class=\"txt-question\">Pourquoi\u00a0?<\/p>\n<p>Car nous sommes loin d\u2019\u00eatre les plus virulents. Quand on compare avec les d\u00e9partements voisins, on est les plus sages de la bande\u2026<\/p>\n<p class=\"txt-question\">Pour combien de temps encore allez-vous rester sages\u00a0?<\/p>\n<p>Je ne sais pas. Tout d\u00e9pendra de la r\u00e9union avec le Premier ministre d\u00e9but janvier. S\u2019il maintient l\u2019abattage total, qui plus est dans un d\u00e9partement comme ici qui sera bient\u00f4t totalement vaccin\u00e9, ce qui s\u2019est pass\u00e9 sur la rocade, \u00e7a risque d\u2019\u00eatre puissance dix.<\/p>\n","protected":false},"excerpt":{"rendered":"l&rsquo;essentiel Apr\u00e8s les pol\u00e9miques qui ont suivi la lev\u00e9e du blocage de la rocade d\u2019Albi par la Coordination&hellip;\n","protected":false},"author":2,"featured_media":633223,"comment_status":"","ping_status":"","sticky":false,"template":"","format":"standard","meta":{"footnotes":""},"categories":[2],"tags":[11,327,7296,33,1011,27,12,25,8412],"class_list":{"0":"post-633222","1":"post","2":"type-post","3":"status-publish","4":"format-standard","5":"has-post-thumbnail","7":"category-actualites","8":"tag-actualites","9":"tag-agriculture","10":"tag-albi","11":"tag-economie","12":"tag-fr","13":"tag-france","14":"tag-news","15":"tag-republique-francaise","16":"tag-tarn"},"share_on_mastodon":{"url":"https:\/\/pubeurope.com\/@fr\/115817082191495843","error":""},"_links":{"self":[{"href":"https:\/\/www.europesays.com\/fr\/wp-json\/wp\/v2\/posts\/633222","targetHints":{"allow":["GET"]}}],"collection":[{"href":"https:\/\/www.europesays.com\/fr\/wp-json\/wp\/v2\/posts"}],"about":[{"href":"https:\/\/www.europesays.com\/fr\/wp-json\/wp\/v2\/types\/post"}],"author":[{"embeddable":true,"href":"https:\/\/www.europesays.com\/fr\/wp-json\/wp\/v2\/users\/2"}],"replies":[{"embeddable":true,"href":"https:\/\/www.europesays.com\/fr\/wp-json\/wp\/v2\/comments?post=633222"}],"version-history":[{"count":0,"href":"https:\/\/www.europesays.com\/fr\/wp-json\/wp\/v2\/posts\/633222\/revisions"}],"wp:featuredmedia":[{"embeddable":true,"href":"https:\/\/www.europesays.com\/fr\/wp-json\/wp\/v2\/media\/633223"}],"wp:attachment":[{"href":"https:\/\/www.europesays.com\/fr\/wp-json\/wp\/v2\/media?parent=633222"}],"wp:term":[{"taxonomy":"category","embeddable":true,"href":"https:\/\/www.europesays.com\/fr\/wp-json\/wp\/v2\/categories?post=633222"},{"taxonomy":"post_tag","embeddable":true,"href":"https:\/\/www.europesays.com\/fr\/wp-json\/wp\/v2\/tags?post=633222"}],"curies":[{"name":"wp","href":"https:\/\/api.w.org\/{rel}","templated":true}]}}