{"id":633234,"date":"2026-01-01T00:57:11","date_gmt":"2026-01-01T00:57:11","guid":{"rendered":"https:\/\/www.europesays.com\/fr\/633234\/"},"modified":"2026-01-01T00:57:11","modified_gmt":"2026-01-01T00:57:11","slug":"trois-femmes-dans-la-neige-a-orsay","status":"publish","type":"post","link":"https:\/\/www.europesays.com\/fr\/633234\/","title":{"rendered":"Trois femmes dans la neige \u00e0 Orsay"},"content":{"rendered":"<p>\t\t\t<a href=\"https:\/\/www.latribunedelart.com\/la-parite-dans-la-peinture\" class=\"card__url\" rel=\"bookmark noopener\" target=\"_blank\"><br \/>\n\t\t\t\t<strong class=\"card__title\"><br \/>\n\t\t\t\t\tLa parit\u00e9 dans la peinture<\/strong><br \/>\n\t\t\t<\/a><\/p>\n<p class=\"crayon article-intro-10117 card__text introduction\">\n\t\t\t\tPeu de semaines passent, voire de jours sans que l\u2019on apprenne l\u2019acquisition par un mus\u00e9e, notamment un mus\u00e9e am\u00e9ricain, d\u2019une \u0153uvre d\u2019artiste femme. Redisons \u00e0 quel point cette politique\u2026\n\t\t\t<\/p>\n<p class=\"card__metas postmeta\">\n<p>\t\t\t\t\tDidier Rykner<\/p>\n<p>\t\t\t\t\t6 novembre 2022<\/p>\n<p>\t\t\t\t\t\u00c9ditoriaux,\u00a0Mus\u00e9es<\/p>\n<p>\t\t\t Contenu abonn\u00e9s<\/p>\n","protected":false},"excerpt":{"rendered":"La parit\u00e9 dans la peinture Peu de semaines passent, voire de jours sans que l\u2019on apprenne l\u2019acquisition par&hellip;\n","protected":false},"author":2,"featured_media":633235,"comment_status":"","ping_status":"","sticky":false,"template":"","format":"standard","meta":{"footnotes":""},"categories":[1358],"tags":[1348,1384,1385,1386,58,59,1011,27],"class_list":{"0":"post-633234","1":"post","2":"type-post","3":"status-publish","4":"format-standard","5":"has-post-thumbnail","7":"category-arts-et-design","8":"tag-arts","9":"tag-arts-and-design","10":"tag-arts-et-design","11":"tag-design","12":"tag-divertissement","13":"tag-entertainment","14":"tag-fr","15":"tag-france"},"share_on_mastodon":{"url":"https:\/\/pubeurope.com\/@fr\/115817129074340111","error":""},"_links":{"self":[{"href":"https:\/\/www.europesays.com\/fr\/wp-json\/wp\/v2\/posts\/633234","targetHints":{"allow":["GET"]}}],"collection":[{"href":"https:\/\/www.europesays.com\/fr\/wp-json\/wp\/v2\/posts"}],"about":[{"href":"https:\/\/www.europesays.com\/fr\/wp-json\/wp\/v2\/types\/post"}],"author":[{"embeddable":true,"href":"https:\/\/www.europesays.com\/fr\/wp-json\/wp\/v2\/users\/2"}],"replies":[{"embeddable":true,"href":"https:\/\/www.europesays.com\/fr\/wp-json\/wp\/v2\/comments?post=633234"}],"version-history":[{"count":0,"href":"https:\/\/www.europesays.com\/fr\/wp-json\/wp\/v2\/posts\/633234\/revisions"}],"wp:featuredmedia":[{"embeddable":true,"href":"https:\/\/www.europesays.com\/fr\/wp-json\/wp\/v2\/media\/633235"}],"wp:attachment":[{"href":"https:\/\/www.europesays.com\/fr\/wp-json\/wp\/v2\/media?parent=633234"}],"wp:term":[{"taxonomy":"category","embeddable":true,"href":"https:\/\/www.europesays.com\/fr\/wp-json\/wp\/v2\/categories?post=633234"},{"taxonomy":"post_tag","embeddable":true,"href":"https:\/\/www.europesays.com\/fr\/wp-json\/wp\/v2\/tags?post=633234"}],"curies":[{"name":"wp","href":"https:\/\/api.w.org\/{rel}","templated":true}]}}