{"id":633236,"date":"2026-01-01T00:59:13","date_gmt":"2026-01-01T00:59:13","guid":{"rendered":"https:\/\/www.europesays.com\/fr\/633236\/"},"modified":"2026-01-01T00:59:13","modified_gmt":"2026-01-01T00:59:13","slug":"the-big-bang-theory-ce-jour-ou-kunal-nayyar-raj-sest-excuse-pour-son-comportement-sur-le-tournage","status":"publish","type":"post","link":"https:\/\/www.europesays.com\/fr\/633236\/","title":{"rendered":"The Big Bang Theory : Ce jour o\u00f9 Kunal Nayyar (Raj) s&rsquo;est excus\u00e9 pour son comportement sur le tournage"},"content":{"rendered":"<p>Kunal Nayyar a reconnu ne pas avoir toujours eu un bon comportement sur le tournage de The Big Bang Theory. Quelque temps apr\u00e8s la fin de la s\u00e9rie, le com\u00e9dien qui interpr\u00e8te Raj dans la s\u00e9rie a tenu \u00e0 pr\u00e9senter ses excuses.<\/p>\n<p>The Big Bang Theory a \u00e9t\u00e9 un \u00e9norme tremplin pour la carri\u00e8re des diff\u00e9rents com\u00e9diens. <a href=\"https:\/\/www.programme-tv.net\/news\/series-tv\/394618-the-big-bang-theory-kunal-nayyar-rajesh-revele-ce-que-le-succes-de-la-serie-lui-a-permis-de-faire\/\" data-api-deeplink=\"teleloisirs:\/\/news\/394618\" target=\"_blank\" rel=\"noopener\">Kunal Nayyar a notamment fait savoir que le succ\u00e8s de la s\u00e9rie lui a permis de faire quelque chose de tr\u00e8s important.<\/a> L&rsquo;interpr\u00e8te de Raj garde de tr\u00e8s beaux souvenirs de The Big Bang Theory, m\u00eame s&rsquo;<a href=\"https:\/\/www.programme-tv.net\/news\/series-tv\/321609-cetait-frustrant-cette-intrigue-majeure-sur-raj-que-kunal-nayyar-regrette-dans-the-big-bang-theory\/\" data-api-deeplink=\"teleloisirs:\/\/news\/321609\" target=\"_blank\" rel=\"noopener\">il a avou\u00e9 avoir regrett\u00e9 cette intrigue concernant son personnage<\/a> et qu&rsquo;<a href=\"https:\/\/www.programme-tv.net\/news\/series-tv\/292928-the-big-bang-theory-jai-manque-des-deces-kunal-nayyar-se-confie-sur-les-sacrifices-quil-a-faits-dans-sa-vie-pour-jouer-dans-la-serie\/\" data-api-deeplink=\"teleloisirs:\/\/news\/292928\" target=\"_blank\" rel=\"noopener\">il a d\u00fb faire pas mal de sacrifices pour pouvoir \u00eatre pr\u00e9sent au casting de la s\u00e9rie. <\/a>Bien des ann\u00e9es apr\u00e8s la fin de la sitcom,<b> <\/b>Kunal Nayyar a tenu \u00e0 pr\u00e9senter publiquement ses excuses \u00e0 ses camarades de jeu pour son comportement sur le tournage.<\/p>\n<p>Pourquoi Kunal Nayyar provoquait-il parfois l&rsquo;agacement sur le plateau de tournage de The Big Bang Theory ?<\/p>\n<p>Mais que s&rsquo;est-il pass\u00e9 pour que Kunal Nayyar demande pardon aux autres com\u00e9diens de The Big Bang Theory et aux \u00e9quipes de tournage ? Il se trouve que, dans la s\u00e9rie, l&rsquo;acteur a tourn\u00e9 de nombreuses sc\u00e8nes avec Simon Helberg, l&rsquo;interpr\u00e8te de Howard Wolowitz, et parfois, il a eu du mal \u00e0 garder son s\u00e9rieux face \u00e0 lui. \u00ab\u00a0Vous savez, Simon Helberg, qui jouait Wolowitz, reste l&rsquo;homme le plus dr\u00f4le qui ait jamais exist\u00e9. \u00c0 chaque fois que je tournais une sc\u00e8ne avec lui, il faisait quelque chose qui me faisait \u00e9clater de rire\u00a0\u00bb, a-t-il racont\u00e9 au New York Post avant d&rsquo;ajouter : \u00ab\u00a0Je ne suis pas s\u00fbr de les avoir \u00e9nerv\u00e9s, mais on se retrouve devant un public. Il faut que ce soit parfait. On ne peut pas se permettre de faire n&rsquo;importe quoi. J&rsquo;\u00e9tais assez g\u00ean\u00e9 parce que je me plantais tout le temps.\u00a0\u00bb<\/p>\n<p>Pour rester s\u00e9rieux face \u00e0 <a href=\"https:\/\/www.programme-tv.net\/biographie\/54363-helberg-simon\/\" data-link-people=\"57b38adf-ce83-44cb-81c9-80e5e0efdd02\" target=\"_blank\" rel=\"noopener\">Simon Helberg<\/a> et \u00e9viter de recommencer une prise, Kunal Nayyar avait trouv\u00e9 une m\u00e9thode bien \u00e0 lui. \u00ab\u00a0J\u2019attendais que la cam\u00e9ra se tourne vers l\u2019autre acteur, puis je faisais une pause et je revenais\u00a0\u00bb, a-t-il d\u00e9clar\u00e9 avant de conclure : \u00ab\u00a0Mais j&rsquo;ai \u00e9t\u00e9 horrible, alors je pr\u00e9sente mes excuses \u00e0 tout le monde. Nous avons eu beaucoup de chance de travailler dans une ambiance aussi chaleureuse et joyeuse pendant 12 ans.\u00a0\u00bb<\/p>\n<p>Article \u00e9crit avec la collaboration de 6m\u00e9dias.<\/p>\n","protected":false},"excerpt":{"rendered":"Kunal Nayyar a reconnu ne pas avoir toujours eu un bon comportement sur le tournage de The Big&hellip;\n","protected":false},"author":2,"featured_media":633237,"comment_status":"","ping_status":"","sticky":false,"template":"","format":"standard","meta":{"footnotes":""},"categories":[1356],"tags":[244,58,59,1011,27,5371,46117,10395,10396,4496,129,252,10399,1364],"class_list":{"0":"post-633236","1":"post","2":"type-post","3":"status-publish","4":"format-standard","5":"has-post-thumbnail","7":"category-television","8":"tag-commentaire","9":"tag-divertissement","10":"tag-entertainment","11":"tag-fr","12":"tag-france","13":"tag-hbo-max","14":"tag-kunal-nayyar","15":"tag-pub-streaming","16":"tag-su00e9ries-nostalgie","17":"tag-superstream","18":"tag-svod","19":"tag-television","20":"tag-the-big-bang-theory","21":"tag-tv"},"share_on_mastodon":{"url":"https:\/\/pubeurope.com\/@fr\/115817137042123433","error":""},"_links":{"self":[{"href":"https:\/\/www.europesays.com\/fr\/wp-json\/wp\/v2\/posts\/633236","targetHints":{"allow":["GET"]}}],"collection":[{"href":"https:\/\/www.europesays.com\/fr\/wp-json\/wp\/v2\/posts"}],"about":[{"href":"https:\/\/www.europesays.com\/fr\/wp-json\/wp\/v2\/types\/post"}],"author":[{"embeddable":true,"href":"https:\/\/www.europesays.com\/fr\/wp-json\/wp\/v2\/users\/2"}],"replies":[{"embeddable":true,"href":"https:\/\/www.europesays.com\/fr\/wp-json\/wp\/v2\/comments?post=633236"}],"version-history":[{"count":0,"href":"https:\/\/www.europesays.com\/fr\/wp-json\/wp\/v2\/posts\/633236\/revisions"}],"wp:featuredmedia":[{"embeddable":true,"href":"https:\/\/www.europesays.com\/fr\/wp-json\/wp\/v2\/media\/633237"}],"wp:attachment":[{"href":"https:\/\/www.europesays.com\/fr\/wp-json\/wp\/v2\/media?parent=633236"}],"wp:term":[{"taxonomy":"category","embeddable":true,"href":"https:\/\/www.europesays.com\/fr\/wp-json\/wp\/v2\/categories?post=633236"},{"taxonomy":"post_tag","embeddable":true,"href":"https:\/\/www.europesays.com\/fr\/wp-json\/wp\/v2\/tags?post=633236"}],"curies":[{"name":"wp","href":"https:\/\/api.w.org\/{rel}","templated":true}]}}