{"id":633238,"date":"2026-01-01T01:00:15","date_gmt":"2026-01-01T01:00:15","guid":{"rendered":"https:\/\/www.europesays.com\/fr\/633238\/"},"modified":"2026-01-01T01:00:15","modified_gmt":"2026-01-01T01:00:15","slug":"je-me-suis-retrouve-avec-rien-apres-avoir-quitte-un-groupe-mythique-ce-chanteur-a-du-tout-recommencer","status":"publish","type":"post","link":"https:\/\/www.europesays.com\/fr\/633238\/","title":{"rendered":"\u00ab\u00a0Je me suis retrouv\u00e9 avec rien\u00a0\u00bb : Apr\u00e8s avoir quitt\u00e9 un groupe mythique, ce chanteur a d\u00fb tout recommencer"},"content":{"rendered":"<p>                <img loading=\"lazy\" decoding=\"async\" src=\"https:\/\/www.europesays.com\/fr\/wp-content\/uploads\/2025\/04\/121-62909a850c1a7-35x35-1.jpg\" class=\"author-article-picture\" width=\"35\" height=\"35\"\/><\/p>\n<p>                    Par<\/p>\n<p>                                            <a class=\"author-article-bio-link\" href=\"https:\/\/www.purepeople.com\/auteur\/bertrand-bielle_a121\" target=\"_blank\" rel=\"noopener\">Bertrand Bielle<\/a><\/p>\n<p>                    |<\/p>\n<p>                                            Journaliste<\/p>\n<p>\n                Curieux de nature, Bertrand est toujours \u00e0 l\u2019affut du moindre petit scoop. Passionn\u00e9 par le football, il n\u2019est jamais bien loin du ballon rond et de toutes les actualit\u00e9s qui en d\u00e9coulent. Toutefois, l\u2019\u00e9v\u00e8nementiel du showbiz ou de la politique fait \u00e9galement partie de ses recherches journalistiques privil\u00e9gi\u00e9es.\n            <\/p>\n<p>\n    En 2003, un musicien embl\u00e9matique de la rumba flamenca avait racont\u00e9 comment il a v\u00e9cu son exclusion brutale d\u2019un c\u00e9l\u00e8bre groupe. Puis il expliquait comment il avait par la suite reconstruit sa carri\u00e8re en cr\u00e9ant sa propre bande. Il vient tout r\u00e9cemment de rendre hommage \u00e0 Brigitte Bardot qu&rsquo;il appr\u00e9ciait tant.\n<\/p>\n<p>                            <img loading=\"lazy\" decoding=\"async\" class=\"player-thumbnail\" src=\"https:\/\/www.europesays.com\/fr\/wp-content\/uploads\/2026\/01\/8d1952b93db7d9fe-580x326-1.jpg\" width=\"580\" height=\"326\"\/><\/p>\n<p>                            \u00ab\u00a0Je me suis retrouv\u00e9 avec rien\u00a0\u00bb : Apr\u00e8s avoir quitt\u00e9 un groupe mythique, ce chanteur a d\u00fb tout recommencer<\/p>\n<p>La suite apr\u00e8s la publicit\u00e9<\/p>\n<p>Le dimanche 28 d\u00e9cembre, la France a appris avec tristesse<a href=\"https:\/\/www.purepeople.com\/article\/brigitte-bardot-nous-a-quittes-a-lage-de-91-ans_a511631\/1\" target=\"_blank\" rel=\"noopener\"> la disparition de Brigitte Bardot, \u00e0 91 ans<\/a>. Invit\u00e9 sur BFMTV, Chico Bouchikhi a rendu un hommage bouleversant \u00e0\u00a0celle qu\u2019il consid\u00e9rait comme bien plus qu\u2019une amie.\u00a0\u00ab\u00a0\u00c7a a \u00e9t\u00e9 notre f\u00e9e, notre marraine, notre porte-bonheur. Une personne extraordinaire, d\u2019une g\u00e9n\u00e9rosit\u00e9 et d\u2019une fid\u00e9lit\u00e9 en amiti\u00e9 incroyables.\u00a0\u00bb a-t-il confi\u00e9.<\/p>\n<p>Pour rappel, il est l&rsquo;un des cofondateurs des Gipsy Kings, un c\u00e9l\u00e8bre groupe fran\u00e7ais de rumba flamenca et flamenco, originaire de Montpellier et d&rsquo;Arles (un groupe compos\u00e9 de musiciens issus de deux familles d&rsquo;origine catalane et gitane). Exclu du groupe en 1991, il fonde l&rsquo;ann\u00e9e suivante, son propre groupe : Chico and the Gypsies. En 2003, il \u00e9voquait justement sa s\u00e9paration avec la bande, face \u00e0 Mireille Dumas : \u00ab\u00a0Elle m&rsquo;a fait beaucoup de mal \u00e0 l&rsquo;\u00e9poque. Du jour au lendemain, je me suis retrouv\u00e9 avec rien. On m&rsquo;a dit &lsquo;tu ne fais plus partie du groupe&rsquo;, je suis parti avec rien. Ils ont \u00e9t\u00e9 retourn\u00e9s par le producteur. Mon \u00e9pouse avait confiance, savait qui j&rsquo;\u00e9tais. J&rsquo;ai remont\u00e9 un groupe et cela m&rsquo;a r\u00e9ussi.\u00a0\u00bb<\/p>\n<p>Chico Bouchikhi, ses confidences sur son d\u00e9part des Gipsy Kings<\/p>\n<p>Dans un entretien accord\u00e9 au Parisien en mai dernier (le groupe venait de faire un retour dans l\u2019immense salle du palais des congr\u00e8s \u00e0 Paris <a href=\"https:\/\/www.purepeople.com\/article\/chico-bouchikhi-brouille-avec-nicolas-reyes-lheure-des-retrouvailles-a-officiellement-sonne-pour-les-stars-des-gipsy-kings_a538547\/1\" target=\"_blank\" rel=\"noopener\">pour un rendez-vous \u00e0 ne pas manquer<\/a>), Chico Bouchikhi revenait d\u00e9j\u00e0 sur les raisons de son \u00e9loignement avec les autres membres des Gipsy Kings. S\u2019ils doivent leur succ\u00e8s au producteur Claude Martinez \u201cqui les sortira de l\u2019anonymat dans les ann\u00e9es 1980\u201d selon le quotidien, ils lui doivent aussi la chute et la rupture : \u201cOn faisait des concerts dans le monde entier sans retours financiers.\u201d\u00a0<\/p>\n<p>Mais tout ceci n&rsquo;est plus que de l&rsquo;histoire ancienne donc pour celui qui soufflait sa 71\u00e8me bougie le 13 octobre dernier. Les Gipsy Kings avaient connu le succ\u00e8s \u00e0 partir de 1987, notamment avec des titres comme Bambol\u00e9o et Djobi Djoba, largement diffus\u00e9s sur les ondes.\u00a0Cette ann\u00e9e-l\u00e0, Brigitte Bardot faisait appel \u00e0 eux pour animer sa soir\u00e9e d&rsquo;anniversaire, les \u00e9rigeant ainsi en un symbole de la f\u00eate.<\/p>\n","protected":false},"excerpt":{"rendered":"Par Bertrand Bielle | Journaliste Curieux de nature, Bertrand est toujours \u00e0 l\u2019affut du moindre petit scoop. Passionn\u00e9&hellip;\n","protected":false},"author":2,"featured_media":633239,"comment_status":"","ping_status":"","sticky":false,"template":"","format":"standard","meta":{"footnotes":""},"categories":[1355],"tags":[58,59,1011,27,1361,873],"class_list":{"0":"post-633238","1":"post","2":"type-post","3":"status-publish","4":"format-standard","5":"has-post-thumbnail","7":"category-musique","8":"tag-divertissement","9":"tag-entertainment","10":"tag-fr","11":"tag-france","12":"tag-music","13":"tag-musique"},"share_on_mastodon":{"url":"https:\/\/pubeurope.com\/@fr\/115817141070918902","error":""},"_links":{"self":[{"href":"https:\/\/www.europesays.com\/fr\/wp-json\/wp\/v2\/posts\/633238","targetHints":{"allow":["GET"]}}],"collection":[{"href":"https:\/\/www.europesays.com\/fr\/wp-json\/wp\/v2\/posts"}],"about":[{"href":"https:\/\/www.europesays.com\/fr\/wp-json\/wp\/v2\/types\/post"}],"author":[{"embeddable":true,"href":"https:\/\/www.europesays.com\/fr\/wp-json\/wp\/v2\/users\/2"}],"replies":[{"embeddable":true,"href":"https:\/\/www.europesays.com\/fr\/wp-json\/wp\/v2\/comments?post=633238"}],"version-history":[{"count":0,"href":"https:\/\/www.europesays.com\/fr\/wp-json\/wp\/v2\/posts\/633238\/revisions"}],"wp:featuredmedia":[{"embeddable":true,"href":"https:\/\/www.europesays.com\/fr\/wp-json\/wp\/v2\/media\/633239"}],"wp:attachment":[{"href":"https:\/\/www.europesays.com\/fr\/wp-json\/wp\/v2\/media?parent=633238"}],"wp:term":[{"taxonomy":"category","embeddable":true,"href":"https:\/\/www.europesays.com\/fr\/wp-json\/wp\/v2\/categories?post=633238"},{"taxonomy":"post_tag","embeddable":true,"href":"https:\/\/www.europesays.com\/fr\/wp-json\/wp\/v2\/tags?post=633238"}],"curies":[{"name":"wp","href":"https:\/\/api.w.org\/{rel}","templated":true}]}}