{"id":633255,"date":"2026-01-01T01:11:31","date_gmt":"2026-01-01T01:11:31","guid":{"rendered":"https:\/\/www.europesays.com\/fr\/633255\/"},"modified":"2026-01-01T01:11:31","modified_gmt":"2026-01-01T01:11:31","slug":"je-dois-aller-en-prison-gilles-rossary-lenglet-lun-des-instigateurs-du-chantage-a-la-sextape-a-saint-etienne-incarcere-le-7-janvier","status":"publish","type":"post","link":"https:\/\/www.europesays.com\/fr\/633255\/","title":{"rendered":"\u00ab\u00a0Je dois aller en prison\u00a0\u00bb: Gilles Rossary-Lenglet, l\u2019un des instigateurs du chantage \u00e0 la sextape \u00e0 Saint-\u00c9tienne, incarc\u00e9r\u00e9 le 7 janvier"},"content":{"rendered":"<p class=\"mb-4 text-lg md:leading-8 break-words\">\u00ab\u00a0Si on fait quelque chose de mal, on va en prison\u00a0\u00bb. <a href=\"https:\/\/www.bfmtv.com\/politique\/chantage-a-la-sextape-a-la-mairie-de-saint-etienne-j-ai-demande-a-etre-remunere-40-000-euros-cash-et-10-000-euros-en-nature-affirme-gilles-rossary-lenglet_VN-202306020891.html\" rel=\"nofollow noopener\" target=\"_blank\" data-ylk=\"slk:Gilles Rossary-Lenglet;elm:context_link;itc:0;sec:content-canvas\" class=\"link \">Gilles Rossary-Lenglet<\/a>, condamn\u00e9 dans l&rsquo;affaire du chantage \u00e0 la sextape de Saint-Etienne, sera incarc\u00e9r\u00e9 \u00e0 la prison de Lyon-Corbas, ce mercredi 7 janvier \u00e0 10h30. \u00ab\u00a0Je ne voulais pas le dire avant par \u00e9l\u00e9gance pour les autres condamn\u00e9s, mais maintenant je peux\u00a0\u00bb, indique-t-il \u00e0 BFM.<\/p>\n<p class=\"mb-4 text-lg md:leading-8 break-words\">L&rsquo;ancien communicant est celui qui a fait \u00e9clater l&rsquo;affaire du Kompromat st\u00e9phanois en r\u00e9v\u00e9lant la manigance au journal d&rsquo;investigation Mediapart. Un chantage qu&rsquo;il a mis en place avec l&rsquo;ancien \u00e9dile de la ville, Ga\u00ebl Perdriau, et sa garde rapproch\u00e9e.<\/p>\n<p class=\"mb-4 text-lg md:leading-8 break-words\">Un scandale local puis national qui a valu \u00e0 Gilles Rossary-Lenglet d&rsquo;\u00eatre condamn\u00e9 \u00e0 trois ans de prison ferme et un an avec sursis pour association de malfaiteurs, complicit\u00e9 de chantage, atteinte \u00e0 la vie priv\u00e9e et recel de d\u00e9tournement de fonds publics.<\/p>\n<p>\u00ab\u00a0Je ne suis pas un homme de peur\u00a0\u00bb<\/p>\n<p class=\"mb-4 text-lg md:leading-8 break-words\">Un passage derri\u00e8re les barreaux qu&rsquo;il a pour le moment du mal \u00e0 imaginer m\u00eame s&rsquo;il l&rsquo;accepte. \u00ab\u00a0Je ne suis pas un homme de peur. Je ne m&rsquo;angoisse pas sur du fantasme. Je dois aller en prison, c&rsquo;est normal. Ma seule question, c&rsquo;est comment \u00e7a va se passer?\u00a0\u00bb, assure Gilles Rossary-Lenglet \u00e0 BFM.<\/p>\n<p class=\"mb-4 text-lg md:leading-8 break-words\">Une interrogation que le condamn\u00e9 en premi\u00e8re instance justifie par son \u00e9tat de sant\u00e9. \u00ab\u00a0Je suis handicap\u00e9 \u00e0 80% \u00e0 cause d&rsquo;un diab\u00e8te, du syndrome de tremblement essentiel et d&rsquo;une d\u00e9pression nerveuse. Dans la vie de tous les jours, je dois suivre des soins quotidiennement et je me rends deux fois par semaine \u00e0 l&rsquo;h\u00f4pital\u00a0\u00bb, assure l&rsquo;ancien compagnon de Samy K\u00e9fi-J\u00e9r\u00f4me, aussi condamn\u00e9 dans l&rsquo;affaire de la sextape.<\/p>\n<p>\u00ab\u00a0Je ne sais pas comment \u00e7a va se passer\u00a0\u00bb<\/p>\n<p class=\"mb-4 text-lg md:leading-8 break-words\">Pour \u00e9viter que sa sant\u00e9 ne se d\u00e9grade derri\u00e8re les barreaux, Gilles Rossary-Lenglet indique avoir demand\u00e9 \u00e0 la procureure d&rsquo;\u00eatre mis \u00e0 l&rsquo;isolement. \u00ab\u00a0Pour le moment, je ne sais pas comment \u00e7a va se passer et si cette demande a \u00e9t\u00e9 accept\u00e9e. Si jamais je dois partager ma cellule avec une personne, mon handicap peut lui rendre la vie cauchemardesque\u00a0\u00bb, conclut-il avec ironie.<\/p>\n<p class=\"mb-4 text-lg md:leading-8 break-words\">L&rsquo;ancien maire de Saint-Etienne, Ga\u00ebl Perdriau, a lui \u00e9t\u00e9 condamn\u00e9 \u00e0 quatre ans de prison ferme et cinq ans d&rsquo;in\u00e9ligibilit\u00e9 avec ex\u00e9cution imm\u00e9diate. Peu de temps apr\u00e8s l&rsquo;annonce du jugement, il avait annonc\u00e9 faire appel.<\/p>\n<p class=\"mb-4 text-lg md:leading-8 break-words\">Gilles Rossary-Lenglet a lui aussi annonc\u00e9 interjeter appel pour \u00ab\u00a0emp\u00eacher Perdriau de salir les victimes\u00a0\u00bb.<\/p>\n<p class=\"mb-4 text-lg md:leading-8 break-words\"><a href=\"https:\/\/www.bfmtv.com\/police-justice\/je-dois-aller-en-prison-gilles-rossary-lenglet-l-un-des-instigateurs-du-chantage-a-la-sextape-a-saint-etienne-incarcere-le-7-janvier_AN-202512310361.html#xtor=AL-68\" rel=\"nofollow noopener\" target=\"_blank\" data-ylk=\"slk:Article original publi\u00e9 sur BFMTV.com;elm:context_link;itc:0;sec:content-canvas\" class=\"link \">Article original publi\u00e9 sur BFMTV.com<\/a><\/p>\n","protected":false},"excerpt":{"rendered":"\u00ab\u00a0Si on fait quelque chose de mal, on va en prison\u00a0\u00bb. Gilles Rossary-Lenglet, condamn\u00e9 dans l&rsquo;affaire du chantage&hellip;\n","protected":false},"author":2,"featured_media":633256,"comment_status":"","ping_status":"","sticky":false,"template":"","format":"standard","meta":{"footnotes":""},"categories":[9653],"tags":[1111,11,5815,2430,8841,1777,674,1011,27,28903,12,806,13457,25,4001],"class_list":{"0":"post-633255","1":"post","2":"type-post","3":"status-publish","4":"format-standard","5":"has-post-thumbnail","7":"category-saint-etienne","8":"tag-actu","9":"tag-actualites","10":"tag-association-de-malfaiteurs","11":"tag-auvergne-rhone-alpes","12":"tag-chantage","13":"tag-eu","14":"tag-europe","15":"tag-fr","16":"tag-france","17":"tag-gilles-rossary-lenglet","18":"tag-news","19":"tag-prison","20":"tag-prison-ferme","21":"tag-republique-francaise","22":"tag-saint-etienne"},"share_on_mastodon":{"url":"https:\/\/pubeurope.com\/@fr\/115817184140037015","error":""},"_links":{"self":[{"href":"https:\/\/www.europesays.com\/fr\/wp-json\/wp\/v2\/posts\/633255","targetHints":{"allow":["GET"]}}],"collection":[{"href":"https:\/\/www.europesays.com\/fr\/wp-json\/wp\/v2\/posts"}],"about":[{"href":"https:\/\/www.europesays.com\/fr\/wp-json\/wp\/v2\/types\/post"}],"author":[{"embeddable":true,"href":"https:\/\/www.europesays.com\/fr\/wp-json\/wp\/v2\/users\/2"}],"replies":[{"embeddable":true,"href":"https:\/\/www.europesays.com\/fr\/wp-json\/wp\/v2\/comments?post=633255"}],"version-history":[{"count":0,"href":"https:\/\/www.europesays.com\/fr\/wp-json\/wp\/v2\/posts\/633255\/revisions"}],"wp:featuredmedia":[{"embeddable":true,"href":"https:\/\/www.europesays.com\/fr\/wp-json\/wp\/v2\/media\/633256"}],"wp:attachment":[{"href":"https:\/\/www.europesays.com\/fr\/wp-json\/wp\/v2\/media?parent=633255"}],"wp:term":[{"taxonomy":"category","embeddable":true,"href":"https:\/\/www.europesays.com\/fr\/wp-json\/wp\/v2\/categories?post=633255"},{"taxonomy":"post_tag","embeddable":true,"href":"https:\/\/www.europesays.com\/fr\/wp-json\/wp\/v2\/tags?post=633255"}],"curies":[{"name":"wp","href":"https:\/\/api.w.org\/{rel}","templated":true}]}}