{"id":633257,"date":"2026-01-01T01:15:18","date_gmt":"2026-01-01T01:15:18","guid":{"rendered":"https:\/\/www.europesays.com\/fr\/633257\/"},"modified":"2026-01-01T01:15:18","modified_gmt":"2026-01-01T01:15:18","slug":"toulon-le-chits-mobilise-contre-le-vih","status":"publish","type":"post","link":"https:\/\/www.europesays.com\/fr\/633257\/","title":{"rendered":"TOULON : Le CHITS mobilis\u00e9 contre le VIH"},"content":{"rendered":"<p><b>Dans la lutte contre le VIH, les \u00e9quipes du CEGIDD 83 et les services du Centre Hospitalier Intercommunal de Toulon \u2013 La Seyne-sur-Mer (CHITS) se sont mobilis\u00e9s aux c\u00f4t\u00e9s des associations et partenaires autour de plusieurs actions de pr\u00e9vention, d\u2019information et de d\u00e9pistage.<\/b><\/p>\n<p style=\"font-weight: 400\">Ainsi, en d\u00e9cembre sur le site de l\u2019h\u00f4pital Sainte-Musse, des stands d\u2019information et des ateliers de pr\u00e9vention et de d\u00e9pistage \u00e9taient anim\u00e9s par l\u2019\u00e9quipe du CEGIDD 83 avec les associations ENIPSE, AIDES, CAARUD, AVASTOFA TOTEM et TABOU. Les participants ont \u00e9chang\u00e9 avec les \u00e9quipes de l\u2019h\u00f4pital de jour r\u00e9cemment ouvert et ont pu d\u00e9couvrir les dispositifs de pr\u00e9vention et de suivi des personnes vivant avec le VIH.<\/p>\n<p style=\"font-weight: 400\"><strong>DEPISTAGE.<\/strong><\/p>\n<p style=\"font-weight: 400\">Puis, le 4 d\u00e9cembre, \u00e0 Draguignan, la Maison des \u00e9tudiants a port\u00e9 une journ\u00e9e de pr\u00e9vention \u00e0 laquelle l\u2019\u00e9quipe du CEGIDD 83 \u2013 site de Fr\u00e9jus a particip\u00e9. Sensibilisation, quizz, d\u00e9pistage, \u00e9changes et distribution de documentation ont \u00e9t\u00e9 propos\u00e9s aux \u00e9tudiants. Le m\u00eame jour, le campus KEDGE de Toulon a organis\u00e9 une journ\u00e9e similaire et l\u2019Universit\u00e9 de Toulon a accueilli des actions de pr\u00e9vention anim\u00e9es par le Planning Familial Varois, le centre LGBT du Var et le CRIPS, incluant animations et d\u00e9pistages.<\/p>\n<p style=\"font-weight: 400\">Dans le Var, le CEGIDD joue un r\u00f4le central dans la lutte contre le VIH et les infections sexuellement transmissibles. Il informe sensibilise et d\u00e9piste, en collaboration avec les associations partenaires, tout au long de l\u2019ann\u00e9e.<\/p>\n<p style=\"font-weight: 400\">Des moyens de pr\u00e9vention efficaces sont propos\u00e9s : le d\u00e9pistage gratuit dans les laboratoires et structures CEGIDD, le pr\u00e9servatif gratuit jusqu\u2019\u00e0 26 ans ou rembours\u00e9 sur ordonnance, ainsi que la PrEP (prophylaxie pr\u00e9-exposition) et le TPE (traitement post-exposition), disponibles sur prescription.<\/p>\n<p style=\"font-weight: 400\">Enfin, sur le site de l\u2019h\u00f4pital Sainte Musse, l\u2019h\u00f4pital de jour d\u2019infectiologie du CHITS a assur\u00e9 le suivi des personnes vivant avec le VIH ou les h\u00e9patites virales. \u00c0 l\u2019\u00e9t\u00e9 2025, un programme d\u2019\u00e9ducation th\u00e9rapeutique a \u00e9t\u00e9 ouvert pour ces patients, proposant ateliers et entretiens individuels ou collectifs pour mieux comprendre la maladie et am\u00e9liorer le quotidien des personnes concern\u00e9es.<\/p>\n<p style=\"font-weight: 400\"><strong>Photo PRESSE AGENCE.<\/strong><\/p>\n<p style=\"font-weight: 400\"><strong>A NOTER\u2026<\/strong><\/p>\n<p style=\"font-weight: 400\"><strong>En France, 180 000 personnes vivent avec le VIH.<\/strong><\/p>\n<p style=\"font-weight: 400\">En 2024, 5 100 nouvelles contaminations ont \u00e9t\u00e9 recens\u00e9es dont plus de 40 % \u00e0 un stade avanc\u00e9 de la maladie. Les infections sexuellement transmissibles ont \u00e9galement progress\u00e9 avec 61 100 cas de Chlamydia, 25 800 cas de gonocoques et 6 500 cas de syphilis.<\/p>\n","protected":false},"excerpt":{"rendered":"Dans la lutte contre le VIH, les \u00e9quipes du CEGIDD 83 et les services du Centre Hospitalier Intercommunal&hellip;\n","protected":false},"author":2,"featured_media":633258,"comment_status":"","ping_status":"","sticky":false,"template":"","format":"standard","meta":{"footnotes":""},"categories":[9619],"tags":[1111,11,1777,674,1011,27,12,882,25,2310],"class_list":{"0":"post-633257","1":"post","2":"type-post","3":"status-publish","4":"format-standard","5":"has-post-thumbnail","7":"category-toulon","8":"tag-actu","9":"tag-actualites","10":"tag-eu","11":"tag-europe","12":"tag-fr","13":"tag-france","14":"tag-news","15":"tag-provence-alpes-cote-dazur","16":"tag-republique-francaise","17":"tag-toulon"},"share_on_mastodon":{"url":"https:\/\/pubeurope.com\/@fr\/115817199886490522","error":""},"_links":{"self":[{"href":"https:\/\/www.europesays.com\/fr\/wp-json\/wp\/v2\/posts\/633257","targetHints":{"allow":["GET"]}}],"collection":[{"href":"https:\/\/www.europesays.com\/fr\/wp-json\/wp\/v2\/posts"}],"about":[{"href":"https:\/\/www.europesays.com\/fr\/wp-json\/wp\/v2\/types\/post"}],"author":[{"embeddable":true,"href":"https:\/\/www.europesays.com\/fr\/wp-json\/wp\/v2\/users\/2"}],"replies":[{"embeddable":true,"href":"https:\/\/www.europesays.com\/fr\/wp-json\/wp\/v2\/comments?post=633257"}],"version-history":[{"count":0,"href":"https:\/\/www.europesays.com\/fr\/wp-json\/wp\/v2\/posts\/633257\/revisions"}],"wp:featuredmedia":[{"embeddable":true,"href":"https:\/\/www.europesays.com\/fr\/wp-json\/wp\/v2\/media\/633258"}],"wp:attachment":[{"href":"https:\/\/www.europesays.com\/fr\/wp-json\/wp\/v2\/media?parent=633257"}],"wp:term":[{"taxonomy":"category","embeddable":true,"href":"https:\/\/www.europesays.com\/fr\/wp-json\/wp\/v2\/categories?post=633257"},{"taxonomy":"post_tag","embeddable":true,"href":"https:\/\/www.europesays.com\/fr\/wp-json\/wp\/v2\/tags?post=633257"}],"curies":[{"name":"wp","href":"https:\/\/api.w.org\/{rel}","templated":true}]}}