{"id":633259,"date":"2026-01-01T01:16:15","date_gmt":"2026-01-01T01:16:15","guid":{"rendered":"https:\/\/www.europesays.com\/fr\/633259\/"},"modified":"2026-01-01T01:16:15","modified_gmt":"2026-01-01T01:16:15","slug":"clapiers-municipales-2026-la-candidate-myriam-bui-xuan-defie-le-maire-sortant-eric-penso","status":"publish","type":"post","link":"https:\/\/www.europesays.com\/fr\/633259\/","title":{"rendered":"Clapiers, municipales 2026 :\u00a0la candidate Myriam\u00a0Bui-Xuan\u00a0d\u00e9fie le maire sortant\u00a0\u00c9ric\u00a0Penso\u00a0"},"content":{"rendered":"<p><strong>Myriam\u00a0Bui-Xuan :<\/strong>\u00a0On a lanc\u00e9 notre candidature le 3 novembre.\u00a0Pour l\u2019instant, nous sommes un collectif citoyen\u00a0qui\u00a0s\u2019appelle\u00a0AVEC, pour \u201cAgir\u00a0et vivre ensemble \u00e0\u00a0Clapiers\u201d, et qui porte des valeurs d\u00e9mocratiques, \u00e9cologiques et solidaires.\u00a0Nous sommes ind\u00e9pendants des partis politiques. Ce collectif se construit\u00a0progressivement depuis\u00a0trois\u00a0ans avec \u00e0\u00a0l\u2019origine, un de mes coll\u00e8gues,\u00a0Fran\u00e7ois\u00a0Masselot, et moi-m\u00eame. Nous \u00e9tions dans la majorit\u00e9 municipale en place et nous avons \u00e9t\u00e9\u00a0rel\u00e9gu\u00e9s\u00a0dans l\u2019opposition par le maire sortant \u00c9ric\u00a0Penso.\u00a0\u00a0<\/p>\n","protected":false},"excerpt":{"rendered":"Myriam\u00a0Bui-Xuan :\u00a0On a lanc\u00e9 notre candidature le 3 novembre.\u00a0Pour l\u2019instant, nous sommes un collectif citoyen\u00a0qui\u00a0s\u2019appelle\u00a0AVEC, pour \u201cAgir\u00a0et vivre&hellip;\n","protected":false},"author":2,"featured_media":633260,"comment_status":"","ping_status":"","sticky":false,"template":"","format":"standard","meta":{"footnotes":""},"categories":[9599],"tags":[1111,11,1777,674,1011,27,2208,12,2680,25],"class_list":{"0":"post-633259","1":"post","2":"type-post","3":"status-publish","4":"format-standard","5":"has-post-thumbnail","7":"category-montpellier","8":"tag-actu","9":"tag-actualites","10":"tag-eu","11":"tag-europe","12":"tag-fr","13":"tag-france","14":"tag-montpellier","15":"tag-news","16":"tag-occitanie","17":"tag-republique-francaise"},"share_on_mastodon":{"url":"https:\/\/pubeurope.com\/@fr\/115817203884599393","error":""},"_links":{"self":[{"href":"https:\/\/www.europesays.com\/fr\/wp-json\/wp\/v2\/posts\/633259","targetHints":{"allow":["GET"]}}],"collection":[{"href":"https:\/\/www.europesays.com\/fr\/wp-json\/wp\/v2\/posts"}],"about":[{"href":"https:\/\/www.europesays.com\/fr\/wp-json\/wp\/v2\/types\/post"}],"author":[{"embeddable":true,"href":"https:\/\/www.europesays.com\/fr\/wp-json\/wp\/v2\/users\/2"}],"replies":[{"embeddable":true,"href":"https:\/\/www.europesays.com\/fr\/wp-json\/wp\/v2\/comments?post=633259"}],"version-history":[{"count":0,"href":"https:\/\/www.europesays.com\/fr\/wp-json\/wp\/v2\/posts\/633259\/revisions"}],"wp:featuredmedia":[{"embeddable":true,"href":"https:\/\/www.europesays.com\/fr\/wp-json\/wp\/v2\/media\/633260"}],"wp:attachment":[{"href":"https:\/\/www.europesays.com\/fr\/wp-json\/wp\/v2\/media?parent=633259"}],"wp:term":[{"taxonomy":"category","embeddable":true,"href":"https:\/\/www.europesays.com\/fr\/wp-json\/wp\/v2\/categories?post=633259"},{"taxonomy":"post_tag","embeddable":true,"href":"https:\/\/www.europesays.com\/fr\/wp-json\/wp\/v2\/tags?post=633259"}],"curies":[{"name":"wp","href":"https:\/\/api.w.org\/{rel}","templated":true}]}}