{"id":63326,"date":"2025-04-30T02:57:11","date_gmt":"2025-04-30T02:57:11","guid":{"rendered":"https:\/\/www.europesays.com\/fr\/63326\/"},"modified":"2025-04-30T02:57:11","modified_gmt":"2025-04-30T02:57:11","slug":"tpmp-apres-avoir-perdu-son-mari-cette-chroniqueuse-de-cyril-hanouna-annonce-la-mort-de-son-neveu","status":"publish","type":"post","link":"https:\/\/www.europesays.com\/fr\/63326\/","title":{"rendered":"\u00ab\u00a0TPMP\u00a0\u00bb : apr\u00e8s avoir perdu son mari, cette chroniqueuse de Cyril Hanouna annonce la mort de son neveu"},"content":{"rendered":"<p>Des semaines tr\u00e8s compliqu\u00e9es pour Isabelle Morini-Bosc. La journaliste de RTL, et chroniqueuse de <a href=\"https:\/\/www.public.fr\/tag\/cyril-hanouna\" target=\"_blank\" rel=\"noopener\">Cyril Hanouna<\/a> dans <strong><a href=\"https:\/\/vsd.fr\/tag\/tpmp\/\" target=\"_blank\" rel=\"noopener\">\u00ab\u00a0TPMP\u00a0\u00bb<\/a>,<\/strong> qui a l\u2019habitude de toujours voir le positif et rire de tout, voit sa vie un peu trop inond\u00e9e de tristesse ces temps-ci.<\/p>\n<p>En effet, le 7 mars 2025, l\u2019acolyte de Gilles Verdez autour de la table de la quotidienne autrefois diffus\u00e9e sur C8, faisait face \u00e0 une terrible situation : <a href=\"https:\/\/www.public.fr\/tpmp-isabelle-morini-bosc-annonce-la-mort-de-son-mari-alain\" target=\"_blank\" rel=\"noopener\">la mort de son mari Alain<\/a>. Ce dernier, \u00e2g\u00e9 de 68 ans, se battait depuis plusieurs ann\u00e9es contre la maladie.\u00a0<\/p>\n<p>Ils se mariaient en 1978 et ont eu un fils ensemble, Guillaume. Trois jours apr\u00e8s le d\u00e9c\u00e8s de l\u2019homme de sa vie, Isabelle Morini-Bosc a pris la parole sur ses r\u00e9seaux sociaux pour annoncer la triste nouvelle \u00e0 sa communaut\u00e9.\u00a0<\/p>\n<p>Deux deuils en l&rsquo;espace de quelques semaines pour cette chroniqueuse de \u00ab\u00a0TPMP\u00a0\u00bb<\/p>\n<p>\u00ab\u00a0Il devait \u00eatre le copain-d&rsquo;une-nuit,\u00a0il a \u00e9t\u00e9 l&rsquo;homme-de-ma-vie. Mon homme. Alain est parti vendredi, il aimait Dieu, les n\u00f4tres, la vie, ses amis, les miens aussi, je vais d\u00e9sormais les aimer-pour-nous-deux\u00a0\u00bb, a-t-elle \u00e9crit dans un premier temps pour lui rendre hommage.<\/p>\n<p>Par la suite, la journaliste n\u2019a pas oubli\u00e9 de mentionner les \u00e9quipes de <strong>\u00ab\u00a0TPMP\u00a0\u00bb<\/strong>, qui l\u2019ont soutenue les premiers jours de son deuil : \u00ab\u00a0Et merci \u00e0 TPMP de nous avoir offert notre \u00ab\u00a0famille-en-or\u00a0\u00bb o\u00f9, avec Cyril, nous avions tant ri\u00a0\u00bb.<\/p>\n<p>Si cela fait d\u00e9j\u00e0 plus d\u2019un mois que son compagnon a disparu, Isabelle Morini-Bosc a bien \u00e9videmment encore besoin de temps pour apprendre \u00e0 vivre sans Alain. D\u2019autant plus que, quelques semaines plus tard, <strong>elle perdait un autre membre important de sa famille : son neveu.\u00a0<\/strong><\/p>\n<p>Isabelle Morini-Bosc, soutenue par les autres chroniqueurs<\/p>\n<p>Aupr\u00e8s de T\u00e9l\u00e9-Loisirs, au d\u00e9part pour \u00e9voquer sa participation au num\u00e9ro sp\u00e9cial de <strong>\u00ab\u00a0Fort Boyard\u00a0\u00bb<\/strong>, ce jeudi 1er mai 2025 pour ses 35 ans, chroniqueuse de <strong>\u00ab\u00a0TPMP\u00a0\u00bb<\/strong> a en effet annonc\u00e9 cette disparition bien malgr\u00e9 elle.<\/p>\n<p><strong>\u00ab\u00a0Mes camarades se sont tous manifest\u00e9s,\u00a0il y a eu le d\u00e9c\u00e8s de mon mari et l\u00e0 il y a le d\u00e9c\u00e8s de mon neveu\u00a0\u00bb<\/strong>, a-t-elle en effet confi\u00e9 \u00e0 nos confr\u00e8res, avant de poursuivre :\u00a0\u00ab\u00a0Gilles Verdez, c&rsquo;est un vrai gentil dans la vie. Il m&rsquo;a envoy\u00e9 un mot adorable. Val\u00e9rie B\u00e9na\u00efm m&rsquo;a envoy\u00e9 un mot hier pour me demander comment j&rsquo;allais. G\u00e9raldine m&rsquo;a offert des plantes. Raymond m&rsquo;a aussi envoy\u00e9 un message que je n&rsquo;ai pas r\u00e9ussi \u00e0 ouvrir. Avec ce nouveau drame, je n&rsquo;ai pas pens\u00e9 \u00e0 le rappeler\u00a0\u00bb.<\/p>\n<p>Elle pourra visiblement toujours compter sur cette famille, qu\u2019elle conna\u00eet depuis de nombreuses ann\u00e9es \u00e0 pr\u00e9sent, pour la soutenir dans tous les moments compliqu\u00e9s qu\u2019elle traverse.\u00a0<\/p>\n<p>      Mentionn\u00e9s dans cet article<\/p>\n<p>\u00c0 lire aussi<\/p>\n","protected":false},"excerpt":{"rendered":"Des semaines tr\u00e8s compliqu\u00e9es pour Isabelle Morini-Bosc. La journaliste de RTL, et chroniqueuse de Cyril Hanouna dans \u00ab\u00a0TPMP\u00a0\u00bb,&hellip;\n","protected":false},"author":2,"featured_media":63327,"comment_status":"","ping_status":"","sticky":false,"template":"","format":"standard","meta":{"footnotes":""},"categories":[1356],"tags":[1083,1362,58,59,1011,27,16181,16182,252,549,1364,551],"class_list":{"0":"post-63326","1":"post","2":"type-post","3":"status-publish","4":"format-standard","5":"has-post-thumbnail","7":"category-television","8":"tag-cyril-hanouna","9":"tag-deuil","10":"tag-divertissement","11":"tag-entertainment","12":"tag-fr","13":"tag-france","14":"tag-gilles-verdez","15":"tag-isabelle-morini-bosc","16":"tag-television","17":"tag-touche-pas-a-mon-poste","18":"tag-tv","19":"tag-valerie-benaim"},"share_on_mastodon":{"url":"https:\/\/pubeurope.com\/@fr\/114424672790305270","error":""},"_links":{"self":[{"href":"https:\/\/www.europesays.com\/fr\/wp-json\/wp\/v2\/posts\/63326","targetHints":{"allow":["GET"]}}],"collection":[{"href":"https:\/\/www.europesays.com\/fr\/wp-json\/wp\/v2\/posts"}],"about":[{"href":"https:\/\/www.europesays.com\/fr\/wp-json\/wp\/v2\/types\/post"}],"author":[{"embeddable":true,"href":"https:\/\/www.europesays.com\/fr\/wp-json\/wp\/v2\/users\/2"}],"replies":[{"embeddable":true,"href":"https:\/\/www.europesays.com\/fr\/wp-json\/wp\/v2\/comments?post=63326"}],"version-history":[{"count":0,"href":"https:\/\/www.europesays.com\/fr\/wp-json\/wp\/v2\/posts\/63326\/revisions"}],"wp:featuredmedia":[{"embeddable":true,"href":"https:\/\/www.europesays.com\/fr\/wp-json\/wp\/v2\/media\/63327"}],"wp:attachment":[{"href":"https:\/\/www.europesays.com\/fr\/wp-json\/wp\/v2\/media?parent=63326"}],"wp:term":[{"taxonomy":"category","embeddable":true,"href":"https:\/\/www.europesays.com\/fr\/wp-json\/wp\/v2\/categories?post=63326"},{"taxonomy":"post_tag","embeddable":true,"href":"https:\/\/www.europesays.com\/fr\/wp-json\/wp\/v2\/tags?post=63326"}],"curies":[{"name":"wp","href":"https:\/\/api.w.org\/{rel}","templated":true}]}}