{"id":633268,"date":"2026-01-01T01:24:31","date_gmt":"2026-01-01T01:24:31","guid":{"rendered":"https:\/\/www.europesays.com\/fr\/633268\/"},"modified":"2026-01-01T01:24:31","modified_gmt":"2026-01-01T01:24:31","slug":"a-chateaugiron-pres-de-rennes-trois-habitations-detruites-par-un-important-incendie-video","status":"publish","type":"post","link":"https:\/\/www.europesays.com\/fr\/633268\/","title":{"rendered":"\u00c0 Ch\u00e2teaugiron, pr\u00e8s de Rennes, trois habitations d\u00e9truites par un important incendie [Vid\u00e9o]"},"content":{"rendered":"<p>Dans la nuit de mardi \u00e0 mercredi, un important incendie s\u2019est d\u00e9clar\u00e9 \u00e0 Ch\u00e2teaugiron (35), au sud-est de Rennes. Il n\u2019y a pas de bless\u00e9 mais les dommages mat\u00e9riels sont tr\u00e8s importants. <\/p>\n<p><img decoding=\"async\" src=\"https:\/\/www.europesays.com\/fr\/wp-content\/uploads\/2026\/01\/69550c80ee19dc00790811e2.1.jpeg\" width=\"480\" height=\"300\" class=\"web_golden_m\" loading=\"lazy\" alt=\"\u00c0 Ch\u00e2teaugiron, pr\u00e8s de Rennes, trois habitations d\u00e9truites par un important incendie [Vid\u00e9o]\"\/> (Le T\u00e9l\u00e9gramme\/Claire Staes)<\/p>\n<p>Les pompiers ont \u00e9t\u00e9 appel\u00e9s peu apr\u00e8s 1 h 30 du matin pour intervenir sur un incendie dans le centre-ville de la commune, rue du G\u00e9n\u00e9ral-de-Gaulle. Le feu a pris au niveau d\u2019une maison et s\u2019est propag\u00e9 \u00e0 deux autres b\u00e2timents, dont une habitation mitoyenne dont les propri\u00e9taires s\u2019\u00e9taient absent\u00e9s quelques jours pour les f\u00eates de fin d\u2019ann\u00e9e.<\/p>\n<p>\u00c0 7 h 30, ce mercredi, le feu n\u2019\u00e9tait toujours pas ma\u00eetris\u00e9. Il \u00e9tait en revanche circonscrit en fin de matin\u00e9e, selon les \u00e9l\u00e9ments communiqu\u00e9s par la pr\u00e9fecture d&rsquo;Ille-et-Vilaine.<\/p>\n<p><img decoding=\"async\" src=\"https:\/\/www.europesays.com\/fr\/wp-content\/uploads\/2026\/01\/69550c804df2ef550d0ce142.1.jpeg\" width=\"480\" height=\"300\" class=\"web_golden_m\" loading=\"lazy\" alt=\"\u00c0 Ch\u00e2teaugiron, pr\u00e8s de Rennes, trois habitations d\u00e9truites par un important incendie [Vid\u00e9o]\"\/> (Le T\u00e9l\u00e9gramme\/Claire Staes)80 sapeurs-pompiers sur place<\/p>\n<p>Au total, 80 sapeurs-pompiers ont \u00e9t\u00e9 mobilis\u00e9s sur les lieux du sinistre, o\u00f9 cinq lances ont \u00e9t\u00e9 \u00e9tablies pour ma\u00eetriser les flammes. Le feu a pris dans une maison moyen\u00e2geuse habit\u00e9e par un jeune couple. Ils ont \u00e9t\u00e9 relog\u00e9s dans leur famille, qui vit aussi \u00e0 Ch\u00e2teaugiron. Les flammes se sont propag\u00e9es par la toiture \u00e0 la maison mitoyenne. \u00ab La situation est complexe car les habitations sont imbriqu\u00e9es \u00bb, expliquait le commandant des sapeurs-pompiers sur place.<\/p>\n<p>Au total, trois habitations d\u2019une superficie de 300 m\u00b2 ont \u00e9t\u00e9 d\u00e9truites. L\u2019intervention a permis de sauvegarder trois b\u00e2timents, ajoute la pr\u00e9fecture. Le directeur de cabinet du pr\u00e9fet s\u2019est rendu sur place pour faire le point avec le commandant des op\u00e9rations et soutenir les \u00e9lus de la commune, notamment Jean-Claude Beline, qui a \u00e9t\u00e9 mobilis\u00e9 toute la nuit mais \u00e9galement la nuit pr\u00e9c\u00e9dente.<\/p>\n<p>Deuxi\u00e8me incendie d\u2019ampleur en deux jours<\/p>\n<p>En effet, cet incendie survient au lendemain d\u2019un autre, lui aussi dans le centre ancien de Ch\u00e2teaugiron. <a href=\"https:\/\/www.letelegramme.fr\/ille-et-vilaine\/rennes-35000\/au-sud-est-de-rennes-un-homme-de-58-ans-decede-dans-lincendie-de-son-appartement-6955403.php\" target=\"_blank\" rel=\"noopener\">Un homme de 67 ans y a perdu la vie<\/a>. dans la nuit de lundi \u00e0 mardi. Soixante pompiers ont \u00e9t\u00e9 mobilis\u00e9s pour \u00e9teindre les flammes. En cette fin d\u2019ann\u00e9e 2025, le c\u0153ur de Chateaugiron est durement touch\u00e9 par deux drames cons\u00e9cutifs.<\/p>\n","protected":false},"excerpt":{"rendered":"Dans la nuit de mardi \u00e0 mercredi, un important incendie s\u2019est d\u00e9clar\u00e9 \u00e0 Ch\u00e2teaugiron (35), au sud-est de&hellip;\n","protected":false},"author":2,"featured_media":633269,"comment_status":"","ping_status":"","sticky":false,"template":"","format":"standard","meta":{"footnotes":""},"categories":[2821],"tags":[1111,11,829,765,1777,674,118,1011,27,848,5383,12,584,25,2955],"class_list":{"0":"post-633268","1":"post","2":"type-post","3":"status-publish","4":"format-standard","5":"has-post-thumbnail","7":"category-rennes","8":"tag-actu","9":"tag-actualites","10":"tag-bretagne","11":"tag-en-continu","12":"tag-eu","13":"tag-europe","14":"tag-faits-divers","15":"tag-fr","16":"tag-france","17":"tag-ille-et-vilaine","18":"tag-incendies","19":"tag-news","20":"tag-rennes","21":"tag-republique-francaise","22":"tag-videos"},"share_on_mastodon":{"url":"https:\/\/pubeurope.com\/@fr\/115817235324624720","error":""},"_links":{"self":[{"href":"https:\/\/www.europesays.com\/fr\/wp-json\/wp\/v2\/posts\/633268","targetHints":{"allow":["GET"]}}],"collection":[{"href":"https:\/\/www.europesays.com\/fr\/wp-json\/wp\/v2\/posts"}],"about":[{"href":"https:\/\/www.europesays.com\/fr\/wp-json\/wp\/v2\/types\/post"}],"author":[{"embeddable":true,"href":"https:\/\/www.europesays.com\/fr\/wp-json\/wp\/v2\/users\/2"}],"replies":[{"embeddable":true,"href":"https:\/\/www.europesays.com\/fr\/wp-json\/wp\/v2\/comments?post=633268"}],"version-history":[{"count":0,"href":"https:\/\/www.europesays.com\/fr\/wp-json\/wp\/v2\/posts\/633268\/revisions"}],"wp:featuredmedia":[{"embeddable":true,"href":"https:\/\/www.europesays.com\/fr\/wp-json\/wp\/v2\/media\/633269"}],"wp:attachment":[{"href":"https:\/\/www.europesays.com\/fr\/wp-json\/wp\/v2\/media?parent=633268"}],"wp:term":[{"taxonomy":"category","embeddable":true,"href":"https:\/\/www.europesays.com\/fr\/wp-json\/wp\/v2\/categories?post=633268"},{"taxonomy":"post_tag","embeddable":true,"href":"https:\/\/www.europesays.com\/fr\/wp-json\/wp\/v2\/tags?post=633268"}],"curies":[{"name":"wp","href":"https:\/\/api.w.org\/{rel}","templated":true}]}}