{"id":633272,"date":"2026-01-01T01:29:17","date_gmt":"2026-01-01T01:29:17","guid":{"rendered":"https:\/\/www.europesays.com\/fr\/633272\/"},"modified":"2026-01-01T01:29:17","modified_gmt":"2026-01-01T01:29:17","slug":"wahi-et-une-autre-recrue-pour-nice-dentree-de-mercato-2","status":"publish","type":"post","link":"https:\/\/www.europesays.com\/fr\/633272\/","title":{"rendered":"Wahi et une autre recrue pour Nice d\u2019entr\u00e9e de mercato"},"content":{"rendered":"<p><strong>L\u2019OGC Nice s\u2019appr\u00eate \u00e0 renforcer<br \/>\nson effectif d\u2019entr\u00e9e de mercato hivernal.<\/strong><\/p>\n<p>C\u2019est entendu, Elye Wahi est attendu d\u00e8s ce jeudi 1er<br \/>\njanvier \u00e0 Nice, pr\u00eat\u00e9 par Francfort apr\u00e8s une ann\u00e9e calamiteuse en<br \/>\nAllemagne (25 apparitions pour un but seulement avec<br \/>\nl\u2019Eintracht).<\/p>\n<p>Outre l\u2019ancien Montpelli\u00e9rain, Lensois et Marseillais, le Gym<br \/>\ncherche \u00e0 <strong><a href=\"https:\/\/www.sports.fr\/football\/mercato\" target=\"_blank\" rel=\"noopener\">d\u00e9baucher cet<br \/>\nhiver<\/a><\/strong> un d\u00e9fenseur central, un ailier gauche et un<br \/>\nmilieu de terrain. Un dernier imp\u00e9ratif en passe d\u2019aboutir si l\u2019on<br \/>\nen croit Le Parisien ce mercredi.<\/p>\n<p>En mal de temps de jeu du c\u00f4t\u00e9 de la Fiorentina, l\u2019international<br \/>\nmarocain Amir Richardson, natif de Nice voil\u00e0 23 ans, est pressenti<br \/>\npour renforcer ces prochains jours l\u2019\u00e9quipe d\u00e9sormais conduite par<br \/>\nClaude Puel.<\/p>\n<p>\u00ab Toujours d\u2019apr\u00e8s nos informations, Nice et la Fiorentina,<br \/>\no\u00f9 il est sous contrat jusqu\u2019en 2029, sont entr\u00e9s officiellement en<br \/>\ndiscussion ces derni\u00e8res heures pour tenter de faire avancer le<br \/>\ndossier. Les \u00e9changes portent sur un pr\u00eat sans option d\u2019achat.<br \/>\nL\u2019enjeu des prochains jours va \u00eatre de trouver un accord sur la<br \/>\nprise en charge du salaire \u00bb, pr\u00e9cise le quotidien<br \/>\nsusmentionn\u00e9.<\/p>\n<blockquote class=\"twitter-tweet\"><p><a class=\"twitter-link\" rel=\"noindex, nofollow noopener\" href=\"https:\/\/twitter.com\/sports_fr\/status\/2006411590048895060\" target=\"_blank\"><\/p><\/blockquote>\n<p><script async src=\"https:\/\/platform.twitter.com\/widgets.js\" charset=\"utf-8\"><\/script><\/p>\n","protected":false},"excerpt":{"rendered":"L\u2019OGC Nice s\u2019appr\u00eate \u00e0 renforcer son effectif d\u2019entr\u00e9e de mercato hivernal. C\u2019est entendu, Elye Wahi est attendu d\u00e8s&hellip;\n","protected":false},"author":2,"featured_media":633273,"comment_status":"","ping_status":"","sticky":false,"template":"","format":"standard","meta":{"footnotes":""},"categories":[2819],"tags":[1111,11,1777,674,1011,27,12,2401,882,25,64755],"class_list":{"0":"post-633272","1":"post","2":"type-post","3":"status-publish","4":"format-standard","5":"has-post-thumbnail","7":"category-nice","8":"tag-actu","9":"tag-actualites","10":"tag-eu","11":"tag-europe","12":"tag-fr","13":"tag-france","14":"tag-news","15":"tag-nice","16":"tag-provence-alpes-cote-dazur","17":"tag-republique-francaise","18":"tag-sports-fr"},"share_on_mastodon":{"url":"https:\/\/pubeurope.com\/@fr\/115817254909765419","error":""},"_links":{"self":[{"href":"https:\/\/www.europesays.com\/fr\/wp-json\/wp\/v2\/posts\/633272","targetHints":{"allow":["GET"]}}],"collection":[{"href":"https:\/\/www.europesays.com\/fr\/wp-json\/wp\/v2\/posts"}],"about":[{"href":"https:\/\/www.europesays.com\/fr\/wp-json\/wp\/v2\/types\/post"}],"author":[{"embeddable":true,"href":"https:\/\/www.europesays.com\/fr\/wp-json\/wp\/v2\/users\/2"}],"replies":[{"embeddable":true,"href":"https:\/\/www.europesays.com\/fr\/wp-json\/wp\/v2\/comments?post=633272"}],"version-history":[{"count":0,"href":"https:\/\/www.europesays.com\/fr\/wp-json\/wp\/v2\/posts\/633272\/revisions"}],"wp:featuredmedia":[{"embeddable":true,"href":"https:\/\/www.europesays.com\/fr\/wp-json\/wp\/v2\/media\/633273"}],"wp:attachment":[{"href":"https:\/\/www.europesays.com\/fr\/wp-json\/wp\/v2\/media?parent=633272"}],"wp:term":[{"taxonomy":"category","embeddable":true,"href":"https:\/\/www.europesays.com\/fr\/wp-json\/wp\/v2\/categories?post=633272"},{"taxonomy":"post_tag","embeddable":true,"href":"https:\/\/www.europesays.com\/fr\/wp-json\/wp\/v2\/tags?post=633272"}],"curies":[{"name":"wp","href":"https:\/\/api.w.org\/{rel}","templated":true}]}}