{"id":633286,"date":"2026-01-01T01:40:21","date_gmt":"2026-01-01T01:40:21","guid":{"rendered":"https:\/\/www.europesays.com\/fr\/633286\/"},"modified":"2026-01-01T01:40:21","modified_gmt":"2026-01-01T01:40:21","slug":"bhns-clientelaire-epage-huca-le-lexique-2025-explique","status":"publish","type":"post","link":"https:\/\/www.europesays.com\/fr\/633286\/","title":{"rendered":"BHNS, client\u00e9laire, Epage Huca&#8230; le lexique 2025 expliqu\u00e9"},"content":{"rendered":"<p>Ce sont des mots, sigles, acronymes ou expressions que vous avez pu lire tout au long de l\u2019ann\u00e9e sous la plume des journalistes de l\u2019\u00e9dition marseillaise de La Provence. Barbarismes administratifs, termes techniques ou gimmicks politiques, ils n\u2019ont pas toujours re\u00e7u d\u00e9finition dans nos articles. Pour \u00eatre bien s\u00fbrs de les avoir compris, en ce premier jour de l\u2019ann\u00e9e et parce qu\u2019ils vont aussi faire l\u2019actualit\u00e9 en\u00a02026, La Provence vous donne (enfin\u00a0!) l\u2019explication de texte.<\/p>\n<p>BHNS<\/p>\n<p>Si la premi\u00e8re ligne de Bus \u00e0 haut niveau de service (<a href=\"https:\/\/www.laprovence.com\/article\/region\/4801019011089614\/le-bhns-b4-du-plan-marseille-en-grand-reliera-geze-a-la-fourragere-en-27-minutes-des-lundi\" target=\"_blank\" rel=\"noopener\">BHNS<\/a>) a vu le jour dans les quartiers Nord il y a plus de onze ans, 2025 aura \u00e9t\u00e9 marqu\u00e9e par l\u2019inauguration de deux nouvelles, la B4 reliant G\u00e8ze (15e) \u00e0 la Fourrag\u00e8re (12e) et la B5 de la Fourrag\u00e8re (12e) \u00e0 la Gaye (9e). Une autre, la B3, est n\u00e9e de la fusion des B3A et B3B, entre Saint-J\u00e9r\u00f4me (13e) et le technop\u00f4le de Ch\u00e2teau-Gombert (13e). Le principe d\u2019un BHNS est de proposer une fr\u00e9quence attractive et une grande amplitude horaire en faisant circuler de tr\u00e8s grands bus dans des voies r\u00e9serv\u00e9es qui font l\u2019objet de priorit\u00e9s aux feux tricolores. Reste qu\u2019il est impossible de r\u00e9server toutes les voies de son trac\u00e9 et que quand \u00e7a bouchonne sur l\u2019avenue de la Rose, sur celle de Saint-Antoine ou sur la L2, le niveau de service n\u2019est plus aussi haut\u2026<\/p>\n<p>Client\u00e9laire<\/p>\n<p>Depuis la th\u00e9orisation du concept de client\u00e8le \u00e9lectorale, au milieu du XXe\u00a0si\u00e8cle, ce sont les termes \u00ab\u00a0client\u00e9lisme\u00a0\u00bb ou \u00ab\u00a0client\u00e9liste\u00a0\u00bb qui ont \u00e9t\u00e9 utilis\u00e9s pour mieux le d\u00e9noncer. Depuis son entr\u00e9e en campagne fin novembre\u00a02025, S\u00e9bastien <a href=\"https:\/\/www.laprovence.com\/article\/politique\/1862079026182315\/sebastien-delogu-candidat-lfi-aux-municipales-a-marseille-veut-supprimer-la-metropole-aix-marseille\" target=\"_blank\" rel=\"noopener\">Delogu<\/a> (LFI) pr\u00e9f\u00e8re employer le mot \u00ab\u00a0client\u00e9laire\u00a0\u00bb. La transition n\u2019est pas anodine\u00a0: le suffixe \u00ab\u00a0isme\u00a0\u00bb renvoie \u00e0 une id\u00e9ologie, une doctrine ou une attitude g\u00e9n\u00e9rale. Le n\u00e9ologisme utilisant le suffixe \u00ab\u00a0aire\u00a0\u00bb para\u00eet moins brutal et frontal, puisqu\u2019il renvoie plut\u00f4t \u00e0 une simple pratique. Mais cette subtilit\u00e9 perd tout effet lorsque le candidat insoumis accole \u00ab\u00a0client\u00e9laire\u00a0\u00bb \u00e0 \u00ab\u00a0syst\u00e8me\u00a0\u00bb et \u00ab\u00a0corrompu\u00a0\u00bb, comme il l\u2019a fait le 21\u00a0novembre\u00a02025 chez Ici Provence au sujet de la Ville et du D\u00e9partement, qui a d\u2019ailleurs port\u00e9 plainte contre lui.<\/p>\n<p>\u00c9cologiste raisonnable<\/p>\n<p>C\u2019est \u00e0 Renaud Muselier qu\u2019on doit la paternit\u00e9 du qualificatif \u00ab\u00a0<a href=\"https:\/\/www.laprovence.com\/article\/politique\/59467347134259\/municipales-2026-a-marseille-christophe-madrolle-et-fabien-perez-pronent-une-ecologie-raisonnable\" target=\"_blank\" rel=\"noopener\">\u00e9cologiste raisonnable<\/a>\u00ab\u00a0, principalement pour d\u00e9signer son conseiller r\u00e9gional, l\u2019ex-EELV et Modem Christophe Madrolle. Repris par Martine Vassal, il est cens\u00e9 illustrer un rassemblement qui ne se limiterait pas \u00e0 la droite. Mais peut-on \u00eatre \u00ab\u00a0raisonnable\u00a0\u00bb lorsqu\u2019on est \u00e9cologiste\u00a0? \u00ab\u00a0L\u2019\u00e9cologie est forc\u00e9ment radicale, sinon c\u2019est du jardinage\u00a0\u00bb, a tranch\u00e9 l\u2019alli\u00e9 de LFI <a href=\"https:\/\/www.laprovence.com\/article\/elections\/1271569872674714\/municipales-2026-a-marseille-l-ecologie-est-forcement-radicale-sebastien-barles-justifie-son-ralliement-a-lfi\" target=\"_blank\" rel=\"noopener\">S\u00e9bastien Barles<\/a>, pour signifier la n\u00e9cessit\u00e9 de d\u00e9cisions fortes &#8211; et pas forc\u00e9ment populaires &#8211; face au bouleversement climatique en cours. Reste donc \u00e0 trancher\u00a0: cette cat\u00e9gorie concerne-t-elle les \u00e9cologistes mus uniquement par la raison (et pas les sentiments)\u00a0? Ou ceux qu\u2019on estime pouvoir raisonner, c\u2019est-\u00e0-dire qu\u2019on peut contr\u00f4ler\u00a0? Vous avez trois mois pour trancher.<\/p>\n<p>Epage Huca<\/p>\n<p>Prenez les premi\u00e8res lettres des mots formant le concept d\u2019\u00e9tablissement public d\u2019am\u00e9nagement et de gestion de l\u2019eau. Ajoutez-y la contraction des cours d\u2019eau qu\u2019il supervise &#8211; Huveaune, (fleuves) c\u00f4tiers et Aygalades. Brassez le tout et vous obtiendrez le magnifique acronyme <a href=\"https:\/\/www.laprovence.com\/article\/ecoplanete\/51230440826626\/marseille-a-la-pomme-un-nouvel-ecrin-pour-contenir-les-crues-de-lhuveaune\" target=\"_blank\" rel=\"noopener\">Epage Huca<\/a>. Cet organisme public a pourtant un r\u00f4le capital\u00a0: am\u00e9liorer la gestion des cours d\u2019eau de la r\u00e9gion marseillaise pour \u00e9viter les inondations. C\u2019est ainsi ce qu\u2019il a fait, en lien avec la M\u00e9tropole, en am\u00e9nageant les berges de l\u2019Huveaune \u00e0 la Pomme (11e). R\u00e9sultat\u00a0: un nouveau parc public livr\u00e9 en\u00a02025, qui servira \u00e9galement de zone d\u2019expansion des crues.<\/p>\n<p>Expected goals<\/p>\n<p>Tout supporter olympien a forc\u00e9ment entendu parler des \u00ab\u00a0<a href=\"https:\/\/www.laprovence.com\/article\/om\/1033660945832115\/om-ces-statistiques-qui-prouvent-lefficacite-des-olympiens\" target=\"_blank\" rel=\"noopener\">expected goals<\/a>\u00ab\u00a0. Utilis\u00e9e depuis une dizaine d\u2019ann\u00e9es, cette expression a pris de plus en plus d\u2019ampleur dans le d\u00e9bat footballistique, au point de parfois r\u00e9sumer \u00e0 lui seul le contenu d\u2019un match. \u00ab\u00a0Buts attendus\u00a0\u00bb en bon fran\u00e7ais, cette expression d\u00e9signe les situations de jeu au cours d\u2019un match lors desquelles un but aurait d\u00fb intervenir. Un faible ratio d\u2019expected goals serait le r\u00e9sultat d\u2019un match terne, au contraire, un chiffre \u00e9lev\u00e9 signifie que la rencontre a \u00e9t\u00e9 spectaculaire. Selon l\u2019analyste Opta, l\u2019OM a ainsi \u00e9t\u00e9 la 3e \u00e9quipe d\u2019Europe en la mati\u00e8re avec 45,7 expected goals \u00e0 domicile sur l\u2019ann\u00e9e\u00a02025. Mais dans la vraie vie, sur la m\u00eame p\u00e9riode, les fid\u00e8les du stade V\u00e9lodrome ont pu admirer 55 buts. Ou quand la r\u00e9alit\u00e9 d\u00e9passe le virtuel\u2026<\/p>\n<p>Fascines<\/p>\n<p>Le 13\u00a0ao\u00fbt dernier,<a href=\"https:\/\/www.laprovence.com\/article\/region\/32315979211996\/apres-lincendie-du-8-juillet-a-lestaque-a-marseille-une-ecole-du-feu-pour-apprendre-a-vivre-avec\" target=\"_blank\" rel=\"noopener\"> un peu plus d\u2019un mois apr\u00e8s l\u2019incendie<\/a> qui a rendu inhabitables 91 b\u00e2tis \u00e0 l\u2019Estaque, des fascines ont \u00e9t\u00e9 install\u00e9es par des agents municipaux dans le vallon qui borde la mont\u00e9e des Iris (16e). Le terme d\u00e9signe des structures compos\u00e9es de branchages enchev\u00eatr\u00e9s et assembl\u00e9s de mani\u00e8re \u00e0 former un barrage. Objectif\u00a0? Solidifier le terrain et \u00e9viter des coul\u00e9es de boues lors des \u00e9pisodes pluvieux, \u00e9pisodes qui n\u2019ont pas manqu\u00e9 de frapper \u00e0 leur tour les terres br\u00fbl\u00e9es de l\u2019Estaque, quelques semaines plus tard\u2026<\/p>\n<p>Galvanoplastie<\/p>\n<p>La<a href=\"https:\/\/www.laprovence.com\/article\/societe\/40648074305019\/la-statue-de-la-bonne-mere-un-defi-technique-qu-il-faut-consolider\" target=\"_blank\" rel=\"noopener\"> galvanoplastie<\/a> est une technique utilis\u00e9e d\u00e8s le XIXe\u00a0si\u00e8cle qui consiste \u00e0 d\u00e9poser une fine couche de m\u00e9tal sur un objet en utilisant un courant \u00e9lectrique. \u00c0 Marseille, le mot a r\u00e9sonn\u00e9 depuis le sommet de Notre-Dame de la Garde tout au long des travaux de restauration des fa\u00e7ades de la basilique et de la statue de la Vierge inaugur\u00e9s d\u00e9but d\u00e9cembre. Et pour cause, la figure protectrice de Marseille haute de 11,20\u00a0m, dessin\u00e9e par l\u2019architecte Henri-Jacques Esp\u00e9randieu et dessin\u00e9e par le sculpteur Eug\u00e8ne-Louis Lequesne a \u00e9t\u00e9 r\u00e9alis\u00e9e par le ma\u00eetre-orf\u00e8vre Christofle \u00e0 partir de\u00a01853 gr\u00e2ce \u00e0 la galvanoplastie. La technique consistait donc \u00e0 d\u00e9poser une fine couche d\u2019or sur le cuivre afin de prot\u00e9ger au mieux la statue contre les d\u00e9t\u00e9riorations du temps et des \u00e9l\u00e9ments. \u00ab\u00a0Aujourd\u2019hui encore, elle reste la plus grande statue du monde r\u00e9alis\u00e9e avec ce proc\u00e9d\u00e9\u00a0\u00bb, rappelle\u00a0Xavier David, architecte en charge du chantier.<\/p>\n<p>\u00celot d\u00e9monstrateur<\/p>\n<p>Pour les \u00e9lus responsables de la r\u00e9habilitation des logements d\u00e9labr\u00e9s du centre-ville de Marseille, les \u00eelots d\u00e9monstrateurs sont la preuve que les choses avancent. Le Projet partenarial d\u2019am\u00e9nagement n\u00e9 apr\u00e8s le drame de la rue d\u2019Aubagne en\u00a02018 en a identifi\u00e9 cinq\u00a0: deux \u00e0 Noailles, un \u00e0 la Belle-de-Mai, un \u00e0 la Villette et un \u00eelot de 66 immeubles multisites r\u00e9partis dans la ville. En r\u00e9alit\u00e9, le terme \u00ab\u00a0\u00eelot\u00a0\u00bb renvoie \u00e0 la notion d\u2019\u00eelot d\u2019immeubles. Dans le langage courant, on parlera du p\u00e2t\u00e9 de maisons. \u00ab\u00a0D\u00e9monstrateur\u00a0\u00bb, lui, renvoie \u00e0 l\u2019exp\u00e9rimentation des actions juridiques, techniques et \u00e9conomiques que la Soci\u00e9t\u00e9 publique locale d\u2019am\u00e9nagement d\u2019int\u00e9r\u00eat national (<a href=\"https:\/\/www.laprovence.com\/article\/edition-marseille\/5731348\/repenser-la-ville-avec-ses-habitants.html\" target=\"_blank\" rel=\"noopener\">Spla-In<\/a>) entend g\u00e9n\u00e9raliser \u00e0 l\u2019\u00e9chelle de tout le centre-ville.<\/p>\n<p>Mise en grille<\/p>\n<p>C\u2019est le<a href=\"https:\/\/www.laprovence.com\/article\/faits-divers-justice\/1279332224261214\/conditions-d-incarcerations-indignes-l-etablissement-pour-mineur-de-la-valentine-a-marseille-dans-la-tourmente\" target=\"_blank\" rel=\"noopener\"> rapport de la contr\u00f4leure g\u00e9n\u00e9rale des lieux de privation de libert\u00e9 <\/a>(CGLPL) fin ao\u00fbt qui a mis en lumi\u00e8re cette pratique de la \u00ab\u00a0mise en grille\u00a0\u00bb \u00e0 l\u2019\u00c9tablissement pour mineurs de la Valentine. Dominique Simonnot avait ainsi r\u00e9clam\u00e9 \u00ab\u00a0la fermeture, au moins partielle\u00a0\u00bb de cette<a href=\"https:\/\/www.laprovence.com\/article\/region\/19667701500005\/prison-pour-mineurs-de-la-valentine-a-marseille-un-senateur-en-inspection\" target=\"_blank\" rel=\"noopener\"> prison marseillaise<\/a> en raison de conditions d\u2019incarc\u00e9ration indignes. Jug\u00e9e \u00ab\u00a0inhumaine et d\u00e9gradante\u00a0\u00bb par la CGLPL, la \u00ab\u00a0mise en grille\u00a0\u00bb \u00e9tait une pratique qui consistait \u00e0 \u00ab\u00a0enfermer un adolescent, quel que soit son \u00e2ge, dans un des trois locaux barreaud\u00e9s, d\u00e9pourvus d\u2019assise, de point d\u2019eau potable et de WC, situ\u00e9s dans le b\u00e2timent disciplinaire d\u00e9sert, o\u00f9 aucune surveillance continue n\u2019est assur\u00e9e\u00a0\u00bb, d\u00e9taillait-elle. Une mesure dont la dur\u00e9e variait d\u2019une demi-heure \u00e0 cinq heures et qui a depuis \u00e9t\u00e9 proscrite par le ministre de la Justice G\u00e9rald Darmanin.<\/p>\n<p><img alt=\"La cit\u00e9 des Rosiers (14e) fait partie des quatre op\u00e9rations de requalification des copropri\u00e9t\u00e9s d\u00e9grad\u00e9es d'Int\u00e9r\u00eat national (Orcod-In).\" loading=\"lazy\" decoding=\"async\" data-nimg=\"fill\" class=\" TwicCore_img__i9TC1 undefined  undefined\" style=\"position:absolute;height:100%;width:100%;left:0;top:0;right:0;bottom:0;color:transparent;background-size:cover;background-position:50% 50%;background-repeat:no-repeat;background-image:url(&quot;data:image\/svg+xml;charset=utf-8,%3Csvg xmlns='http:\/\/www.w3.org\/2000\/svg' %3E%3Cfilter id='b' color-interpolation-filters='sRGB'%3E%3CfeGaussianBlur stdDeviation='20'\/%3E%3CfeColorMatrix values='1 0 0 0 0 0 1 0 0 0 0 0 1 0 0 0 0 0 100 -1' result='s'\/%3E%3CfeFlood x='0' y='0' width='100%25' height='100%25'\/%3E%3CfeComposite operator='out' in='s'\/%3E%3CfeComposite in2='SourceGraphic'\/%3E%3CfeGaussianBlur stdDeviation='20'\/%3E%3C\/filter%3E%3Cimage width='100%25' height='100%25' x='0' y='0' preserveAspectRatio='none' style='filter: url(%23b);' href='https:\/\/pictures.laprovence.com\/cdn-cgi\/image\/blur=250\/media\/melody\/2025\/12\/31\/illustration-sur-la-cite-des-rosiers-situee-dans-le-quartier-bon-secours-dans-le-14e-cite-des-rosier-1767198817_6cac448035596b0bc44803559e9bc4v_.jpg'\/%3E%3C\/svg%3E&quot;)\"   src=\"https:\/\/www.europesays.com\/fr\/wp-content\/uploads\/2026\/01\/illustration-sur-la-cite-des-rosiers-situee-dans-le-quartier-bon-secours-dans-le-14e-cite-des-rosier.jpeg\"\/>La cit\u00e9 des Rosiers (14e) fait partie des quatre op\u00e9rations de requalification des copropri\u00e9t\u00e9s d\u00e9grad\u00e9es d&rsquo;Int\u00e9r\u00eat national (Orcod-In). \/ Photo Gilles BaderOrcod-In<\/p>\n<p>Les op\u00e9rations de requalification des copropri\u00e9t\u00e9s d\u00e9grad\u00e9es d\u2019Int\u00e9r\u00eat national (<a href=\"https:\/\/www.laprovence.com\/article\/societe\/65335933014774\/habitat-indigne-nouvelle-etape-pour-les-quatre-operations-de-requalification-de-ces-coproprietes-a-marseille\" target=\"_blank\" rel=\"noopener\">Orcod-In<\/a>) sont des dispositifs hors normes pour lutter contre les copropri\u00e9t\u00e9s d\u00e9grad\u00e9es. Ils incluent des op\u00e9rations d\u2019am\u00e9nagement, un plan de relogement et d\u2019accompagnement social des occupants, la mobilisation des dispositifs coercitifs de lutte contre l\u2019habitat indigne, la mise en \u0153uvre d\u2019un plan de sauvegarde,\u00a0etc. \u00c0 Marseille, quatre copropri\u00e9t\u00e9s d\u00e9grad\u00e9es vont faire l\u2019objet d\u2019une Orcod-In\u00a0: le Mail (14e), la Maurelette (15e), les Rosiers (14e) et Consolat (15e). Annonc\u00e9es d\u00e8s\u00a02023 par Emmanuel Macron, elles constituent un \u00ab\u00a0jalon majeur du plan Marseille en grand\u00a0\u00bb. Ces r\u00e9novations, sous le pilotage de l\u2019\u00c9tat, vont toucher 9\u00a0000 Marseillais et 2\u00a0600 logements.<\/p>\n<p>PLM<\/p>\n<p>En mars prochain, les Marseillais exp\u00e9rimenteront un nouveau mode de scrutin apr\u00e8s la r\u00e9forme de la loi<a href=\"https:\/\/www.laprovence.com\/article\/elections\/2274092016311114\/municipales-2026-comment-la-nouvelle-loi-plm-rebat-deja-les-cartes-de-la-campagne-a-marseille\" target=\"_blank\" rel=\"noopener\"> PLM<\/a> en\u00a02025. D\u00e9sormais, les \u00e9lecteurs d\u00e9signeront le conseil municipal (charg\u00e9 lui d\u2019\u00e9lire in fine le ou la maire) \u00e0 l\u2019\u00e9chelle de la ville. Mais ce ne sera pas fini avec les secteurs municipaux\u00a0: un deuxi\u00e8me scrutin (avec un deuxi\u00e8me bulletin \u00e0 glisser dans l\u2019urne) permettra en m\u00eame temps de voter pour son conseil d\u2019arrondissements.\u00a0\u00c0 noter que les trois lettres PLM n\u2019auraient pas d\u00fb \u00eatre utilis\u00e9es dans cet ordre\u00a0: en\u00a01982, Gaston Defferre \u00e9crit une loi baptis\u00e9e \u00ab\u00a0PML\u00a0\u00bb, dans l\u2019ordre des initiales des trois plus grandes villes de France. Mais l\u2019analogie historique avec la compagnie de chemin de fer PLM (Paris-Lyon-M\u00e9diterran\u00e9e), qui a desservi Marseille pendant 80\u00a0ans, l\u2019a emport\u00e9 dans l\u2019usage courant.<\/p>\n<p><img alt=\"En mars prochain, les Marseillais exp\u00e9rimenteront un nouveau mode de scrutin apr\u00e8s la r\u00e9forme de la loi PLM en 2025.\" loading=\"lazy\" decoding=\"async\" data-nimg=\"fill\" class=\" TwicCore_img__i9TC1 undefined  undefined\" style=\"position:absolute;height:100%;width:100%;left:0;top:0;right:0;bottom:0;color:transparent;background-size:cover;background-position:50% 50%;background-repeat:no-repeat;background-image:url(&quot;data:image\/svg+xml;charset=utf-8,%3Csvg xmlns='http:\/\/www.w3.org\/2000\/svg' %3E%3Cfilter id='b' color-interpolation-filters='sRGB'%3E%3CfeGaussianBlur stdDeviation='20'\/%3E%3CfeColorMatrix values='1 0 0 0 0 0 1 0 0 0 0 0 1 0 0 0 0 0 100 -1' result='s'\/%3E%3CfeFlood x='0' y='0' width='100%25' height='100%25'\/%3E%3CfeComposite operator='out' in='s'\/%3E%3CfeComposite in2='SourceGraphic'\/%3E%3CfeGaussianBlur stdDeviation='20'\/%3E%3C\/filter%3E%3Cimage width='100%25' height='100%25' x='0' y='0' preserveAspectRatio='none' style='filter: url(%23b);' href='https:\/\/pictures.laprovence.com\/cdn-cgi\/image\/blur=250\/media\/melody\/2025\/12\/31\/urne-ici-ambiance-dans-un-bureau-de-vote-du-lycee-perier-2eme-circonscription-des-bouches-du-rhone-u-1767198818_46cd81f2fb6863acd81f2fb681ecd8v_.jpg'\/%3E%3C\/svg%3E&quot;)\"   src=\"https:\/\/www.europesays.com\/fr\/wp-content\/uploads\/2026\/01\/urne-ici-ambiance-dans-un-bureau-de-vote-du-lycee-perier-2eme-circonscription-des-bouches-du-rhone-u.jpeg\"\/>En mars prochain, les Marseillais exp\u00e9rimenteront un nouveau mode de scrutin apr\u00e8s la r\u00e9forme de la loi PLM en 2025. \/ Photo Fr\u00e9d\u00e9ric SpeichPnaco<\/p>\n<p>La loi contre le narcotrafic promulgu\u00e9e en juin a act\u00e9 l\u2019installation d\u2019un parquet national anticriminalit\u00e9 organis\u00e9e (<a href=\"https:\/\/www.laprovence.com\/article\/faits-divers-justice\/13086557761741\/une-nouvelle-loi-contre-le-narcotrafic-inspiree-par-les-magistrats-marseillais-et-l-antiterrorisme\" target=\"_blank\" rel=\"noopener\">Pnaco<\/a>). Il prendra place \u00e0 compter de ce 1er\u00a0janvier \u00e0 Paris, avec \u00e0 sa t\u00eate Vanessa Perr\u00e9, directrice de l\u2019Agence de gestion et recouvrement des avoirs saisis (Agrasc), une sp\u00e9cialiste de la lutte contre le blanchiment d\u2019argent sale. Martine Vassal, la pr\u00e9sidente (DVD) du D\u00e9partement et de la M\u00e9tropole et Beno\u00eet Payan, le maire (DVG) d\u00e9fendaient une implantation \u00e0 Marseille.<\/p>\n<p>Scories<\/p>\n<p>Ceux qui n\u2019habitent pas sur le littoral Sud, ont d\u00e9couvert ses scories avec le<a href=\"https:\/\/www.laprovence.com\/article\/region\/1383655755313414\/depollution-des-calanques-de-marseille-premiers-coups-de-pelle-dun-chantier-qui-peut-reserver-des-imprevus\" target=\"_blank\" rel=\"noopener\"> chantier XXL de d\u00e9pollution<\/a> qui s\u2019y d\u00e9roule depuis septembre. Depuis plus d\u2019un si\u00e8cle, des d\u00e9p\u00f4ts historiques de r\u00e9sidus industriels (traitement de minerais de plomb, production de soude et d\u2019acide tartrique) polluent les calanques marseillaises. Appel\u00e9s scories, ces r\u00e9sidus affleurent en bord de route car ils ont \u00e9t\u00e9 utilis\u00e9s comme remblais mais aussi sur les plages, dans la nature et dans l\u2019eau et rec\u00e8lent diff\u00e9rents<a href=\"https:\/\/www.laprovence.com\/article\/ecoplanete\/1102486082538914\/depollution-des-calanques-a-marseille-les-associations-environnementales-demandent-une-veille-sanitaire\" target=\"_blank\" rel=\"noopener\"> polluants<\/a>, surtout du plomb et de l\u2019arsenic. L\u2019Ademe a \u00e9t\u00e9 missionn\u00e9e pour traiter et s\u00e9curiser les sites entre Mont-Rose et Callelongue. Les travaux se poursuivent jusqu\u2019en mars\u00a02026 pour la premi\u00e8re phase, ils reprendront ensuite en septembre\u00a02026 jusqu\u2019en mars\u00a02027.<\/p>\n<p>Spem<\/p>\n<p>Vous vous souvenez de la Soci\u00e9t\u00e9 publique locale d\u2019am\u00e9nagement d\u2019int\u00e9r\u00eat national (Spla-In) cr\u00e9\u00e9e en\u00a02019 pour faciliter le traitement de l\u2019habitat d\u00e9grad\u00e9 de la M\u00e9tropole en mettant autour de la table trois actionnaires, \u00c9tat, M\u00e9tropole et Ville\u00a0? C\u2019est la m\u00eame id\u00e9e qui a donn\u00e9 naissance en\u00a02022 \u00e0 une autre Spla-In d\u00e9di\u00e9e aux \u00e9coles de Marseille. Actionnaires \u00e0 parts \u00e9gales, l\u2019\u00c9tat et la Ville mettent ainsi en \u0153uvre \u00e0 travers la Soci\u00e9t\u00e9 publique des \u00e9coles marseillaises (<a href=\"https:\/\/www.laprovence.com\/article\/faits-divers-justice\/37998237211631\/plan-ecoles-a-marseille-laccord-cadre-conteste-par-des-citoyens-valide-en-appel\" target=\"_blank\" rel=\"noopener\">Spem<\/a>) le plan Marseille en grand impuls\u00e9 par Emmanuel Macron en\u00a02021 en r\u00e9novant ou en construisant pr\u00e8s de 200 \u00e9coles sur une d\u00e9cennie. En\u00a02025, parmi les quinze \u00e9coles inaugur\u00e9es, onze \u00e9taient inscrites dans le plan Marseille en grand.<\/p>\n<p>Am\u00e9nagement transitoire<\/p>\n<p>En mati\u00e8re d\u2019urbanisme, les op\u00e9rations d\u2019am\u00e9nagement s\u2019appuient sur un vocabulaire qui s\u2019enrichit. Temporaire, <a href=\"https:\/\/www.laprovence.com\/article\/region\/2520306856505314\/ca-devient-la-plaine-les-habitants-mitiges-face-a-la-pietonnisation-de-la-place-sebastopol-4e-a-marseille\" target=\"_blank\" rel=\"noopener\">transitoire<\/a>\u2026 Certaines requalifications laissent donc des espaces publics qui changeront de visage progressivement, par phases transitoires. On a ainsi pu observer le changement progressif de la <a href=\"https:\/\/www.laprovence.com\/article\/societe\/7173235466730414\/50-arbres-plantes-jeux-pour-enfants-la-place-de-la-providence-a-marseille-reamenagee-a-partir-du-mois-de-mars\" target=\"_blank\" rel=\"noopener\">place de la Providence<\/a>\u00a0: en\u00a02024, l\u2019immense parking a disparu au profit de buttes v\u00e9g\u00e9tales avec une installation de mobilier urbain en bois. En mars, les travaux se poursuivront avec la plantation d\u2019une cinquantaine d\u2019arbres. Il faudra patienter encore un an pour que la place v\u00e9g\u00e9talis\u00e9e montre son visage d\u00e9finitif\u00a0: avec une estrade en bois et des jeux d\u2019enfants.<\/p>\n<p>P\u00e9pites naturelles<\/p>\n<p><a href=\"https:\/\/www.laprovence.com\/article\/region\/82833453389923\/friches-urbaines-naturelles-dix-associations-pour-gerer-ces-espaces-verts-marseillais\" target=\"_blank\" rel=\"noopener\">P\u00e9pites naturelles\u00a0:<\/a> un terme invent\u00e9 par la Ville pour valoriser ses terrains \u00e0 l\u2019abandon. La municipalit\u00e9 a lanc\u00e9 un appel \u00e0 projets qui concernait 7 friches urbaines naturelles (les Fun qui seraient au nombre de 300 \u00e0 Marseille, la premi\u00e8re d\u2019entre elles, nomm\u00e9e Auguste Marin (8e) est d\u2019une superficie de 7\u00a0900\u00a0m\u00b2 et abrite 51 esp\u00e8ces v\u00e9g\u00e9tales). Autant \u00ab\u00a0d\u2019\u00eelots de nature, espaces de fra\u00eecheur, lieux de ressourcement o\u00f9 les habitants aiment \u00e0 se promener et des sites d\u2019\u00e9ducation \u00e0 l\u2019environnement\u00a0\u00bb, pr\u00e9cise la mairie sur son site. Leur objectif\u00a0? Donner aux Marseillais le go\u00fbt de la nature en ville et valoriser la biodiversit\u00e9 en bas de chez soi. C\u2019est le dossier de \u00ab\u00a0Plus belle ma friche\u00a0\u00bb qui a \u00e9t\u00e9 retenu pour la gestion \u00e9colo de ces \u00ab\u00a0p\u00e9pites\u00a0\u00bb qui sont mises \u00e0 disposition pour quatre ans \u00e0 10 associations en partenariat avec la Cit\u00e9 des transitions.<\/p>\n<p>Four \u00e0 d\u00e9bris<\/p>\n<p>Le four \u00e0 d\u00e9bris est un b\u00e2timent destin\u00e9 au tri des restes exhum\u00e9s des anciennes tombes. \u00c0 l\u2019automne\u00a02023, lors d\u2019une <a href=\"https:\/\/www.laprovence.com\/article\/region\/1009126530746614\/j-ai-vu-des-os-partout-des-amas-de-machoires-le-rapport-d-inspection-accablant-sur-les-cimetieres-de-marseille\" target=\"_blank\" rel=\"noopener\">visite au four \u00e0 d\u00e9bris du cimeti\u00e8re Saint-Pierre<\/a>, le directeur des op\u00e9rations fun\u00e9raires Djilali Mekkaoui et la cheffe du service des cimeti\u00e8res communaux Aim\u00e9e Thomine Desmazures ont d\u00e9couvert\u00a0\u00ab\u00a0des os partout, des reliquaires align\u00e9s avec un amas de m\u00e2choires\u00a0\u00bb ainsi qu\u2019une poubelle avec \u00ab\u00a0des cr\u00e2nes et des os en vrac\u00a0\u00bb. Les cinq fossoyeurs qui travaillaient au sein de ce service ont fait l\u2019objet d\u2019une sanction disciplinaire d\u00e8s le printemps\u00a02024\u00a0: quatre ont \u00e9t\u00e9 r\u00e9voqu\u00e9s, le cinqui\u00e8me a \u00e9t\u00e9 exclu de ses fonctions pour deux ans. Ils ont fait appel devant le tribunal administratif qui a rejet\u00e9 leur demande en d\u00e9cembre\u00a02025. Une enqu\u00eate judiciaire a par ailleurs \u00e9t\u00e9 ouverte et est toujours en cours.<\/p>\n<p>HSA<\/p>\n<p>Depuis des mois, les milieux associatifs qui suivent les toxicomanes et certains collectifs d\u2019habitants du centre-ville confront\u00e9s au quotidien \u00e0 la consommation de drogue r\u00e9clament la cr\u00e9ation d\u2019une <a href=\"https:\/\/www.laprovence.com\/article\/societe\/102003110789814\/consommation-de-drogues-a-marseille-une-marche-contre-la-repression\" target=\"_blank\" rel=\"noopener\">Halte soins addictions<\/a>, autrement dit une \u00ab\u00a0salle de shoot\u00a0\u00bb. C\u2019\u00e9tait aussi une promesse de campagne du Printemps marseillais. Elle n\u2019existe toujours pas. L\u2019ancien pr\u00e9fet Georges-Fran\u00e7ois Leclerc avait pos\u00e9 son v\u00e9to. Le nouveau, <a href=\"https:\/\/www.laprovence.com\/article\/politique\/36491734934023\/salle-de-shoot-a-marseille-le-prefet-ne-ferme-pas-completement-la-porte\" target=\"_blank\" rel=\"noopener\">Jacques Witkowski<\/a>, qui a pris ses fonctions le 1er\u00a0d\u00e9cembre, est moins cat\u00e9gorique. \u00ab\u00a0Il y a deux approches possibles\u00a0: une s\u00e9curitaire &#8211; on ne peut pas consommer de stup\u00e9fiants &#8211; et une plus pragmatique &#8211; les consommateurs sont l\u00e0, autant en accompagner le plus possible m\u00e9dicalement et socialement, a-t-il indiqu\u00e9 \u00e0 la presse. Si l\u2019ARS me d\u00e9montre l\u2019int\u00e9r\u00eat sanitaire et s\u2019il y a un consensus autour des acteurs\u2026\u00a0\u00bb<\/p>\n<p><img alt=\"Manifestation de riverains et d'\u00e9lus de l'opposition contre le projet d' une salle de consommation de drogues encadr\u00e9e (salle de shoot, halte soins addictions) pour les toxicomanes, dans un b\u00e2timent du 110 boulevard de la Lib\u00e9ration (4e arrdt),...\" loading=\"lazy\" decoding=\"async\" data-nimg=\"fill\" class=\" TwicCore_img__i9TC1 undefined  undefined\" style=\"position:absolute;height:100%;width:100%;left:0;top:0;right:0;bottom:0;color:transparent;background-size:cover;background-position:50% 50%;background-repeat:no-repeat;background-image:url(&quot;data:image\/svg+xml;charset=utf-8,%3Csvg xmlns='http:\/\/www.w3.org\/2000\/svg' %3E%3Cfilter id='b' color-interpolation-filters='sRGB'%3E%3CfeGaussianBlur stdDeviation='20'\/%3E%3CfeColorMatrix values='1 0 0 0 0 0 1 0 0 0 0 0 1 0 0 0 0 0 100 -1' result='s'\/%3E%3CfeFlood x='0' y='0' width='100%25' height='100%25'\/%3E%3CfeComposite operator='out' in='s'\/%3E%3CfeComposite in2='SourceGraphic'\/%3E%3CfeGaussianBlur stdDeviation='20'\/%3E%3C\/filter%3E%3Cimage width='100%25' height='100%25' x='0' y='0' preserveAspectRatio='none' style='filter: url(%23b);' href='https:\/\/pictures.laprovence.com\/cdn-cgi\/image\/blur=250\/media\/melody\/2025\/12\/31\/manifestation-de-riverains-et-d-elus-de-l-opposition-contre-le-projet-d-une-salle-de-consommation-de-1767198818_c3e5085b15d86d7e5085b15d8abe50v_.jpg'\/%3E%3C\/svg%3E&quot;)\"   src=\"https:\/\/www.europesays.com\/fr\/wp-content\/uploads\/2026\/01\/manifestation-de-riverains-et-d-elus-de-l-opposition-contre-le-projet-d-une-salle-de-consommation-de.jpeg\"\/>Manifestation de riverains et d&rsquo;\u00e9lus de l&rsquo;opposition contre le projet d&rsquo; une salle de consommation de drogues encadr\u00e9e (salle de shoot, halte soins addictions) pour les toxicomanes, dans un b\u00e2timent du 110 boulevard de la Lib\u00e9ration (4e arrdt),&#8230; Zerbib &#8211; LP &#8211; Gilles Bader &#8211; Gilles BaderSectorisation de la police municipale<\/p>\n<p>C\u2019est la <a href=\"https:\/\/www.laprovence.com\/article\/region\/2220577102450814\/securite-renforcee-a-marseille-dans-toutes-les-zones-commerciales-pour-les-fetes\" target=\"_blank\" rel=\"noopener\">doctrine<\/a> \u00e0 l\u2019\u0153uvre au sein de la police municipale depuis\u00a02020 et un des marqueurs des villes de gauche qui d\u00e9fendent une police municipale de proximit\u00e9. Il s\u2019agit de d\u00e9ployer les effectifs (800 agents d\u2019ici fin mars) en diff\u00e9rents points de la ville afin de mieux mailler le territoire. En plus des bases Nord (Plombi\u00e8res, 3e), centre (Vallier, 4e) et Sud (Ha\u00effa, 8e), des antennes de proximit\u00e9 ont ouvert sur la Canebi\u00e8re (1er), rue Loubon (3e) et \u00e0 Saint-J\u00e9r\u00f4me (13e).<\/p>\n<p>NOx<\/p>\n<p>Ces \u00e9missions d\u2019oxyde d\u2019azote \u00e9mises par la combustion des carburants fossiles ont encore fait parler d\u2019elles. Monoxyde d\u2019azote, dioxyde d\u2019azote, protoxyde d\u2019azote\u2026 des polluants atmosph\u00e9riques qui contribuent \u00e0 l\u2019effet de serre et qui polluent l\u2019air que respirent les Marseillais. Si <a href=\"https:\/\/www.laprovence.com\/article\/region\/81720189861694\/bientot-un-capteur-pour-mesurer-la-pollution-emise-dans-le-port-de-marseille\" target=\"_blank\" rel=\"noopener\">Atmosud<\/a> constate \u00ab\u00a0une am\u00e9lioration de la qualit\u00e9 de l\u2019air \u00e0 Marseille sur les dix derni\u00e8res ann\u00e9es\u00a0\u00bb, l\u2019observatoire de surveillance de la qualit\u00e9 de l\u2019air de la r\u00e9gion Provence-Alpes-C\u00f4te d&rsquo;Azur, estime que \u00ab\u00a017% des d\u00e9c\u00e8s annuels sur notre territoire\u00a0\u00bb sont encore caus\u00e9s par la pollution de l\u2019air.<\/p>\n<p>Trait de c\u00f4te<strong\/><\/p>\n<p>C\u2019est ce trait de c\u00f4te qui d\u00e9signe la ligne qui marque la limite jusqu\u2019\u00e0 laquelle peuvent parvenir les eaux marines, symbolisant aussi la limite du Domaine public maritime (DPM). Malheureusement, en\u00a02025, on a pu constater que son recul. <a href=\"https:\/\/www.laprovence.com\/article\/ecoplanete\/1024641124979714\/erosion-cotiere-une-taxe-airbnb-pour-financer-la-protection-du-littoral\" target=\"_blank\" rel=\"noopener\">L\u2019\u00e9rosion c\u00f4ti\u00e8re<\/a> est en effet acc\u00e9l\u00e9r\u00e9e par le d\u00e9r\u00e8glement climatique et les am\u00e9nagements r\u00e9alis\u00e9s par l\u2019homme au fil du temps que les banquettes de posidonie, barri\u00e8res naturelles, ne suffisent pas \u00e0 att\u00e9nuer. Sur la plage de la Pointe Rouge, le trait de c\u00f4te a recul\u00e9 de 2\u00a0m sur 15\u00a0ans.<\/p>\n<p>Jumbo<\/p>\n<p>Apr\u00e8s les op\u00e9rations Place nette en\u00a02023 puis Place nette XXL en\u00a02024, place aux op\u00e9rations Jumbo. Lanc\u00e9es au printemps\u00a02025 par le minist\u00e8re de l\u2019Int\u00e9rieur, elles ont vocation \u00e0 \u00ab\u00a0restaurer la s\u00e9curit\u00e9 du quotidien\u00a0\u00bb. En octobre, une op\u00e9ration Jumbo dans le <a href=\"https:\/\/www.laprovence.com\/article\/faits-divers-justice\/42108798095908\/fermetures-de-snacks-en-serie-quartier-belsunce-a-marseille-vous-permettez-que-maman-finisse-de-manger\" target=\"_blank\" rel=\"noopener\">quartier Belsunce<\/a> \u00e0 Marseille en plein coup de feu de midi avait conduit \u00e0 la fermeture de six snacks. Le 9\u00a0d\u00e9cembre, le pr\u00e9fet Jacques Witkowski a toutefois pr\u00e9f\u00e9r\u00e9 parl\u00e9 d\u2019<a href=\"https:\/\/www.laprovence.com\/article\/faits-divers-justice\/1341367544360914\/lutte-contre-le-narcotrafic-operation-coup-de-poing-a-marseille-15-points-de-deal-vises-et-1-500-policiers-deployes\" target=\"_blank\" rel=\"noopener\">op\u00e9ration d\u2019ampleur<\/a> plut\u00f4t que de Jumbo \u00e0 propos de l\u2019op\u00e9ration anti-narco qui a mobilis\u00e9 1\u00a0500 policiers.<\/p>\n","protected":false},"excerpt":{"rendered":"Ce sont des mots, sigles, acronymes ou expressions que vous avez pu lire tout au long de l\u2019ann\u00e9e&hellip;\n","protected":false},"author":2,"featured_media":633287,"comment_status":"","ping_status":"","sticky":false,"template":"","format":"standard","meta":{"footnotes":""},"categories":[2814],"tags":[17,1111,11,49121,74179,66492,74180,1777,674,1011,27,74181,74182,884,12,882,25,104],"class_list":{"0":"post-633286","1":"post","2":"type-post","3":"status-publish","4":"format-standard","5":"has-post-thumbnail","7":"category-marseille","8":"tag-17","9":"tag-actu","10":"tag-actualites","11":"tag-bhns","12":"tag-clientelaire","13":"tag-decryptee","14":"tag-epage","15":"tag-eu","16":"tag-europe","17":"tag-fr","18":"tag-france","19":"tag-huca","20":"tag-lexique","21":"tag-marseille","22":"tag-news","23":"tag-provence-alpes-cote-dazur","24":"tag-republique-francaise","25":"tag-societe"},"share_on_mastodon":{"url":"https:\/\/pubeurope.com\/@fr\/115817298319589213","error":""},"_links":{"self":[{"href":"https:\/\/www.europesays.com\/fr\/wp-json\/wp\/v2\/posts\/633286","targetHints":{"allow":["GET"]}}],"collection":[{"href":"https:\/\/www.europesays.com\/fr\/wp-json\/wp\/v2\/posts"}],"about":[{"href":"https:\/\/www.europesays.com\/fr\/wp-json\/wp\/v2\/types\/post"}],"author":[{"embeddable":true,"href":"https:\/\/www.europesays.com\/fr\/wp-json\/wp\/v2\/users\/2"}],"replies":[{"embeddable":true,"href":"https:\/\/www.europesays.com\/fr\/wp-json\/wp\/v2\/comments?post=633286"}],"version-history":[{"count":0,"href":"https:\/\/www.europesays.com\/fr\/wp-json\/wp\/v2\/posts\/633286\/revisions"}],"wp:featuredmedia":[{"embeddable":true,"href":"https:\/\/www.europesays.com\/fr\/wp-json\/wp\/v2\/media\/633287"}],"wp:attachment":[{"href":"https:\/\/www.europesays.com\/fr\/wp-json\/wp\/v2\/media?parent=633286"}],"wp:term":[{"taxonomy":"category","embeddable":true,"href":"https:\/\/www.europesays.com\/fr\/wp-json\/wp\/v2\/categories?post=633286"},{"taxonomy":"post_tag","embeddable":true,"href":"https:\/\/www.europesays.com\/fr\/wp-json\/wp\/v2\/tags?post=633286"}],"curies":[{"name":"wp","href":"https:\/\/api.w.org\/{rel}","templated":true}]}}