{"id":633288,"date":"2026-01-01T01:41:13","date_gmt":"2026-01-01T01:41:13","guid":{"rendered":"https:\/\/www.europesays.com\/fr\/633288\/"},"modified":"2026-01-01T01:41:13","modified_gmt":"2026-01-01T01:41:13","slug":"caluire-et-cuire-lassociation-coup-de-pouce-a-assure-300-interventions-solidaires-en-2025","status":"publish","type":"post","link":"https:\/\/www.europesays.com\/fr\/633288\/","title":{"rendered":"Caluire-et-Cuire. L\u2019association Coup de Pouce a assur\u00e9 300\u00a0interventions solidaires en 2025"},"content":{"rendered":"<p>Pour sa 10e ann\u00e9e d\u2019existence, Coup de Pouce a enregistr\u00e9, cette ann\u00e9e, pr\u00e8s de 300 interventions, 147 nouvelles adh\u00e9sions, 49 nouveaux acteurs et 98 demandeurs. \u00ab\u00a0Les causes de rupture du lien sont multiples\u00a0: foyer monoparental, personne isol\u00e9e, contrat de travail rompu, jeune en formation, grand \u00e2ge\u2026 face \u00e0 ce constat, Coup de Pouce Caluire propose une formule&#8230;<\/p>\n","protected":false},"excerpt":{"rendered":"Pour sa 10e ann\u00e9e d\u2019existence, Coup de Pouce a enregistr\u00e9, cette ann\u00e9e, pr\u00e8s de 300 interventions, 147 nouvelles&hellip;\n","protected":false},"author":2,"featured_media":633289,"comment_status":"","ping_status":"","sticky":false,"template":"","format":"standard","meta":{"footnotes":""},"categories":[1889],"tags":[1111,11,2430,15843,15842,2757,1777,674,1011,27,2428,12,25,104],"class_list":{"0":"post-633288","1":"post","2":"type-post","3":"status-publish","4":"format-standard","5":"has-post-thumbnail","7":"category-lyon","8":"tag-actu","9":"tag-actualites","10":"tag-auvergne-rhone-alpes","11":"tag-caluire","12":"tag-caluire-et-cuire","13":"tag-edition-lyon-villeurbanne","14":"tag-eu","15":"tag-europe","16":"tag-fr","17":"tag-france","18":"tag-lyon","19":"tag-news","20":"tag-republique-francaise","21":"tag-societe"},"share_on_mastodon":{"url":"https:\/\/pubeurope.com\/@fr\/115817302361264130","error":""},"_links":{"self":[{"href":"https:\/\/www.europesays.com\/fr\/wp-json\/wp\/v2\/posts\/633288","targetHints":{"allow":["GET"]}}],"collection":[{"href":"https:\/\/www.europesays.com\/fr\/wp-json\/wp\/v2\/posts"}],"about":[{"href":"https:\/\/www.europesays.com\/fr\/wp-json\/wp\/v2\/types\/post"}],"author":[{"embeddable":true,"href":"https:\/\/www.europesays.com\/fr\/wp-json\/wp\/v2\/users\/2"}],"replies":[{"embeddable":true,"href":"https:\/\/www.europesays.com\/fr\/wp-json\/wp\/v2\/comments?post=633288"}],"version-history":[{"count":0,"href":"https:\/\/www.europesays.com\/fr\/wp-json\/wp\/v2\/posts\/633288\/revisions"}],"wp:featuredmedia":[{"embeddable":true,"href":"https:\/\/www.europesays.com\/fr\/wp-json\/wp\/v2\/media\/633289"}],"wp:attachment":[{"href":"https:\/\/www.europesays.com\/fr\/wp-json\/wp\/v2\/media?parent=633288"}],"wp:term":[{"taxonomy":"category","embeddable":true,"href":"https:\/\/www.europesays.com\/fr\/wp-json\/wp\/v2\/categories?post=633288"},{"taxonomy":"post_tag","embeddable":true,"href":"https:\/\/www.europesays.com\/fr\/wp-json\/wp\/v2\/tags?post=633288"}],"curies":[{"name":"wp","href":"https:\/\/api.w.org\/{rel}","templated":true}]}}