{"id":633290,"date":"2026-01-01T01:42:20","date_gmt":"2026-01-01T01:42:20","guid":{"rendered":"https:\/\/www.europesays.com\/fr\/633290\/"},"modified":"2026-01-01T01:42:20","modified_gmt":"2026-01-01T01:42:20","slug":"lyon-un-mort-et-cinq-blesses-dans-un-accident-des-bonbonnes-de-gaz-hilarant-retrouvees","status":"publish","type":"post","link":"https:\/\/www.europesays.com\/fr\/633290\/","title":{"rendered":"Lyon : un mort et cinq bless\u00e9s dans un accident, des bonbonnes de \u00ab\u00a0gaz hilarant\u00a0\u00bb retrouv\u00e9es"},"content":{"rendered":"<ul class=\"jsx-862013697 ArticleChapo__List\">\n<li class=\"jsx-862013697 ArticleChapo__List_Item flex\">Une femme de 48 ans est d\u00e9c\u00e9d\u00e9e et cinq personnes ont \u00e9t\u00e9 bless\u00e9es dans un accident survenu lundi soir \u00e0 Lyon.<\/li>\n<li class=\"jsx-862013697 ArticleChapo__List_Item flex\">Des bonbonnes de protoxyde d&rsquo;azote ont \u00e9t\u00e9 d\u00e9couvertes dans le v\u00e9hicule mis en cause, dont le conducteur, \u00e2g\u00e9 de 20 ans.<\/li>\n<li class=\"jsx-862013697 ArticleChapo__List_Item flex\">Une enqu\u00eate pour homicide routier aggrav\u00e9 est en cours, alors que le gouvernement cherche \u00e0 durcir la l\u00e9gislation sur la vente de \u00ab\u00a0gaz hilarant\u00a0\u00bb.<\/li>\n<\/ul>\n<p><a href=\"https:\/\/www.tf1info.fr\/actualite\/drogue-jeunesse-le-fleau-du-protoxyde-d-azote-frappe-la-france-14463\/\" rel=\"noopener\" class=\"jsx-484472199 Link jsx-1428418400 jsx-609604686\" target=\"_blank\"><\/p>\n<p style=\"font-weight:400\" class=\"jsx-1837267516\">Suivez la couverture compl\u00e8te<\/p>\n<p style=\"font-weight:800\" class=\"jsx-1837267516\">Le fl\u00e9au du protoxyde d&rsquo;azote en France<\/p>\n<p><\/a><\/p>\n<p data-module=\"article-paragraph\" class=\"jsx-157965717 Paragraph Paragraph__End\">C&rsquo;est une substance de plus en plus pr\u00e9sente que ce nouvel accident \u00e0 Lyon vient remettre au c\u0153ur des inqui\u00e9tudes. Il est un peu plus de 23h30, lundi 29 d\u00e9cembre au soir, lorsque sur la voie rapide M7, qui traverse la ville des Lumi\u00e8res, la voiture d&rsquo;une famille est percut\u00e9e par l\u2019arri\u00e8re. \u00c0 l\u2019int\u00e9rieur, une femme de 48 ans d\u00e9c\u00e8de et trois autres personnes, un homme d&rsquo;une cinquantaine d&rsquo;ann\u00e9es et deux jeunes \u00e2g\u00e9s d&rsquo;environ 25 ans, sont bless\u00e9es selon les informations du <a href=\"https:\/\/www.leprogres.fr\/faits-divers-justice\/2025\/12\/30\/grave-accident-sur-la-m7-a-lyon-une-personne-decede-et-plusieurs-personnes-en-urgence-absolue\" target=\"_blank\" rel=\"nofollow noopener\">Progr\u00e8s (nouvelle fen\u00eatre)<\/a>. Dans le v\u00e9hicule en cause, les deux passagers sont eux aussi touch\u00e9s.<\/p>\n<p data-module=\"article-paragraph\" class=\"jsx-157965717 Paragraph Paragraph__End\">Tr\u00e8s vite, un \u00e9l\u00e9ment interpelle les enqu\u00eateurs : \u00e0 l\u2019int\u00e9rieur de la voiture du conducteur mis en cause, plusieurs bonbonnes de <a href=\"https:\/\/www.tf1info.fr\/societe\/enquete-sur-le-protoxyde-d-azote-cette-nouvelle-drogue-qui-inquiete-les-maires-2127569.html\" target=\"_blank\" rel=\"noopener\">protoxyde d&rsquo;azote (nouvelle fen\u00eatre)<\/a> sont retrouv\u00e9es. Le jeune homme, \u00e2g\u00e9 de 20 ans, a \u00e9t\u00e9 interpell\u00e9 puis plac\u00e9 en garde \u00e0 vue ce mercredi, selon le parquet aupr\u00e8s de nos confr\u00e8res de l&rsquo;AFP. Depuis, une enqu\u00eate a \u00e9t\u00e9 ouverte pour homicide routier aggrav\u00e9, et les enqu\u00eateurs doivent d\u00e9sormais d\u00e9terminer pr\u00e9cis\u00e9ment les circonstances de l&rsquo;accident et \u00e9tablir si la consommation de cette substance a jou\u00e9 un r\u00f4le dans la perte de contr\u00f4le du v\u00e9hicule.<\/p>\n<p>Effets du protoxyde d&rsquo;azote sur la conduite<\/p>\n<p data-module=\"article-paragraph\" class=\"jsx-157965717 Paragraph Paragraph__End\">Car le protoxyde d&rsquo;azote, aussi surnomm\u00e9 \u00ab\u00a0gaz hilarant\u00a0\u00bb, n&rsquo;est pas anodin. S&rsquo;il est utilis\u00e9 et vendu l\u00e9galement en m\u00e9decine ou en cuisine, il est aussi d\u00e9tourn\u00e9 pour ses effets euphorisants. En th\u00e9orie, sa vente est interdite aux mineurs et dans certains lieux depuis 2021. Mais en l&rsquo;absence d&rsquo;arr\u00eat\u00e9s locaux, comme c&rsquo;est le cas dans une <a href=\"https:\/\/www.tf1info.fr\/sante\/protoxyde-d-azote-quels-sont-les-departements-qui-l-ont-deja-interdit-2415203.html\" target=\"_blank\" rel=\"noopener\">dizaine de d\u00e9partements (nouvelle fen\u00eatre)<\/a>, le produit reste largement accessible. C&rsquo;est d&rsquo;ailleurs la raison pour laquelle les \u00e9quipes de l&rsquo;association 40 millions d&rsquo;automobilistes ont voulu tester les effets de sa consommation sur la conduite.\u00a0<\/p>\n<blockquote class=\"jsx-2786790838 Quote__Text\"><p>Au bout de quelques minutes, j&rsquo;ai eu l&rsquo;impression que les effets avaient disparu (&#8230;) alors qu&rsquo;ils \u00e9taient tout aussi dramatiques<\/p><\/blockquote>\n<p>Pierre Chasseray, d\u00e9l\u00e9gu\u00e9 g\u00e9n\u00e9ral de l&rsquo;association \u00ab\u00a040 millions d&rsquo;automobilistes\u00a0\u00bb<\/p>\n<p data-module=\"article-paragraph\" class=\"jsx-157965717 Paragraph Paragraph__End\">R\u00e9sultat : malgr\u00e9 une consommation minimale et un encadrement strict, les temps de r\u00e9action des deux cobayes de <a href=\"https:\/\/www.tf1info.fr\/transports\/je-n-ai-pas-vu-la-moto-que-tout-le-monde-avait-pourtant-apercue-un-test-revele-les-effets-dramatiques-du-protoxyde-d-azote-sur-la-conduite-2415876.html\" target=\"_blank\" rel=\"noopener\">l&rsquo;exp\u00e9rience (nouvelle fen\u00eatre)<\/a> ont \u00e9t\u00e9 multipli\u00e9s par trois et leur conduite, particuli\u00e8rement erratique. \u00ab\u00a0Le pire, c&rsquo;est qu&rsquo;au bout de quelques minutes, j&rsquo;ai eu l&rsquo;impression que tout allait bien et que les effets avaient disparu. En r\u00e9alit\u00e9, ils \u00e9taient tout aussi dramatiques\u00a0\u00bb, raconte Pierre Chasseray, le d\u00e9l\u00e9gu\u00e9 g\u00e9n\u00e9ral de l&rsquo;association, qui s&rsquo;est lui aussi pr\u00eat\u00e9 \u00e0 l&rsquo;exp\u00e9rience. \u00a0<\/p>\n<p><a href=\"https:\/\/www.tf1info.fr\/justice-faits-divers\/protoxyde-d-azote-des-operations-de-controle-a-l-approche-du-reveillon-du-nouvel-an-2415237.html\" rel=\"noopener\" class=\"jsx-3308031228 Link flex\" target=\"_blank\"><img decoding=\"async\" src=\"https:\/\/www.europesays.com\/fr\/wp-content\/uploads\/2026\/01\/bonbonne-protoxyde-1-09edef-0@1x.jpeg\" alt=\"Des bonbonnes de protoxdye d'azote saisies par la police lors de contr\u00f4le \u00e0 l'approche du r\u00e9veillon du Nouvel an. \" loading=\"lazy\" importance=\"low\" fetchpriority=\"low\" class=\"\" aria-hidden=\"true\"\/><\/p>\n<p class=\"jsx-3657663356 ReadMoreArticle__Title\">Lire aussi<\/p>\n<p class=\"jsx-3657663356\">Protoxyde d&rsquo;azote : des op\u00e9rations pour dissuader les consommateurs avant le r\u00e9veillon du Nouvel An<\/p>\n<p><\/a><\/p>\n<p data-module=\"article-paragraph\" class=\"jsx-157965717 Paragraph Paragraph__End\">\u00ab\u00a0Je n&rsquo;ai par exemple pas vu une moto que tout le monde avait pourtant aper\u00e7ue dans la salle.\u00a0\u00bb En novembre dernier, un autre accident mortel avait co\u00fbt\u00e9 la vie au jeune Mathis, \u00e2g\u00e9 de 19 ans, fauch\u00e9 par un conducteur soup\u00e7onn\u00e9 d&rsquo;avoir consomm\u00e9 du gaz hilarant et qui tentait de fuir la police.<\/p>\n<p>AA<\/p>\n","protected":false},"excerpt":{"rendered":"Une femme de 48 ans est d\u00e9c\u00e9d\u00e9e et cinq personnes ont \u00e9t\u00e9 bless\u00e9es dans un accident survenu lundi&hellip;\n","protected":false},"author":2,"featured_media":383536,"comment_status":"","ping_status":"","sticky":false,"template":"","format":"standard","meta":{"footnotes":""},"categories":[1889],"tags":[3085,1111,11,1921,2430,1777,674,6017,1011,27,1922,303,2954,74183,2428,12,1072,63867,25,5009,133,2953],"class_list":{"0":"post-633290","1":"post","2":"type-post","3":"status-publish","4":"format-standard","5":"has-post-thumbnail","7":"category-lyon","8":"tag-accidents","9":"tag-actu","10":"tag-actualites","11":"tag-article-video","12":"tag-auvergne-rhone-alpes","13":"tag-eu","14":"tag-europe","15":"tag-fait-divers","16":"tag-fr","17":"tag-france","18":"tag-info","19":"tag-justice","20":"tag-justice-et-faits-divers","21":"tag-le-fleau-du-protoxyde-dazote-en-france","22":"tag-lyon","23":"tag-news","24":"tag-police","25":"tag-protoxyde-dazote","26":"tag-republique-francaise","27":"tag-securite-routiere","28":"tag-video","29":"tag-video-police"},"share_on_mastodon":{"url":"https:\/\/pubeurope.com\/@fr\/115817306089941350","error":""},"_links":{"self":[{"href":"https:\/\/www.europesays.com\/fr\/wp-json\/wp\/v2\/posts\/633290","targetHints":{"allow":["GET"]}}],"collection":[{"href":"https:\/\/www.europesays.com\/fr\/wp-json\/wp\/v2\/posts"}],"about":[{"href":"https:\/\/www.europesays.com\/fr\/wp-json\/wp\/v2\/types\/post"}],"author":[{"embeddable":true,"href":"https:\/\/www.europesays.com\/fr\/wp-json\/wp\/v2\/users\/2"}],"replies":[{"embeddable":true,"href":"https:\/\/www.europesays.com\/fr\/wp-json\/wp\/v2\/comments?post=633290"}],"version-history":[{"count":0,"href":"https:\/\/www.europesays.com\/fr\/wp-json\/wp\/v2\/posts\/633290\/revisions"}],"wp:featuredmedia":[{"embeddable":true,"href":"https:\/\/www.europesays.com\/fr\/wp-json\/wp\/v2\/media\/383536"}],"wp:attachment":[{"href":"https:\/\/www.europesays.com\/fr\/wp-json\/wp\/v2\/media?parent=633290"}],"wp:term":[{"taxonomy":"category","embeddable":true,"href":"https:\/\/www.europesays.com\/fr\/wp-json\/wp\/v2\/categories?post=633290"},{"taxonomy":"post_tag","embeddable":true,"href":"https:\/\/www.europesays.com\/fr\/wp-json\/wp\/v2\/tags?post=633290"}],"curies":[{"name":"wp","href":"https:\/\/api.w.org\/{rel}","templated":true}]}}