{"id":633300,"date":"2026-01-01T01:49:14","date_gmt":"2026-01-01T01:49:14","guid":{"rendered":"https:\/\/www.europesays.com\/fr\/633300\/"},"modified":"2026-01-01T01:49:14","modified_gmt":"2026-01-01T01:49:14","slug":"zelensky-affirme-que-laccord-de-paix-est-pret-a-90-et-quil-reste-10-jusqua-la-paix","status":"publish","type":"post","link":"https:\/\/www.europesays.com\/fr\/633300\/","title":{"rendered":"Zelensky affirme que \u00ab\u00a0l&rsquo;accord de paix est pr\u00eat \u00e0 90%\u00a0\u00bb et qu&rsquo;il reste \u00ab\u00a010% jusqu&rsquo;\u00e0 la paix\u00a0\u00bb"},"content":{"rendered":"<p class=\"article-p mdl\">\u00ab\u00a010% jusqu&rsquo;\u00e0 la paix.\u00a0\u00bb\u00a0Le pr\u00e9sident ukrainien\u00a0<a class=\"link\" href=\"https:\/\/www.rtl.fr\/actu\/international\/guerre-en-ukraine-volodymyr-zelensky-annonce-une-reunion-de-dirigeants-de-pays-allies-de-kiev-le-6-janvier-en-france-7900583518\" title=\"Guerre en Ukraine : Volodymyr Zelensky annonce une r\u00e9union de dirigeants de pays alli\u00e9s de Kiev le 6 janvier en France\" target=\"_blank\" rel=\"noopener\">Volodymyr Zelensky<\/a>\u00a0a estim\u00e9 dans ses v\u0153ux du\u00a0<a class=\"link\" href=\"https:\/\/www.rtl.fr\/actu\/debats-societe\/a-fait-chaud-au-coeur-apres-son-appel-sur-rtl-un-sans-abri-de-57-ans-va-passer-le-nouvel-an-chez-un-auditeur-7900583732\" title=\"&quot;\u00c7a fait chaud au c\u0153ur&quot; : apr\u00e8s son appel sur RTL, un sans-abri de 57 ans va passer le Nouvel An chez un auditeur\" target=\"_blank\" rel=\"noopener\">Nouvel An<\/a>\u00a0mercredi 31 d\u00e9cembre au soir, que l&rsquo;accord de paix pour mettre fin au conflit avec la Russie \u00e9tait \u00ab\u00a0pr\u00eat \u00e0 90%\u00a0\u00bb, ajoutant que les 10% restants \u00ab\u00a0contiennent tout, en fait\u00a0\u00bb.\u00a0<\/p>\n<p class=\"article-p mdl\">\u00ab\u00a0<strong>L&rsquo;accord de paix est pr\u00eat \u00e0 90%.<\/strong> <strong>Il reste 10%<\/strong>. (&#8230;) Ces 10% contiennent tout, en fait. Ce sont ces 10% qui d\u00e9termineront le destin de la paix, le destin de l&rsquo;Ukraine et de l&rsquo;Europe\u00a0\u00bb, a-t-il d\u00e9clar\u00e9 dans un message vid\u00e9o publi\u00e9 sur son compte Telegram.\u00a0<\/p>\n<p class=\"article-p mdl\">Le pr\u00e9sident ukrainien a assur\u00e9 que son pays souhaitait la fin du conflit, mais pas \u00ab\u00a0\u00e0 n&rsquo;importe quel prix\u00a0\u00bb, et que tout accord devait comporter de solides garanties de s\u00e9curit\u00e9 afin de dissuader la Russie de lancer une nouvelle invasion.\u00a0<\/p>\n<p class=\"article-p mdl\">Les Etats-Unis ont tent\u00e9 d&rsquo;\u00e9chafauder\u00a0<a class=\"link\" href=\"https:\/\/www.rtl.fr\/actu\/international\/il-faut-qu-ils-le-veuillent-les-etats-unis-assurent-ne-pas-vouloir-imposer-un-accord-de-paix-a-l-ukraine-7900581082\" title=\"&quot;Il faut qu&#039;ils le veuillent&quot; : les \u00c9tats-Unis assurent ne pas vouloir imposer un accord de paix \u00e0 l&#039;Ukraine\" target=\"_blank\" rel=\"noopener\">un accord de paix<\/a>\u00a0en tenant compte des contributions de Moscou et de Kiev, mais n&rsquo;ont pas r\u00e9ussi \u00e0 trouver de consensus sur l<strong>a question clef des territoires<\/strong>, alors que Moscou occupe environ 19% de l&rsquo;Ukraine. Le pr\u00e9sident russe\u00a0<a class=\"link\" href=\"https:\/\/www.rtl.fr\/actu\/international\/guerre-en-ukraine-vladimir-poutine-est-pret-au-dialogue-avec-emmanuel-macron-selon-son-porte-parole-7900581303\" title=\"Guerre en Ukraine : Vladimir Poutine est &quot;pr\u00eat au dialogue&quot; avec Emmanuel Macron, l&#039;\u00c9lys\u00e9e juge la d\u00e9cision &quot;bienvenue&quot;\" target=\"_blank\" rel=\"noopener\">Vladimir Poutine<\/a>\u00a0veut notamment annexer la totalit\u00e9 de la <strong>r\u00e9gion mini\u00e8re et industrielle du Donbass<\/strong>, dans l&rsquo;est de l&rsquo;Ukraine, mais Volodymyr Zelensky a r\u00e9p\u00e9t\u00e9 dans son allocution il ne croyait pas que la Russie s&rsquo;arr\u00eaterait au Donbass si l&rsquo;Ukraine devait se retirer.\u00a0\u00a0<\/p>\n<p class=\"article-p mdl\">\u00ab\u00a0&lsquo;Retirez-vous du Donbass, et tout sera termin\u00e9.&rsquo; Voil\u00e0 \u00e0 quoi ressemble la tromperie lorsqu&rsquo;on la traduit du russe &#8211; en ukrainien, en anglais, en allemand, en fran\u00e7ais, et, en r\u00e9alit\u00e9, dans n&rsquo;importe quelle langue du monde\u00a0\u00bb, a-t-il ironis\u00e9.\u00a0<\/p>\n<p>    La r\u00e9daction vous recommande<\/p>\n<p class=\"s-newsletter__title\">\n                L\u2019actualit\u00e9 par la r\u00e9daction de RTL dans votre bo\u00eete mail.\n            <\/p>\n<p class=\"s-newsletter__subtitle\">\n                Gr\u00e2ce \u00e0 votre compte RTL abonnez-vous \u00e0 la newsletter RTL info pour suivre toute l&rsquo;actualit\u00e9 au quotidien\n            <\/p>\n<p>\n                                    Lire la suite\n                                <\/p>\n","protected":false},"excerpt":{"rendered":"\u00ab\u00a010% jusqu&rsquo;\u00e0 la paix.\u00a0\u00bb\u00a0Le pr\u00e9sident ukrainien\u00a0Volodymyr Zelensky\u00a0a estim\u00e9 dans ses v\u0153ux du\u00a0Nouvel An\u00a0mercredi 31 d\u00e9cembre au soir, que&hellip;\n","protected":false},"author":2,"featured_media":495646,"comment_status":"","ping_status":"","sticky":false,"template":"","format":"standard","meta":{"footnotes":""},"categories":[1591],"tags":[11,1887,107,131,14,12,1885,1886,132,220,134],"class_list":{"0":"post-633300","1":"post","2":"type-post","3":"status-publish","4":"format-standard","5":"has-post-thumbnail","7":"category-russie","8":"tag-actualites","9":"tag-federation-de-russie","10":"tag-fil-info","11":"tag-guerre-en-ukraine","12":"tag-international","13":"tag-news","14":"tag-russia","15":"tag-russian-federation","16":"tag-russie","17":"tag-ukraine","18":"tag-volodymyr-zelensky"},"share_on_mastodon":{"url":"https:\/\/pubeurope.com\/@fr\/115817333618320068","error":""},"_links":{"self":[{"href":"https:\/\/www.europesays.com\/fr\/wp-json\/wp\/v2\/posts\/633300","targetHints":{"allow":["GET"]}}],"collection":[{"href":"https:\/\/www.europesays.com\/fr\/wp-json\/wp\/v2\/posts"}],"about":[{"href":"https:\/\/www.europesays.com\/fr\/wp-json\/wp\/v2\/types\/post"}],"author":[{"embeddable":true,"href":"https:\/\/www.europesays.com\/fr\/wp-json\/wp\/v2\/users\/2"}],"replies":[{"embeddable":true,"href":"https:\/\/www.europesays.com\/fr\/wp-json\/wp\/v2\/comments?post=633300"}],"version-history":[{"count":0,"href":"https:\/\/www.europesays.com\/fr\/wp-json\/wp\/v2\/posts\/633300\/revisions"}],"wp:featuredmedia":[{"embeddable":true,"href":"https:\/\/www.europesays.com\/fr\/wp-json\/wp\/v2\/media\/495646"}],"wp:attachment":[{"href":"https:\/\/www.europesays.com\/fr\/wp-json\/wp\/v2\/media?parent=633300"}],"wp:term":[{"taxonomy":"category","embeddable":true,"href":"https:\/\/www.europesays.com\/fr\/wp-json\/wp\/v2\/categories?post=633300"},{"taxonomy":"post_tag","embeddable":true,"href":"https:\/\/www.europesays.com\/fr\/wp-json\/wp\/v2\/tags?post=633300"}],"curies":[{"name":"wp","href":"https:\/\/api.w.org\/{rel}","templated":true}]}}