{"id":633309,"date":"2026-01-01T01:54:25","date_gmt":"2026-01-01T01:54:25","guid":{"rendered":"https:\/\/www.europesays.com\/fr\/633309\/"},"modified":"2026-01-01T01:54:25","modified_gmt":"2026-01-01T01:54:25","slug":"ils-ne-mont-meme-pas-offert-un-verre-de-vin","status":"publish","type":"post","link":"https:\/\/www.europesays.com\/fr\/633309\/","title":{"rendered":"\u201cIls ne m\u2019ont m\u00eame pas offert un verre de vin !\u201d"},"content":{"rendered":"<p>                                    <img decoding=\"async\" src=\"https:\/\/www.europesays.com\/fr\/wp-content\/uploads\/2026\/01\/ccd58657d876ff2a55c48ef642b36a9581c912551b54d0b099a57daf3795eaee.jpg\" alt=\"Ce mercredi 31 d\u00e9cembre dans Gala N\u00b01699, d\u00e9couvrez le sommaire en vid\u00e9o\u00a0!\" class=\"a11y-hidden\" fetchpriority=\"high\"\/><\/p>\n<p class=\"fig-standfirst\">\n    Ce mercredi 31 d\u00e9cembre, \u00e0 l\u2019occasion de la diffusion du dernier num\u00e9ro de T\u00e9l\u00e9shopping sur TF1, Laurent Cabrol, pr\u00e9sentateur du programme de 1994 \u00e0 2008, s\u2019est confi\u00e9 \u00e0 propos de son d\u00e9part du groupe, puis celui d\u2019Europe 1 en 2021, aupr\u00e8s du Parisien.<\/p>\n<p class=\"fig-paragraph\">Il n\u2019a jamais n\u00e9goci\u00e9 ses d\u00e9parts&#8230; \u00c0 l\u2019occasion de la diffusion ce mercredi 31 d\u00e9cembre\u00a0<a href=\"https:\/\/www.gala.fr\/culture\/television\/marie-ange-nardi-et-alexandre-devoise-font-leurs-adieux-a-teleshopping-les-larmes-aux-yeux-ils-ne-cachent-pas-leur-emotion-20251231\" target=\"_blank\" data-fig-type=\"Article\" rel=\"sponsored noopener\" data-gtm-custom-categorie=\"navigation\" data-gtm-custom-action=\"crossclick\" data-gtm-custom-label=\"Contextuel\" data-gtm-event=\"customEventSPE\" data-fig-domain=\"GALA\">du dernier num\u00e9ro de T\u00e9l\u00e9shopping sur TF1<\/a>, Laurent Cabrol,\u00a0<a href=\"https:\/\/www.gala.fr\/l_actu\/news_de_stars\/video-laurent-cabrol-sa-touchante-confidence-sur-sa-vie-privee-jai-adopte-3-enfants_514456\" target=\"_blank\" data-fig-type=\"Article\" rel=\"sponsored noopener\" data-gtm-custom-categorie=\"navigation\" data-gtm-custom-action=\"crossclick\" data-gtm-custom-label=\"Contextuel\" data-gtm-event=\"customEventSPE\" data-fig-domain=\"GALA\">qui a pr\u00e9sent\u00e9 l\u2019\u00e9mission de 1994 \u00e0 2008<\/a>, est revenu\u00a0<a href=\"https:\/\/www.leparisien.fr\/culture-loisirs\/tv\/fin-du-teleshopping-sur-tf-1-jai-tout-teste-a-part-les-soupes-amincissantes-se-souvient-laurent-cabrol-31-12-2025-53KAJYRLPVEAVDFNJUYJAWTKK4.php?at_variant=photo&amp;at_creation=Le%20Parisien%20%7C%20%C3%89crans&amp;at_campaign=Partage%20Twitter%20CM&amp;at_medium=Social%20media\" target=\"_blank\" rel=\"sponsored noopener\" data-gtm-custom-categorie=\"navigation\" data-gtm-custom-action=\"crossclick\" data-gtm-custom-label=\"Contextuel\" data-gtm-event=\"customEventSPE\">au cours d\u2019une interview avec Le Parisien<\/a> \u00a0sur son d\u00e9part du groupe apr\u00e8s plusieurs ann\u00e9es \u00e0 l\u2019antenne. Il a r\u00e9v\u00e9l\u00e9 avoir appris la mauvaise nouvelle lors d\u2019un d\u00e9jeuner avec un patron des programmes de la Une. \u00abL\u2019encre n\u2019\u00e9tait pas encore s\u00e8che. Il m\u2019a dit\u00a0: \u201cTu sais, on a fait notre meilleur mois de janvier (en chiffre d\u2019affaires), donc on va te remplacer. On sait qu\u2019on va perdre un petit peu d\u2019audience mais on retombera sur nos pattes\u201d\u00bb, lui a-t-il lanc\u00e9 pendant le repas.<\/p>\n<p class=\"fig-paragraph\">Laurent Cabrol a affirm\u00e9 de son c\u00f4t\u00e9 avoir fait \u00abde la t\u00e9l\u00e9vision pour que les gens aient envie de nous regarder\u00bb tout simplement. \u00abJe voulais garder du temps pour l\u2019animation, pour mettre de l\u2019ambiance sur le plateau. Je me foutais des ventes, le fric n\u2019allait pas dans ma poche. Les dirigeants, eux, ils me jugeaient sur le chiffre d\u2019affaires. Si \u00e7a ne vendait pas bien, ils n\u2019\u00e9taient pas contents. C\u2019\u00e9tait une lutte permanente\u00bb, a-t-il affirm\u00e9 en repensant \u00e0 cette \u00e9poque. L\u2019animateur a finalement quitt\u00e9 les m\u00e9dias en 2021 \u00e0 la suite de son d\u00e9part d\u2019Europe 1. Un choix qu\u2019il a fait \u00absans regret\u00bb et\u00a0<a href=\"https:\/\/www.gala.fr\/l_actu\/news_de_stars\/ce-nest-pas-une-retraite-laurent-cabrol-depite-par-sa-situation-financiere_517422\" target=\"_blank\" data-fig-type=\"Article\" rel=\"sponsored noopener\" data-gtm-custom-categorie=\"navigation\" data-gtm-custom-action=\"crossclick\" data-gtm-custom-label=\"Contextuel\" data-gtm-event=\"customEventSPE\" data-fig-domain=\"GALA\">sans demander plus d\u2019argent<\/a>. \u00abJe n\u2019ai pas n\u00e9goci\u00e9 mon d\u00e9part, je n\u2019ai pas demand\u00e9 le moindre centime d\u2019indemnit\u00e9. Et eux, ils ne m\u2019ont m\u00eame pas offert un verre de vin\u00bb, a-t-il assur\u00e9 pendant cet \u00e9change, en pr\u00e9cisant donc \u00eatre parti de TF1 et de la station de radio uniquement avec son solde de tout compte. Aujourd\u2019hui,\u00a0<a href=\"https:\/\/www.gala.fr\/lifestyle\/laurent-cabrol-son-refuge-dans-le-tarn-ou-il-coule-des-jours-heureux-20250513\" target=\"_blank\" data-fig-type=\"Article\" rel=\"sponsored noopener\" data-gtm-custom-categorie=\"navigation\" data-gtm-custom-action=\"crossclick\" data-gtm-custom-label=\"Contextuel\" data-gtm-event=\"customEventSPE\" data-fig-domain=\"GALA\">Laurent Cabrol coule des jours heureux dans sa ferme de Mazamet<\/a>, dans le Tarn\u00a0<a href=\"https:\/\/www.gala.fr\/l_actu\/news_de_stars\/laurent-cabrol-separe-de-sa-femme-a-78-ans-je-vis-seul-avec-mon-chat-20250513\" target=\"_blank\" data-fig-type=\"Article\" rel=\"sponsored noopener\" data-gtm-custom-categorie=\"navigation\" data-gtm-custom-action=\"crossclick\" data-gtm-custom-label=\"Contextuel\" data-gtm-event=\"customEventSPE\" data-fig-domain=\"GALA\">o\u00f9 il habite seul depuis sa s\u00e9paration avec sa femme<\/a>.<\/p>\n<p>                                                                <a href=\"#slideshow-header\"><\/p>\n<p class=\"fig-slideshow__title\">\n                    Les premi\u00e8res t\u00e9l\u00e9s de vos animateurs pr\u00e9f\u00e9r\u00e9s\n                <\/p>\n<p>    <\/a><br \/>\n                                                                <a class=\"fig-a11y-skip\" href=\"#fig-a11y-skip-main-inarticle\" data-module=\"a11y-skip\" data-context=\"was @visible\"><br \/>\n    Passer la publicit\u00e9<br \/>\n<\/a>            <\/p>\n<p>                                                                Laurent Cabrol\u00a0: il revient sur ses souvenirs de T\u00e9l\u00e9shopping<\/p>\n<p class=\"fig-paragraph\">Au cours de cet entretien, Laurent Cabrol a \u00e9galement partag\u00e9 certains de ses plus beaux souvenirs en animant T\u00e9l\u00e9shopping. \u00abG\u00e9g\u00e9 (G\u00e9rard Baud, NDLR) me demandait ce qu\u2019il devait cuisiner et je lui disais\u00a0: \u201cFais-nous donc un petit cassoulet et on va bien trouver un ustensile de cuisine n\u00e9cessaire \u00e0 sa pr\u00e9paration \u00e0 pr\u00e9senter au public\u201d\u00bb, a-t-il racont\u00e9 \u00e0 nos confr\u00e8res, avant de leur r\u00e9v\u00e9ler avoir essay\u00e9 tous les produits qu\u2019il vendait \u00e0 l\u2019\u00e9poque, sauf \u00ables soupes amincissantes\u00bb. \u00abJe pouvais regarder les t\u00e9l\u00e9spectateurs dans les yeux et leur dire\u00a0: \u201c\u00c7a, je l\u2019ai essay\u00e9 et je vous jure que c\u2019est parfait\u201d. Si je croyais \u00e0 un produit, je le vendais avec passion. Quand je l\u2019aimais moins, je faisais la d\u00e9monstration\u2026 de mani\u00e8re syndicale\u00bb, a assur\u00e9\u00a0<a href=\"https:\/\/www.gala.fr\/l_actu\/news_de_stars\/laurent-cabrol-a-la-retraite-cette-drole-de-raison-pour-laquelle-il-avait-cesse-de-la-recevoir_519103\" target=\"_blank\" data-fig-type=\"Article\" rel=\"sponsored noopener\" data-gtm-custom-categorie=\"navigation\" data-gtm-custom-action=\"crossclick\" data-gtm-custom-label=\"Contextuel\" data-gtm-event=\"customEventSPE\" data-fig-domain=\"GALA\">le retrait\u00e9 tout en riant<\/a>.<\/p>\n","protected":false},"excerpt":{"rendered":"Ce mercredi 31 d\u00e9cembre, \u00e0 l\u2019occasion de la diffusion du dernier num\u00e9ro de T\u00e9l\u00e9shopping sur TF1, Laurent Cabrol,&hellip;\n","protected":false},"author":2,"featured_media":633310,"comment_status":"","ping_status":"","sticky":false,"template":"","format":"standard","meta":{"footnotes":""},"categories":[1586],"tags":[11,1261,9260,1777,674,1473,1011,27,74185,12,1825,25,252,199],"class_list":{"0":"post-633309","1":"post","2":"type-post","3":"status-publish","4":"format-standard","5":"has-post-thumbnail","7":"category-europe","8":"tag-actualites","9":"tag-argent","10":"tag-confidences","11":"tag-eu","12":"tag-europe","13":"tag-europe-1","14":"tag-fr","15":"tag-france","16":"tag-laurent-cabrol","17":"tag-news","18":"tag-radio","19":"tag-republique-francaise","20":"tag-television","21":"tag-tf1"},"share_on_mastodon":{"url":"https:\/\/pubeurope.com\/@fr\/115817353339667919","error":""},"_links":{"self":[{"href":"https:\/\/www.europesays.com\/fr\/wp-json\/wp\/v2\/posts\/633309","targetHints":{"allow":["GET"]}}],"collection":[{"href":"https:\/\/www.europesays.com\/fr\/wp-json\/wp\/v2\/posts"}],"about":[{"href":"https:\/\/www.europesays.com\/fr\/wp-json\/wp\/v2\/types\/post"}],"author":[{"embeddable":true,"href":"https:\/\/www.europesays.com\/fr\/wp-json\/wp\/v2\/users\/2"}],"replies":[{"embeddable":true,"href":"https:\/\/www.europesays.com\/fr\/wp-json\/wp\/v2\/comments?post=633309"}],"version-history":[{"count":0,"href":"https:\/\/www.europesays.com\/fr\/wp-json\/wp\/v2\/posts\/633309\/revisions"}],"wp:featuredmedia":[{"embeddable":true,"href":"https:\/\/www.europesays.com\/fr\/wp-json\/wp\/v2\/media\/633310"}],"wp:attachment":[{"href":"https:\/\/www.europesays.com\/fr\/wp-json\/wp\/v2\/media?parent=633309"}],"wp:term":[{"taxonomy":"category","embeddable":true,"href":"https:\/\/www.europesays.com\/fr\/wp-json\/wp\/v2\/categories?post=633309"},{"taxonomy":"post_tag","embeddable":true,"href":"https:\/\/www.europesays.com\/fr\/wp-json\/wp\/v2\/tags?post=633309"}],"curies":[{"name":"wp","href":"https:\/\/api.w.org\/{rel}","templated":true}]}}