{"id":633315,"date":"2026-01-01T01:57:21","date_gmt":"2026-01-01T01:57:21","guid":{"rendered":"https:\/\/www.europesays.com\/fr\/633315\/"},"modified":"2026-01-01T01:57:21","modified_gmt":"2026-01-01T01:57:21","slug":"evelyne-leclercq-ancienne-speakerine-de-tf1-et-animatrice-de-tournez-manege-est-decedee","status":"publish","type":"post","link":"https:\/\/www.europesays.com\/fr\/633315\/","title":{"rendered":"Evelyne Leclercq, ancienne speakerine de TF1 et animatrice de \u00ab\u00a0Tournez Man\u00e8ge\u00a0\u00bb, est d\u00e9c\u00e9d\u00e9e"},"content":{"rendered":"<p>Elle \u00e9tait un pilier de l&rsquo;\u00e9mission \u00ab\u00a0Tournez man\u00e8ge!\u00a0\u00bb, jeu matrimonial embl\u00e9matique des ann\u00e9es 1980-1990 sur TF1: \u00c9velyne Leclercq est d\u00e9c\u00e9d\u00e9e mardi \u00e0 74 ans.<\/p>\n<p>Elle est morte \u00e0 Grasse (Alpes-Maritimes), \u00ab\u00a0entour\u00e9e de sa famille, des suites d&rsquo;une tr\u00e8s longue maladie\u00a0\u00bb et avait \u00ab\u00a0affront\u00e9 l&rsquo;\u00e9preuve avec un courage hors du commun port\u00e9e jusqu&rsquo;au bout par l&rsquo;amour des siens\u00a0\u00bb, a indiqu\u00e9 sa fille C\u00e9line Olive dans un communiqu\u00e9 mercredi.<\/p>\n<p>Les Fran\u00e7ais avaient d\u00e9couvert son visage au d\u00e9but des ann\u00e9es 1970, d\u2019abord sur l\u2019ORTF, o\u00f9 elle \u00e9tait la plus jeune speakerine de France \u00e0 Nice. \u00ab\u00a0On a d\u00fb demander \u00e0 mon papa l&rsquo;autorisation. \u00c7a a \u00e9t\u00e9 le plus gros trac de ma vie\u00a0\u00bb, en direct et sans prompteur, se souvenait-elle.<\/p>\n<p>Puis elle avait rejoint comme speakerine \u00e9galement la premi\u00e8re cha\u00eene, d\u00e8s sa cr\u00e9ation le 6 janvier 1975. En 1976 et 1977, elle avait pr\u00e9sent\u00e9 les qualifications nationales pour le concours de l&rsquo;Eurovision.<\/p>\n<p>Contenu externe<\/p>\n<p> Ce contenu externe ne peut pas \u00eatre affich\u00e9 car il est susceptible de collecter des donn\u00e9es personnelles. Pour voir ce contenu vous devez autoriser la cat\u00e9gorie <strong>R\u00e9seaux sociaux<\/strong>. <\/p>\n<p> Accepter Plus d&rsquo;info <\/p>\n<p>    Parmi les plus populaires<\/p>\n<p>Le groupe TF1 a rendu hommage \u00e0 une \u00ab\u00a0grande dame de la t\u00e9l\u00e9vision fran\u00e7aise\u00a0\u00bb, saluant \u00ab\u00a0sa bienveillance, son humour et son professionnalisme\u00a0\u00bb, et encore \u00ab\u00a0sa proximit\u00e9 avec le public\u00a0\u00bb.<\/p>\n<p>Mais c&rsquo;est avec \u00ab\u00a0Tournez man\u00e8ge!\u00a0\u00bb qu&rsquo;elle est devenue \u00ab\u00a0animatrice parmi les plus populaires de sa g\u00e9n\u00e9ration\u00a0\u00bb, a soulign\u00e9 TF1.<\/p>\n<p>Pr\u00e9sent\u00e9e par Evelyne Leclercq avec Fabienne Egal et Simone Garnier, l&rsquo;\u00e9mission \u00e9tait un jeu de rencontres, diffus\u00e9 le midi de 1985 \u00e0 1993. Des hommes et des femmes \u00e9taient assis dans un man\u00e8ge, s\u00e9par\u00e9s par une cloison. Ils se questionnaient sans se voir et ne se d\u00e9couvraient qu&rsquo;\u00e0 la fin.<\/p>\n<p>Aussi chanteuse<\/p>\n<p>En parall\u00e8le, \u00c9velyne Leclercq avait coanim\u00e9 \u00ab\u00a0Intervilles\u00a0\u00bb sur TF1, et participait r\u00e9guli\u00e8rement aux \u00ab\u00a0Grosses T\u00eates\u00a0\u00bb sur RTL. Elle avait en outre sorti plusieurs disques comme \u00ab\u00a0Chansons d&rsquo;amour\u00a0\u00bb avec Charly Oleg.<\/p>\n<p>Apr\u00e8s l&rsquo;arr\u00eat de \u00ab\u00a0Tournez man\u00e8ge!\u00a0\u00bb, elle avait jou\u00e9 dans des com\u00e9dies et vaudevilles. \u00ab\u00a0J&rsquo;ai \u00e9t\u00e9 tr\u00e8s g\u00e2t\u00e9e comme speakerine, avec plus de 10 millions de t\u00e9l\u00e9spectateurs, ainsi qu&rsquo;avec les six millions de fid\u00e8les qui suivaient l&rsquo;\u00e9mission &lsquo;Tournez man\u00e8ge!&rsquo;. Mais le th\u00e9\u00e2tre me procure un bonheur sans fin. Il me donne une reconnaissance imm\u00e9diate, je dois s\u00e9duire jusqu&rsquo;\u00e0 1000 personnes en direct\u00a0\u00bb, confiait-elle.<\/p>\n<p>17&rsquo;000 candidats<\/p>\n<p>Evelyne Leclercq avait renou\u00e9 avec la t\u00e9l\u00e9 il y a une quinzaine d&rsquo;ann\u00e9es pour un programme de jeu en ligne sur la cha\u00eene Cash TV, puis l&rsquo;\u00e9mission ID Voyance sur IDF1. Elle avait aussi lanc\u00e9 un site de rencontres sur internet. Elle restera comme le visage de \u00ab\u00a0Tournez man\u00e8ge!\u00a0\u00bb, dont elle vantait \u00ab\u00a0l&rsquo;authenticit\u00e9\u00a0\u00bb, sans \u00ab\u00a0trucage\u00a0\u00bb ou \u00ab\u00a0censure\u00a0\u00bb.<\/p>\n<p>\u00ab\u00a0L&rsquo;\u00e9mission a dur\u00e9 huit ans, presque 365 jours sur 365. Elle a accueilli environ 17&rsquo;000 candidats. Lorsqu&rsquo;elle s&rsquo;est arr\u00eat\u00e9e, nous avons compt\u00e9 42 mariages et 39 b\u00e9b\u00e9s\u00a0\u00bb, avait-elle relev\u00e9 aupr\u00e8s du Monde, admettant \u00ab\u00a0qu&rsquo;en mati\u00e8re de statistiques le succ\u00e8s a \u00e9t\u00e9 assez faible\u00a0\u00bb.<\/p>\n<p>\u00c0 l&rsquo;\u00e2ge d&rsquo;or de la t\u00e9l\u00e9, \u00ab\u00a0Tournez man\u00e8ge!\u00a0\u00bb avait \u00e9t\u00e9 parodi\u00e9 par d&rsquo;autres poids lourds cathodiques, le trio comique Les Inconnus, qui en avaient fait un sketch intitul\u00e9 \u00ab\u00a0Tournez m\u00e9nages\u00a0\u00bb en 1990.<\/p>\n<p class=\"sources\">ats\/miro<\/p>\n","protected":false},"excerpt":{"rendered":"Elle \u00e9tait un pilier de l&rsquo;\u00e9mission \u00ab\u00a0Tournez man\u00e8ge!\u00a0\u00bb, jeu matrimonial embl\u00e9matique des ann\u00e9es 1980-1990 sur TF1: \u00c9velyne Leclercq&hellip;\n","protected":false},"author":2,"featured_media":633316,"comment_status":"","ping_status":"","sticky":false,"template":"","format":"standard","meta":{"footnotes":""},"categories":[2],"tags":[11,1011,27,74,12,25],"class_list":{"0":"post-633315","1":"post","2":"type-post","3":"status-publish","4":"format-standard","5":"has-post-thumbnail","7":"category-actualites","8":"tag-actualites","9":"tag-fr","10":"tag-france","11":"tag-monde","12":"tag-news","13":"tag-republique-francaise"},"share_on_mastodon":{"url":"https:\/\/pubeurope.com\/@fr\/115817365082900357","error":""},"_links":{"self":[{"href":"https:\/\/www.europesays.com\/fr\/wp-json\/wp\/v2\/posts\/633315","targetHints":{"allow":["GET"]}}],"collection":[{"href":"https:\/\/www.europesays.com\/fr\/wp-json\/wp\/v2\/posts"}],"about":[{"href":"https:\/\/www.europesays.com\/fr\/wp-json\/wp\/v2\/types\/post"}],"author":[{"embeddable":true,"href":"https:\/\/www.europesays.com\/fr\/wp-json\/wp\/v2\/users\/2"}],"replies":[{"embeddable":true,"href":"https:\/\/www.europesays.com\/fr\/wp-json\/wp\/v2\/comments?post=633315"}],"version-history":[{"count":0,"href":"https:\/\/www.europesays.com\/fr\/wp-json\/wp\/v2\/posts\/633315\/revisions"}],"wp:featuredmedia":[{"embeddable":true,"href":"https:\/\/www.europesays.com\/fr\/wp-json\/wp\/v2\/media\/633316"}],"wp:attachment":[{"href":"https:\/\/www.europesays.com\/fr\/wp-json\/wp\/v2\/media?parent=633315"}],"wp:term":[{"taxonomy":"category","embeddable":true,"href":"https:\/\/www.europesays.com\/fr\/wp-json\/wp\/v2\/categories?post=633315"},{"taxonomy":"post_tag","embeddable":true,"href":"https:\/\/www.europesays.com\/fr\/wp-json\/wp\/v2\/tags?post=633315"}],"curies":[{"name":"wp","href":"https:\/\/api.w.org\/{rel}","templated":true}]}}