{"id":63332,"date":"2025-04-30T03:00:08","date_gmt":"2025-04-30T03:00:08","guid":{"rendered":"https:\/\/www.europesays.com\/fr\/63332\/"},"modified":"2025-04-30T03:00:08","modified_gmt":"2025-04-30T03:00:08","slug":"et-si-vivre-plus-longtemps-ne-tenait-qua-un-seul-changement-dans-votre-alimentation","status":"publish","type":"post","link":"https:\/\/www.europesays.com\/fr\/63332\/","title":{"rendered":"Et si vivre plus longtemps ne tenait qu\u2019\u00e0 un seul changement dans votre alimentation ?"},"content":{"rendered":"<p>Depuis quelques ann\u00e9es, la recherche sur <a href=\"https:\/\/www.presse-citron.net\/quand-le-vieillissement-sattaque-aux-dernieres-evolutions-de-notre-cerveau\/\" rel=\"nofollow noopener\" target=\"_blank\">le vieillissement<\/a> ne se concentre plus \u00e0 trouver la pilule miracle (ce qui s\u2019av\u00e8re extraordinairement complexe \u00e9tant donn\u00e9 la nature multifactorielle du processus), mais s\u2019int\u00e9resse \u00e0 d\u2019autres leviers. Leurs effets, \u00e0 l\u2019\u00e9chelle cellulaire, <strong>pourraient prolonger notre esp\u00e9rance de vie<\/strong>, tout en restant en bonne sant\u00e9. Ces leviers correspondent au \u00ab\u00a0Hallmarks of Aging\u00a0\u00bb (les caract\u00e9ristiques ou marques distinctives du vieillissement), un cadre conceptuel largement accept\u00e9 dans la communaut\u00e9 scientifique qui identifie les processus biologiques cl\u00e9s qui se d\u00e9gradent avec l\u2019\u00e2ge et contribuent au d\u00e9clin fonctionnel. Une approche qui ne vise pas \u00e0 corriger les effets du temps, mais de <strong>moduler les m\u00e9canismes de notre organisme qui l\u2019accompagnent<\/strong>.<\/p>\n<p>Sous ce nouvel angle, notre alimentation ; et surtout comment nous nous alimentons ; devient un facteur central. Justement, une \u00e9tude publi\u00e9e en novembre 2023 <a href=\"https:\/\/www.cell.com\/cell-metabolism\/fulltext\/S1550-4131(23)00374-1\" target=\"_blank\" rel=\"false noopener nofollow\">dans la revue Cell Metabolism<\/a> a confirm\u00e9 qu\u2019un ajustement nutritionnel cibl\u00e9 pourrait avoir <strong>des effets b\u00e9n\u00e9fiques sur notre long\u00e9vit\u00e9<\/strong>.<\/p>\n<p> Vieillir en bonne sant\u00e9 : l\u2019incroyable r\u00f4le d\u2019un acide amin\u00e9 oubli\u00e9 <\/p>\n<p>L\u2019\u00e9tude en question a \u00e9t\u00e9 men\u00e9e par une \u00e9quipe de l\u2019Universit\u00e9 du Wisconsin (Madison) et s\u2019est int\u00e9ress\u00e9 \u00e0 <strong>un acide amin\u00e9 particulier, l\u2019isoleucine<\/strong>. Pour rappel, un acide amin\u00e9 est une petite mol\u00e9cule qui sert de brique fondamentale pour construire <a href=\"https:\/\/www.presse-citron.net\/biologie-lia-reussit-ce-que-la-recherche-attendait-depuis-des-decennies\/\" rel=\"nofollow noopener\" target=\"_blank\">les prot\u00e9ines<\/a> dans notre corps.<\/p>\n<p>L\u2019isoleucine est un acide amin\u00e9 dit \u00ab\u00a0essentiel\u00a0\u00bb, c\u2019est-\u00e0-dire que l\u2019organisme humain ne peut produire lui-m\u00eame et doit donc obtenir par l\u2019alimentation. <a href=\"https:\/\/www.presse-citron.net\/le-cout-energetique-de-la-viande-combien-coute-vraiment-un-steak\/\" rel=\"nofollow noopener\" target=\"_blank\">La viande<\/a>, le poisson, <a href=\"https:\/\/www.presse-citron.net\/pourquoi-les-oeufs-de-poule-ne-sont-pas-tous-de-la-meme-couleur\/\" rel=\"nofollow noopener\" target=\"_blank\">les \u0153ufs<\/a>, les produits laitiers, les l\u00e9gumineuses ou certains fruits secs sont d\u2019excellentes sources ; entre autres ; d\u2019isoleucine. <strong>Il est indispensable au bon fonctionnement de notre corps<\/strong>, car il stimule la synth\u00e8se des prot\u00e9ines (notamment musculaires), participe \u00e0 la r\u00e9paration des tissus, \u00e0 la production d\u2019\u00e9nergie et joue un r\u00f4le dans diverses fonctions m\u00e9taboliques.<\/p>\n<p>Le protocole de recherche de cette \u00e9tude visait \u00e0 exp\u00e9rimenter les effets d\u2019une r\u00e9duction de l\u2019apport de l\u2019isoleucine chez des souris. R\u00e9sultat\u00a0: chez les m\u00e2les,<strong> une augmentation moyenne de 33\u00a0% de la dur\u00e9e de vie et 7\u00a0% chez les femelles<\/strong>. D\u2019autres effets positifs ont \u00e9galement \u00e9t\u00e9 document\u00e9s\u00a0: am\u00e9lioration de la masse musculaire, meilleur contr\u00f4le de la glyc\u00e9mie, r\u00e9duction de l\u2019incidence de certains cancers et m\u00e9tabolisme plus actif malgr\u00e9 un apport calorique \u00e9quivalent, voire sup\u00e9rieur.<\/p>\n<p> Et chez l\u2019humain\u00a0? <\/p>\n<p>Peut-on esp\u00e9rer un jour que ces m\u00eames r\u00e9sultats se reproduisent chez l\u2019humain\u00a0? Pas si vite ; si l\u2019\u00e9tude ouvre une perspective int\u00e9ressante, <strong>elle ne concerne pour le moment que des souris<\/strong>. Notre m\u00e9tabolisme est bien plus complexe que les rongeurs et toucher \u00e0 un acide amin\u00e9 sans perturber d\u2019autres fonctions biologiques reste une entreprise tr\u00e8s risqu\u00e9e. Restreindre l\u2019isoleucine de mani\u00e8re trop brutale pourrait entra\u00eener des effets ind\u00e9sirables que l\u2019on n\u2019observe pas n\u00e9cessairement chez les souris.<\/p>\n<p>C\u2019est pourquoi les auteurs n\u2019envisagent pas une r\u00e9duction massive et incontr\u00f4l\u00e9e des apports prot\u00e9iques, mais plut\u00f4t de modifier la qualit\u00e9 des prot\u00e9ines consomm\u00e9es en limitant pr\u00e9cis\u00e9ment certains acides amin\u00e9s. Concernant l\u2019isoleucine, il ne serait pas question de supprimer totalement les aliments qui en contiennent, mais <strong>d\u2019en ma\u00eetriser l\u2019exc\u00e8s<\/strong>, pour pr\u00e9server l\u2019\u00e9quilibre global du m\u00e9tabolisme.<\/p>\n<p>Certaines pistes pharmacologiques sont \u00e9galement \u00e9voqu\u00e9es, comme celle d\u2019un<strong> traitement capable de moduler l\u2019absorption ou l\u2019activit\u00e9 biologique de l\u2019isoleucine<\/strong> sans n\u00e9cessiter un changement radical des habitudes alimentaires. L\u00e0 encore, nous restons dans le domaine purement th\u00e9orique et une potentielle application clinique reste encore tr\u00e8s lointaine.<\/p>\n<p>Avant de consid\u00e9rer une modulation de l\u2019isoleucine comme un levier th\u00e9rapeutique chez l\u2019humain, il faudra lever <strong>de nombreuses inconnues biologiques<\/strong>. Transposition exacte des m\u00e9canismes observ\u00e9s chez la souris \u00e0 la physiologie humaine, d\u00e9termination de la \u00ab\u00a0dose\u00a0\u00bb ou du niveau optimal de modulation de l\u2019apport en isoleucine qui ne causerait pas de probl\u00e8me, \u00e9valuation des effets \u00e0 long terme, faisabilit\u00e9 pratiques, etc. Les zones d\u2019ombre qui planent sur cet immense chantier <strong>sont encore tr\u00e8s nombreuses<\/strong> et la traduction du mod\u00e8le murin au mod\u00e8le humain <strong>ne se fera pas en un claquement de doigt<\/strong>.<\/p>\n<ul class=\"tldr\">\n<li>Une \u00e9tude r\u00e9cente a d\u00e9montr\u00e9 qu\u2019ajuster l\u2019apport d\u2019un acide amin\u00e9 sp\u00e9cifique ; l\u2019isoleucine ; pourrait allonger la dur\u00e9e de vie chez la souris.<\/li>\n<li>Adapter cette approche \u00e0 l\u2019humain s\u2019annonce complexe en raison de la d\u00e9licatesse des \u00e9quilibres m\u00e9taboliques.<\/li>\n<li>Avant d\u2019envisager une application pratique, il reste encore de nombreuses questions biologiques \u00e0 \u00e9lucider.<\/li>\n<\/ul>\n<blockquote>\n<p class=\"text-base text-neutral-700 dark:text-neutral-300\">\ud83d\udccd Pour ne manquer aucune actualit\u00e9 de Presse-citron, suivez-nous sur <a href=\"https:\/\/news.google.com\/publications\/CAAqBggKMIPiNTC70wU?hl=fr&amp;gl=FR&amp;ceid=FR%3Afr\" target=\"_blank\" rel=\"nofollow noopener\">Google Actualit\u00e9s<\/a> et <a href=\"https:\/\/whatsapp.com\/channel\/0029VaCkGuz4NViitBXbEr0b\" target=\"_blank\" rel=\"nofollow noopener\">WhatsApp<\/a>.<\/p>\n<\/blockquote>\n","protected":false},"excerpt":{"rendered":"Depuis quelques ann\u00e9es, la recherche sur le vieillissement ne se concentre plus \u00e0 trouver la pilule miracle (ce&hellip;\n","protected":false},"author":2,"featured_media":63333,"comment_status":"","ping_status":"","sticky":false,"template":"","format":"standard","meta":{"footnotes":""},"categories":[10],"tags":[258,1011,27,72,71,43],"class_list":{"0":"post-63332","1":"post","2":"type-post","3":"status-publish","4":"format-standard","5":"has-post-thumbnail","7":"category-sante","8":"tag-alimentation","9":"tag-fr","10":"tag-france","11":"tag-health","12":"tag-sante","13":"tag-science"},"share_on_mastodon":{"url":"https:\/\/pubeurope.com\/@fr\/114424684421814263","error":""},"_links":{"self":[{"href":"https:\/\/www.europesays.com\/fr\/wp-json\/wp\/v2\/posts\/63332","targetHints":{"allow":["GET"]}}],"collection":[{"href":"https:\/\/www.europesays.com\/fr\/wp-json\/wp\/v2\/posts"}],"about":[{"href":"https:\/\/www.europesays.com\/fr\/wp-json\/wp\/v2\/types\/post"}],"author":[{"embeddable":true,"href":"https:\/\/www.europesays.com\/fr\/wp-json\/wp\/v2\/users\/2"}],"replies":[{"embeddable":true,"href":"https:\/\/www.europesays.com\/fr\/wp-json\/wp\/v2\/comments?post=63332"}],"version-history":[{"count":0,"href":"https:\/\/www.europesays.com\/fr\/wp-json\/wp\/v2\/posts\/63332\/revisions"}],"wp:featuredmedia":[{"embeddable":true,"href":"https:\/\/www.europesays.com\/fr\/wp-json\/wp\/v2\/media\/63333"}],"wp:attachment":[{"href":"https:\/\/www.europesays.com\/fr\/wp-json\/wp\/v2\/media?parent=63332"}],"wp:term":[{"taxonomy":"category","embeddable":true,"href":"https:\/\/www.europesays.com\/fr\/wp-json\/wp\/v2\/categories?post=63332"},{"taxonomy":"post_tag","embeddable":true,"href":"https:\/\/www.europesays.com\/fr\/wp-json\/wp\/v2\/tags?post=63332"}],"curies":[{"name":"wp","href":"https:\/\/api.w.org\/{rel}","templated":true}]}}