{"id":633326,"date":"2026-01-01T02:08:11","date_gmt":"2026-01-01T02:08:11","guid":{"rendered":"https:\/\/www.europesays.com\/fr\/633326\/"},"modified":"2026-01-01T02:08:11","modified_gmt":"2026-01-01T02:08:11","slug":"philippe-chereau-vire-son-duo-mythique-avec-christophe-agius-stoppe-par-netflix","status":"publish","type":"post","link":"https:\/\/www.europesays.com\/fr\/633326\/","title":{"rendered":"Philippe Chereau vir\u00e9, son duo mythique avec Christophe Agius stopp\u00e9 par Netflix"},"content":{"rendered":"<p>      R\u00e9sum\u00e9<\/p>\n<p>Apr\u00e8s plus de 25 ans, le duo embl\u00e9matique de commentateurs de catch en France se s\u00e9pare, marquant la fin d&rsquo;une \u00e8re li\u00e9e au changement de diffuseur principal.<\/p>\n<p>        Sommaire<\/p>\n<p>Christophe Agius et Philippe Chereau forment depuis plus de 25 ans <strong>un duo culte de commentateurs de catch en France<\/strong>. Devenus une vraie institution pour les fans du show WWE, les deux amis ont anim\u00e9 ensemble Puissance Catch pour AB1. Mais d\u00e8s le mois de janvier 2026, la WWE France <strong>bascule sa diffusion principale sur Netflix<\/strong>. Tous les programmes (RAW, SmackDown, NXT, etc.) seront d\u00e9sormais disponibles sur la plateforme payante. L&rsquo;\u00e8re Puissance Catch sur AB1 \/ Mediawan, de fait, prend fin.<\/p>\n<p>Malheureusement pour lui, Philippe Chereau est la victime collat\u00e9rale de ce nouveau deal. En effet, si Christophe Agius, son bin\u00f4me de toujours, a \u00e9t\u00e9 reconduit, <a href=\"https:\/\/vsd.fr\/91876-vous-avez-aime-a-couteaux-tires-decouvrez-sa-suite-sur-netflix\/\" target=\"_blank\" rel=\"noopener\">Netflix<\/a> lui a pr\u00e9f\u00e9r\u00e9 un nouveau bin\u00f4me. <strong>C&rsquo;est Nadir Mohammedi qui va le remplacer<\/strong> d\u00e8s le mois prochain. Selon certaines sources, Philippe Chereau n&rsquo;a pas pu \u00eatre confirm\u00e9 au poste en raison de contraintes contractuelles li\u00e9es \u00e0 son travail avec AB1 et Mediawan\u2026 Mais d&rsquo;autres rumeurs laissent entendre <strong>de nouveaux projets ext\u00e9rieurs<\/strong>, comme les commentaires le dimanche soir.<\/p>\n<p>Christophe Agius orphelin, il perd son \u00ab\u00a0papa de la t\u00e9l\u00e9\u00a0\u00bb<\/p>\n<p>Ce mardi 30 d\u00e9cembre donc, <strong>Philippe Chereau et Christophe Agius<\/strong> ont comment\u00e9, pour la derni\u00e8re fois ensemble, le catch. Tr\u00e8s \u00e9mu, ce dernier n&rsquo;a pas pu retenir son \u00e9motion et a tenu \u00e0 rendre hommage \u00e0 son ami : \u00ab\u00a0Mes yeux sont rouges (\u2026) Je ne sais rien dire d&rsquo;intelligent de moi-m\u00eame mais j&rsquo;ai trouv\u00e9 une phrase qui nous r\u00e9sume bien\u2026 <strong>Toutes les grandes personnes ont un jour \u00e9t\u00e9 des enfants. Mais tr\u00e8s peu ne l&rsquo;ont pas oubli\u00e9<\/strong>. Je crois que pendant ces 25 ans, on n&rsquo;a pas oubli\u00e9 qu&rsquo;on a \u00e9t\u00e9 des enfants. Je remercie mon petit papa de la t\u00e9l\u00e9, merci beaucoup\u00a0\u00bb.<\/p>\n<p>Tr\u00e8s \u00e9mu \u00e9galement, Philippe Chereau a fait ses adieux \u00e0 ses fid\u00e8les t\u00e9l\u00e9spectateurs : \u00ab\u00a0C&rsquo;est une aventure qui se termine. <strong>Comme on dit, tout a une fin<\/strong>. On esp\u00e8re toujours que \u00e7a va durer un peu plus. Merci \u00e0 toutes les \u00e9quipes qui nous ont support\u00e9s dans tous les sens du terme. Merci aux directions qui nous ont laiss\u00e9 carte blanche, v\u00e9ritablement. On a pu dire tellement de b\u00eatises avec vous (\u2026) On verra la suite. <strong>Je sais que vous attendez que j&rsquo;annonce quelque chose, mais je ne vais rien annoncer, en fait<\/strong>. Il n&rsquo;y aura pas de suite au prochain num\u00e9ro pour moi. Peut-\u00eatre un jour, mais pas maintenant. <strong>J&rsquo;aurais aim\u00e9. J&rsquo;aurais d\u00fb. Mais c&rsquo;est ainsi<\/strong>. Moi, je ne vous oublierai pas. Prenez bien soin de vous\u00a0\u00bb.<\/p>\n<p>\u00ab\u00a0Je dois tout \u00e0 Philippe Chereau\u00a0\u00bb<\/p>\n<p>Sur Instagram ce mercredi en milieu de journ\u00e9e, Christophe Agius a tenu \u00e0 rendre un plus grand hommage \u00e0 son acolyte : \u00ab\u00a0Les yeux humides, le c\u0153ur lourd (\u2026) Nous avons tout fait, tout dit, tout cri\u00e9. Quelques brillantes envol\u00e9es, beaucoup de chutes ridicules au sens propre comme au figur\u00e9.<strong> Si le duo est officiellement en pause \u00e0 dur\u00e9e ind\u00e9termin\u00e9e, l&rsquo;amiti\u00e9 sera toujours pr\u00e9sente<\/strong>. Loin de la voix mais jamais loin du c\u0153ur. Professionnellement, je dois tout \u00e0 Philippe Chereau qui, le 18 f\u00e9vrier 2000, <strong>m&rsquo;a sauv\u00e9 et m&rsquo;a offert un petit destin. <\/strong>Pas grand-chose. Simplement r\u00e9aliser tous mes r\u00eaves de gosse. Merci Philippe\u00a0\u00bb.<\/p>\n<p>Et de conclure :<strong> \u00ab\u00a0On aurait aim\u00e9 que \u00e7a dure toujours mais\u2026 J&rsquo;crois bien que c&rsquo;est la fin du show\u00a0\u00bb<\/strong>. <a href=\"https:\/\/www.public.fr\/la-legende-du-catch-hulk-hogan-est-decedee-a-lage-de-71-ans\" target=\"_blank\" rel=\"noopener\">Le monde du catch<\/a> et les passionn\u00e9s de la WWE ont \u00e9t\u00e9 nombreux \u00e0 commenter et \u00e0 rendre hommage au grand Philippe Chereau. Une page se tourne, mais le livre n&rsquo;est s\u00fbrement pas termin\u00e9.<\/p>\n<p>\n          Hits &amp; People en continu\n        <\/p>\n<p>\n          Public Radio\n        <\/p>\n<p>      Mentionn\u00e9s dans cet article<\/p>\n<p>      Sur le m\u00eame sujet<\/p>\n","protected":false},"excerpt":{"rendered":"R\u00e9sum\u00e9 Apr\u00e8s plus de 25 ans, le duo embl\u00e9matique de commentateurs de catch en France se s\u00e9pare, marquant&hellip;\n","protected":false},"author":2,"featured_media":633327,"comment_status":"","ping_status":"","sticky":false,"template":"","format":"standard","meta":{"footnotes":""},"categories":[1359],"tags":[7039,74186,58,19816,59,1011,27,414,127,973],"class_list":{"0":"post-633326","1":"post","2":"type-post","3":"status-publish","4":"format-standard","5":"has-post-thumbnail","7":"category-people","8":"tag-catch","9":"tag-commentateur-sportif","10":"tag-divertissement","11":"tag-emotion","12":"tag-entertainment","13":"tag-fr","14":"tag-france","15":"tag-licenciement","16":"tag-netflix","17":"tag-people"},"share_on_mastodon":{"url":"https:\/\/pubeurope.com\/@fr\/115817408322686071","error":""},"_links":{"self":[{"href":"https:\/\/www.europesays.com\/fr\/wp-json\/wp\/v2\/posts\/633326","targetHints":{"allow":["GET"]}}],"collection":[{"href":"https:\/\/www.europesays.com\/fr\/wp-json\/wp\/v2\/posts"}],"about":[{"href":"https:\/\/www.europesays.com\/fr\/wp-json\/wp\/v2\/types\/post"}],"author":[{"embeddable":true,"href":"https:\/\/www.europesays.com\/fr\/wp-json\/wp\/v2\/users\/2"}],"replies":[{"embeddable":true,"href":"https:\/\/www.europesays.com\/fr\/wp-json\/wp\/v2\/comments?post=633326"}],"version-history":[{"count":0,"href":"https:\/\/www.europesays.com\/fr\/wp-json\/wp\/v2\/posts\/633326\/revisions"}],"wp:featuredmedia":[{"embeddable":true,"href":"https:\/\/www.europesays.com\/fr\/wp-json\/wp\/v2\/media\/633327"}],"wp:attachment":[{"href":"https:\/\/www.europesays.com\/fr\/wp-json\/wp\/v2\/media?parent=633326"}],"wp:term":[{"taxonomy":"category","embeddable":true,"href":"https:\/\/www.europesays.com\/fr\/wp-json\/wp\/v2\/categories?post=633326"},{"taxonomy":"post_tag","embeddable":true,"href":"https:\/\/www.europesays.com\/fr\/wp-json\/wp\/v2\/tags?post=633326"}],"curies":[{"name":"wp","href":"https:\/\/api.w.org\/{rel}","templated":true}]}}