{"id":633328,"date":"2026-01-01T02:09:21","date_gmt":"2026-01-01T02:09:21","guid":{"rendered":"https:\/\/www.europesays.com\/fr\/633328\/"},"modified":"2026-01-01T02:09:21","modified_gmt":"2026-01-01T02:09:21","slug":"photos-les-images-qui-ont-marque-nos-photographes-en-2025-dans-le-territoire-de-belfort","status":"publish","type":"post","link":"https:\/\/www.europesays.com\/fr\/633328\/","title":{"rendered":"Photos. Les images qui ont marqu\u00e9 nos photographes en 2025 dans le Territoire de Belfort"},"content":{"rendered":"<p>En 2025, le Territoire de Belfort a v\u00e9cu au rythme d\u2019une actualit\u00e9 dense, parfois bouleversante, souvent f\u00e9d\u00e9ratrice. Les festivals ont fait vibrer les places et les sc\u00e8nes, la culture a rassembl\u00e9, tandis que les faits divers, les enjeux de soci\u00e9t\u00e9 et les questions de sant\u00e9 ont rappel\u00e9 la fragilit\u00e9 du quotidien. \u00c0 travers ces images prises sur le vif, se dessinent les contours d\u2019un territoire en mouvement, attentif \u00e0 ses habitants et travers\u00e9 par les \u00e9motions collectives. Moments de partage, de tension ou d\u2019espoir : ce diaporama retrace une petite partie d\u2019une ann\u00e9e enti\u00e8re, faite d\u2019\u00e9v\u00e9nements, de visages et d\u2019histoires qui, ensemble, racontent 2025 dans le Territoire de Belfort.<\/p>\n","protected":false},"excerpt":{"rendered":"En 2025, le Territoire de Belfort a v\u00e9cu au rythme d\u2019une actualit\u00e9 dense, parfois bouleversante, souvent f\u00e9d\u00e9ratrice. Les&hellip;\n","protected":false},"author":2,"featured_media":633329,"comment_status":"","ping_status":"","sticky":false,"template":"","format":"standard","meta":{"footnotes":""},"categories":[1358],"tags":[47,1348,1384,1385,22758,74190,74188,1386,58,10332,59,107,1011,27,2798,74187,38601,74191,11058,273,74189,104,55891],"class_list":{"0":"post-633328","1":"post","2":"type-post","3":"status-publish","4":"format-standard","5":"has-post-thumbnail","7":"category-arts-et-design","8":"tag-actualite","9":"tag-arts","10":"tag-arts-and-design","11":"tag-arts-et-design","12":"tag-belfort","13":"tag-bessoncourt","14":"tag-bourogne","15":"tag-design","16":"tag-divertissement","17":"tag-edition-belfort-hericourt-montbeliard","18":"tag-entertainment","19":"tag-fil-info","20":"tag-fr","21":"tag-france","22":"tag-galerie-photo","23":"tag-lachapelle-sous-rougemont","24":"tag-luxeuil-les-bains","25":"tag-meroux-moval","26":"tag-region-franche-comte","27":"tag-selection-de-la-redaction","28":"tag-sermamagny","29":"tag-societe","30":"tag-territoire-de-belfort"},"share_on_mastodon":{"url":"https:\/\/pubeurope.com\/@fr\/115817412192571275","error":""},"_links":{"self":[{"href":"https:\/\/www.europesays.com\/fr\/wp-json\/wp\/v2\/posts\/633328","targetHints":{"allow":["GET"]}}],"collection":[{"href":"https:\/\/www.europesays.com\/fr\/wp-json\/wp\/v2\/posts"}],"about":[{"href":"https:\/\/www.europesays.com\/fr\/wp-json\/wp\/v2\/types\/post"}],"author":[{"embeddable":true,"href":"https:\/\/www.europesays.com\/fr\/wp-json\/wp\/v2\/users\/2"}],"replies":[{"embeddable":true,"href":"https:\/\/www.europesays.com\/fr\/wp-json\/wp\/v2\/comments?post=633328"}],"version-history":[{"count":0,"href":"https:\/\/www.europesays.com\/fr\/wp-json\/wp\/v2\/posts\/633328\/revisions"}],"wp:featuredmedia":[{"embeddable":true,"href":"https:\/\/www.europesays.com\/fr\/wp-json\/wp\/v2\/media\/633329"}],"wp:attachment":[{"href":"https:\/\/www.europesays.com\/fr\/wp-json\/wp\/v2\/media?parent=633328"}],"wp:term":[{"taxonomy":"category","embeddable":true,"href":"https:\/\/www.europesays.com\/fr\/wp-json\/wp\/v2\/categories?post=633328"},{"taxonomy":"post_tag","embeddable":true,"href":"https:\/\/www.europesays.com\/fr\/wp-json\/wp\/v2\/tags?post=633328"}],"curies":[{"name":"wp","href":"https:\/\/api.w.org\/{rel}","templated":true}]}}