{"id":633330,"date":"2026-01-01T02:11:14","date_gmt":"2026-01-01T02:11:14","guid":{"rendered":"https:\/\/www.europesays.com\/fr\/633330\/"},"modified":"2026-01-01T02:11:14","modified_gmt":"2026-01-01T02:11:14","slug":"programme-tv-m6-fete-le-31-la-grande-soiree-du-31-de-paris-que-regarder-a-la-tele-ce-soir-tele-7-jours","status":"publish","type":"post","link":"https:\/\/www.europesays.com\/fr\/633330\/","title":{"rendered":"Programme TV : M6 f\u00eate le 31, La Grande Soir\u00e9e du 31 de Paris\u2026 que regarder \u00e0 la t\u00e9l\u00e9 ce soir &#8211; T\u00e9l\u00e9 7 Jours"},"content":{"rendered":"<ol>\n<li><a href=\"https:\/\/news.google.com\/rss\/articles\/CBMi-AFBVV95cUxPT2J2czRvWDNCbWI5ZjNzS0taU2dXVjd1N0MtN18ycm0zcW02V3J0cFlzMXhkTzNUREFXYVdwY3RfWGFFRVM2WnpSLWhoYUxZbFhtWmNIZUpvaTlsblNVRHlzMUpBUkp0b2tDWGZ2anluMzh1TXhucEszLWNXWV9yc19VRnlXcWpJYi1OMTE5YnAwWGZoejBsZE5wQlpBZVBYcDhGODRUVFgyZ0U2SktVcXZVSDRPamdIQnFwWFVLMnpqRS1VS1ZuSF9LSlhMWTVUSGJ0YUx5c3BoZGFqQXRZTFIwYk4yR0g2V0laN3JZVlp0Nk5Iby1Haw?oc=5\" target=\"_blank\" rel=\"noopener\">Programme TV : M6 f\u00eate le 31, La Grande Soir\u00e9e du 31 de Paris\u2026 que regarder \u00e0 la t\u00e9l\u00e9 ce soir<\/a>&nbsp;&nbsp;T\u00e9l\u00e9 7 Jours<\/li>\n<li><a href=\"https:\/\/news.google.com\/rss\/articles\/CBMingJBVV95cUxQQlZIR1A4d0I3M1hmem5jNTAzR3ZOVVowaDNEOXRBdHlIZUVoblJWZzg0bkJOVV81TlI2Tkg0TVRtdldJOTNEdlVUZkxmYXZwaGpCeEJ2NXludktjV21GSFNTM1B5UkliV2xFODhMSXlyYUFVOC1XbGxya0YwNjRlV1JLeVBlbjFqMDNycm50b1U2R09jV1c5SFZFNnlqYko4ZElWSjB4Z2lTRnlfWlk4WWhKY2cxU24tS3UtZXVBNWVKeWNpZzQ3RDQ3TGs1VFczeDFWYzJPYkFlVTJYZjlmR1dtSUVtN2JqTzRWVWNtSmRJb0RlMExtcXBBX2FiXy1YU0lHc011UE1LUERTS2VIYmI3dmhBa0JfX0NscjBR?oc=5\" target=\"_blank\" rel=\"noopener\">R\u00e9veillon du 31 d\u00e9cembre : concerts, humour, feu d\u2019artifice\u2026 Que proposent les cha\u00eenes pour f\u00eater le passage en 2026 ?<\/a>&nbsp;&nbsp;Ouest-France<\/li>\n<li><a href=\"https:\/\/news.google.com\/rss\/articles\/CBMiyAFBVV95cUxNY0ZjNzdpVG53UXlIN0tlMVlORC13b2JaeU9LV2d2SC1EOXhKUzV4NGhWcHlkcUZ4S0VqYm9BamszZmRQVFZYSGZrTm5JVDdBVHRKQWZxRjlZbzBud1hMbEFFUGUyV0h0SlN6RkFkS1ZuRHlDa0l2Q0psbzlPYWs3dThzVFF4Tl9uekREQ1BTOUt0VDVHVjFEbDlOVzQwcDBIWjNSNHVud3lNNVlsMkdYc2ZyUjJwOTNtd0N1Nm4xRGVINi1WVG1LSw?oc=5\" target=\"_blank\" rel=\"noopener\">La Grande Soir\u00e9e du 31 de Paris | 2026<\/a>&nbsp;&nbsp;francetelevisions.fr<\/li>\n<li><a href=\"https:\/\/news.google.com\/rss\/articles\/CBMi2gFBVV95cUxNenE2V0JsdHNvRDB1dFlvU19qNk1ST0dveGFUTDdJeGgyM3dIbzloR3dKTmdzZ3RWYmI2T0tBbXdNd3pEMl9tYXp0NFlZcEQ3Sm9xTXV5dWl0QVZmRTQ1bTZYWXUwZEV6X01xbXNQY1hISDBMVjRvV29YQ003SVhtMWw3X0xLTG1MVWRKcW9vX3B3UlhWQ1dmcm1MVDJkYVB6VjF3dWcxREE5RTBITlByTFIyM0NvWXNuYVV5Ym9RZndnaEdqUFRZNW9HSkhLOUJySGxFN0FQQ1VqUQ?oc=5\" target=\"_blank\" rel=\"noopener\">Programmes TV : divertissements, dessins anim\u00e9s, films\u2026 ce qui vous attend ce mercredi 31 d\u00e9cembre<\/a>&nbsp;&nbsp;ladepeche.fr<\/li>\n<li><a href=\"https:\/\/news.google.com\/rss\/articles\/CBMijwFBVV95cUxQZWUyNXZfbXlzNmI4TXIyVHdNNUFNQW1YZ2piSTRVUmpiejc2Y2JsbUgyQXhxMDhmdzJBT29QejJ5N0YtZU5vcndHcTYtdzViR1JXTjNhT0lGTGh2eTkxSHdadElrOTBEeU5Gb0VSOExWTnVUVjA0Wi15LURGcDR3VDk1c1NscHFqYU51X0hBOA?oc=5\" target=\"_blank\" rel=\"noopener\">Que regarder \u00e0 la t\u00e9l\u00e9vision le soir du 31 d\u00e9cembre 2025 ?<\/a>&nbsp;&nbsp;Yahoo Life France<\/li>\n<\/ol>\n","protected":false},"excerpt":{"rendered":"Programme TV : M6 f\u00eate le 31, La Grande Soir\u00e9e du 31 de Paris\u2026 que regarder \u00e0 la&hellip;\n","protected":false},"author":2,"featured_media":395849,"comment_status":"","ping_status":"","sticky":false,"template":"","format":"standard","meta":{"footnotes":""},"categories":[1356],"tags":[58,59,1011,27,252,1364],"class_list":{"0":"post-633330","1":"post","2":"type-post","3":"status-publish","4":"format-standard","5":"has-post-thumbnail","7":"category-television","8":"tag-divertissement","9":"tag-entertainment","10":"tag-fr","11":"tag-france","12":"tag-television","13":"tag-tv"},"share_on_mastodon":{"url":"https:\/\/pubeurope.com\/@fr\/115817420248480266","error":""},"_links":{"self":[{"href":"https:\/\/www.europesays.com\/fr\/wp-json\/wp\/v2\/posts\/633330","targetHints":{"allow":["GET"]}}],"collection":[{"href":"https:\/\/www.europesays.com\/fr\/wp-json\/wp\/v2\/posts"}],"about":[{"href":"https:\/\/www.europesays.com\/fr\/wp-json\/wp\/v2\/types\/post"}],"author":[{"embeddable":true,"href":"https:\/\/www.europesays.com\/fr\/wp-json\/wp\/v2\/users\/2"}],"replies":[{"embeddable":true,"href":"https:\/\/www.europesays.com\/fr\/wp-json\/wp\/v2\/comments?post=633330"}],"version-history":[{"count":0,"href":"https:\/\/www.europesays.com\/fr\/wp-json\/wp\/v2\/posts\/633330\/revisions"}],"wp:featuredmedia":[{"embeddable":true,"href":"https:\/\/www.europesays.com\/fr\/wp-json\/wp\/v2\/media\/395849"}],"wp:attachment":[{"href":"https:\/\/www.europesays.com\/fr\/wp-json\/wp\/v2\/media?parent=633330"}],"wp:term":[{"taxonomy":"category","embeddable":true,"href":"https:\/\/www.europesays.com\/fr\/wp-json\/wp\/v2\/categories?post=633330"},{"taxonomy":"post_tag","embeddable":true,"href":"https:\/\/www.europesays.com\/fr\/wp-json\/wp\/v2\/tags?post=633330"}],"curies":[{"name":"wp","href":"https:\/\/api.w.org\/{rel}","templated":true}]}}