{"id":633343,"date":"2026-01-01T02:19:11","date_gmt":"2026-01-01T02:19:11","guid":{"rendered":"https:\/\/www.europesays.com\/fr\/633343\/"},"modified":"2026-01-01T02:19:11","modified_gmt":"2026-01-01T02:19:11","slug":"un-batiment-officiel-cible-par-une-attaque-les-autorites-repondent-avec-fermete","status":"publish","type":"post","link":"https:\/\/www.europesays.com\/fr\/633343\/","title":{"rendered":"un b\u00e2timent officiel cibl\u00e9 par une attaque, les autorit\u00e9s r\u00e9pondent avec \u00abfermet\u00e9\u00bb"},"content":{"rendered":"<p>\n    Le pouvoir a de nouveau mis en garde mercredi contre le risque d\u2019une instrumentalisation de cette mobilisation \u00e0 des fins de \u00abd\u00e9stabilisation\u00bb, affichant sa \u00abfermet\u00e9\u00bb.<\/p>\n<p class=\"fig-paragraph\">Un b\u00e2timent gouvernemental a \u00e9t\u00e9 attaqu\u00e9 mercredi dans le sud de l&rsquo;<a href=\"http:\/\/www.lefigaro.fr\/international\/iran-le-pouvoir-fera-preuve-de-fermete-en-cas-de-destabilisation-durant-les-manifestations-20251231\" data-fig-type=\"NewsFlash\" data-gtm-custom-categorie=\"navigation\" data-gtm-custom-action=\"crossclick\" data-gtm-custom-label=\"Contextuel\" data-gtm-event=\"customEventSPE\" data-fig-domain=\"LEFIGARO\" target=\"_blank\" rel=\"noopener\">Iran<\/a>, ont indiqu\u00e9 les autorit\u00e9s, apr\u00e8s trois jours de\u00a0<a href=\"http:\/\/www.lefigaro.fr\/international\/iran-le-pouvoir-fera-preuve-de-fermete-en-cas-de-destabilisation-durant-les-manifestations-20251231\" data-fig-type=\"NewsFlash\" data-gtm-custom-categorie=\"navigation\" data-gtm-custom-action=\"crossclick\" data-gtm-custom-label=\"Contextuel\" data-gtm-event=\"customEventSPE\" data-fig-domain=\"LEFIGARO\" target=\"_blank\" rel=\"noopener\">rassemblements contre la chert\u00e9 de la vie<\/a>\u00a0dans plusieurs villes du pays. Le pouvoir a de nouveau mis en garde mercredi contre le risque d&rsquo;une instrumentalisation de cette mobilisation \u00e0 des fins de \u00abd\u00e9stabilisation\u00bb, affichant sa \u00abfermet\u00e9\u00bb. \u00abLa porte d&rsquo;entr\u00e9e (&#8230;) du b\u00e2timent du gouverneur provincial a \u00e9t\u00e9 endommag\u00e9e lors d&rsquo;une attaque perp\u00e9tr\u00e9e par plusieurs individus\u00bb, a d\u00e9clar\u00e9 le chef du pouvoir judiciaire de la ville de Fassa, Hamed Ostovar, sans pr\u00e9ciser les circonstances ni mentionner de manifestations.<\/p>\n<p class=\"fig-paragraph\">Fassa est une ville de 100.000 habitants situ\u00e9e \u00e0 780 kilom\u00e8tres au sud de la capitale T\u00e9h\u00e9ran, o\u00f9 une mobilisation lanc\u00e9e par des commer\u00e7ants contre la vie ch\u00e8re a d\u00e9but\u00e9 dimanche, avant de s&rsquo;\u00e9tendre \u00e0 au moins dix universit\u00e9s du pays. Le procureur g\u00e9n\u00e9ral de la R\u00e9publique islamique, Mohammad Movahedi-Azad, a dit comprendre mercredi la tenue de \u00abmanifestations pacifiques\u00bb de personnes d\u00e9non\u00e7ant la chert\u00e9 de la vie. Mais \u00abtoute tentative\u00bb visant \u00e0 les transformer \u00aben un outil d&rsquo;ins\u00e9curit\u00e9, de destruction des biens publics ou de mise en \u0153uvre de sc\u00e9narios con\u00e7us \u00e0 l&rsquo;\u00e9tranger sera in\u00e9vitablement suivie d&rsquo;une r\u00e9ponse (&#8230;) ferme\u00bb, a mis en garde ce responsable, cit\u00e9 par la t\u00e9l\u00e9vision d&rsquo;\u00c9tat.<\/p>\n<p>                                            <a class=\"fig-a11y-skip\" href=\"#fig-a11y-skip-main-inarticle\" data-module=\"a11y-skip\" data-context=\"was @visible\"><br \/>\n    Passer la publicit\u00e9<br \/>\n<\/a>            <\/p>\n<p class=\"fig-paragraph\">Le Mossad, le service de renseignement ext\u00e9rieur isra\u00e9lien, a appel\u00e9 en persan, sur le r\u00e9seau social X, les protestataires \u00e0 intensifier leur mobilisation, affirmant \u00eatre pr\u00e9sent avec eux \u00absur le terrain\u00bb. L&rsquo;Iran, qu&rsquo;une guerre a oppos\u00e9 \u00e0 Isra\u00ebl en juin, accuse depuis longtemps ce pays ennemi de mener des op\u00e9rations de d\u00e9stabilisation sur son territoire et de sabotage contre ses installations nucl\u00e9aires.<\/p>\n<p>                                            \u00abPour un bout de pain\u00bb<\/p>\n<p class=\"fig-paragraph\">Ces manifestations sporadiques contre l&rsquo;hyperinflation et le marasme \u00e9conomique ont d\u00e9but\u00e9 dimanche dans le plus grand march\u00e9 pour t\u00e9l\u00e9phones portables de T\u00e9h\u00e9ran. Mardi, des \u00e9tudiants ont manifest\u00e9 dans des universit\u00e9s de la capitale et de plusieurs villes iraniennes, selon les agences de presse Irna et Ilna. Le vice-pr\u00e9sident de l&rsquo;Universit\u00e9 de T\u00e9h\u00e9ran, Mohammad Reza Taghidokht, a indiqu\u00e9 dans les m\u00e9dias que quatre \u00e9tudiants avaient \u00e9t\u00e9 arr\u00eat\u00e9s mardi, puis rel\u00e2ch\u00e9s dans la nuit.<\/p>\n<p class=\"fig-paragraph\">\u00c9coles, banques et \u00e9tablissements publics ont \u00e9t\u00e9 ferm\u00e9s mercredi dans la quasi-totalit\u00e9 du pays sur d\u00e9cision des autorit\u00e9s, qui ont invoqu\u00e9 le froid et des \u00e9conomies d&rsquo;\u00e9nergie. \u00c0 T\u00e9h\u00e9ran, des universit\u00e9s ont aussi annonc\u00e9 que leurs cours se tiendraient en ligne toute la semaine prochaine pour cause de froid, d&rsquo;apr\u00e8s Irna. Les autorit\u00e9s n&rsquo;ont fait officiellement aucun lien avec les manifestations. La capitale enregistre actuellement des temp\u00e9ratures n\u00e9gatives la nuit, qui ne sont pas exceptionnelles en cette p\u00e9riode de l&rsquo;ann\u00e9e.<\/p>\n<p class=\"fig-paragraph\">La monnaie nationale, le rial, a perdu depuis un an plus d&rsquo;un tiers de sa valeur face au dollar, tandis qu&rsquo;une hyperinflation \u00e0 deux chiffres fragilise d\u00e9j\u00e0 depuis des ann\u00e9es le pouvoir d&rsquo;achat des Iraniens. Le taux d&rsquo;inflation \u00e9tait en d\u00e9cembre de 52% sur un an, selon le Centre de statistiques d&rsquo;Iran, un organisme officiel. Certains produits de premi\u00e8re n\u00e9cessit\u00e9 deviennent de fait inabordables pour une partie de la population, qui p\u00e2tit des sanctions internationales contre l&rsquo;Iran depuis quatre d\u00e9cennies. \u00abTout le monde ici se bat pour un bout de pain\u00bb, r\u00e9sumait un manifestant interrog\u00e9 mardi par le quotidien Etemad.<\/p>\n<p>                                            Anxi\u00e9t\u00e9<\/p>\n<p class=\"fig-paragraph\">La crainte d&rsquo;un nouveau conflit avec Isra\u00ebl et le r\u00e9tablissement en septembre des sanctions onusiennes contre l&rsquo;Iran pour son programme nucl\u00e9aire sont des facteurs d&rsquo;anxi\u00e9t\u00e9 suppl\u00e9mentaires pour la population. Un nouveau gouverneur de la Banque centrale, charg\u00e9 de freiner l&rsquo;inflation, a pris ses fonctions mercredi apr\u00e8s la d\u00e9mission de son pr\u00e9d\u00e9cesseur. Le mouvement de grogne contre la vie ch\u00e8re est \u00e0 ce stade sans commune mesure avec le mouvement qui avait secou\u00e9 l&rsquo;Iran fin 2022, apr\u00e8s la mort de Mahsa Amini, une jeune iranienne.<\/p>\n<p>                                            <a class=\"fig-a11y-skip\" href=\"#fig-a11y-skip-main-inarticle_mtf\" data-module=\"a11y-skip\" data-context=\"was @visible\"><br \/>\n    Passer la publicit\u00e9<br \/>\n<\/a>            <\/p>\n<p class=\"fig-paragraph\">Son d\u00e9c\u00e8s en d\u00e9tention apr\u00e8s son arrestation pour avoir pr\u00e9tendument enfreint le code vestimentaire avait d\u00e9clench\u00e9 une vague de manifestations, dans laquelle plusieurs centaines de personnes avaient trouv\u00e9 la mort, dont des dizaines de membres des forces de s\u00e9curit\u00e9. En 2019, des manifestations avaient aussi \u00e9clat\u00e9 en Iran apr\u00e8s l&rsquo;annonce d&rsquo;une forte hausse du prix de l&rsquo;essence. La contestation avait alors touch\u00e9 une centaine de villes, dont T\u00e9h\u00e9ran, et fait des dizaines de morts.<\/p>\n","protected":false},"excerpt":{"rendered":"Le pouvoir a de nouveau mis en garde mercredi contre le risque d\u2019une instrumentalisation de cette mobilisation \u00e0&hellip;\n","protected":false},"author":2,"featured_media":633344,"comment_status":"","ping_status":"","sticky":false,"template":"","format":"standard","meta":{"footnotes":""},"categories":[5],"tags":[11,1011,27,14,3019,2088,12,28],"class_list":{"0":"post-633343","1":"post","2":"type-post","3":"status-publish","4":"format-standard","5":"has-post-thumbnail","7":"category-international","8":"tag-actualites","9":"tag-fr","10":"tag-france","11":"tag-international","12":"tag-iran","13":"tag-manifestation","14":"tag-news","15":"tag-world"},"share_on_mastodon":{"url":"https:\/\/pubeurope.com\/@fr\/115817451634541064","error":""},"_links":{"self":[{"href":"https:\/\/www.europesays.com\/fr\/wp-json\/wp\/v2\/posts\/633343","targetHints":{"allow":["GET"]}}],"collection":[{"href":"https:\/\/www.europesays.com\/fr\/wp-json\/wp\/v2\/posts"}],"about":[{"href":"https:\/\/www.europesays.com\/fr\/wp-json\/wp\/v2\/types\/post"}],"author":[{"embeddable":true,"href":"https:\/\/www.europesays.com\/fr\/wp-json\/wp\/v2\/users\/2"}],"replies":[{"embeddable":true,"href":"https:\/\/www.europesays.com\/fr\/wp-json\/wp\/v2\/comments?post=633343"}],"version-history":[{"count":0,"href":"https:\/\/www.europesays.com\/fr\/wp-json\/wp\/v2\/posts\/633343\/revisions"}],"wp:featuredmedia":[{"embeddable":true,"href":"https:\/\/www.europesays.com\/fr\/wp-json\/wp\/v2\/media\/633344"}],"wp:attachment":[{"href":"https:\/\/www.europesays.com\/fr\/wp-json\/wp\/v2\/media?parent=633343"}],"wp:term":[{"taxonomy":"category","embeddable":true,"href":"https:\/\/www.europesays.com\/fr\/wp-json\/wp\/v2\/categories?post=633343"},{"taxonomy":"post_tag","embeddable":true,"href":"https:\/\/www.europesays.com\/fr\/wp-json\/wp\/v2\/tags?post=633343"}],"curies":[{"name":"wp","href":"https:\/\/api.w.org\/{rel}","templated":true}]}}