{"id":633353,"date":"2026-01-01T02:30:17","date_gmt":"2026-01-01T02:30:17","guid":{"rendered":"https:\/\/www.europesays.com\/fr\/633353\/"},"modified":"2026-01-01T02:30:17","modified_gmt":"2026-01-01T02:30:17","slug":"surpris-sur-un-point-de-deal-a-la-cite-gely-a-montpellier-il-ecope-dun-an-de-prison-le-jour-de-ses-21-ans","status":"publish","type":"post","link":"https:\/\/www.europesays.com\/fr\/633353\/","title":{"rendered":"Surpris sur un point de deal \u00e0 la cit\u00e9 G\u00e9ly \u00e0 Montpellier\u00a0: il \u00e9cope d\u2019un an de prison le jour de ses 21 ans"},"content":{"rendered":"<p>\n                                                                Dans la nuit de vendredi \u00e0 samedi dernier, ce jeune homme domicili\u00e9 \u00e0 Castelnau-le-Lez avait \u00e9t\u00e9 interpell\u00e9 avec 935\u00a0\u20ac dans sa poche. S\u2019il a admis une d\u00e9pendance \u00e0 la coca\u00efne, il a r\u00e9fut\u00e9 \u00eatre membre d\u2019un r\u00e9seau de revente.\n                            <\/p>\n<p>Tant\u00f4t en pleurs et touchant avec son allure juv\u00e9nile, tant\u00f4t irritant mais\u00a0particuli\u00e8rement disert pour \u00e9voquer sa vie d\u2019emb\u00fbches et de toxicomane novice. Saufiane K., 21 ans, aura laiss\u00e9 l\u2019image d\u2019un jeune homme un peu perdu, ce mardi, devant le tribunal judiciaire de Montpellier.<\/p>\n<p>Interdiction de para\u00eetre dans le quartier<\/p>\n<p>Il y est pr\u00e9sent\u00e9 dans le cadre d\u2019une comparution imm\u00e9diate apr\u00e8s avoir \u00e9t\u00e9 interpell\u00e9 dans la nuit de vendredi \u00e0 samedi 27\u00a0d\u00e9cembre, au c\u0153ur de la cit\u00e9 G\u00e9ly lors d\u2019une descente de police. Il a \u00e9t\u00e9 retrouv\u00e9 en possession de 935\u00a0\u20ac en liquide dans l\u2019une de ses poches et les enqu\u00eateurs l\u2019accusent d\u2019avoir cri\u00e9 \u00ab\u00a0ara\u00a0\u00bb pour alerter des comparses. Domicili\u00e9 \u00e0 Castelnau-le-Lez, Saufiane faisait \u00e9galement l\u2019objet d\u2019une interdiction de para\u00eetre dans le quartier depuis d\u00e9but novembre et d\u2019une condamnation pour d\u00e9tention de stup\u00e9fiants.<\/p>\n<p>Les policiers lui reprochent de ne pas en avoir tenu compte et, par le biais du bornage de son t\u00e9l\u00e9phone portable, ont \u00e9tabli qu\u2019il se trouvait r\u00e9guli\u00e8rement dans le secteur depuis le 1er\u00a0d\u00e9cembre entre 20\u00a0h et 6\u00a0h du matin.<\/p>\n<p>Accro \u00e0 la coca\u00efne<\/p>\n<p>\u00c0 la barre, le jeune pr\u00e9venu n\u2019en disconvient pas et met en avant une \u00ab\u00a0d\u00e9pression\u00a0\u00bb\u00a0li\u00e9e \u00e0 son addiction \u00e0 la coca\u00efne depuis environ un an pour justifier sa pr\u00e9sence. Il \u00e9voque aussi une r\u00e9cente \u00ab\u00a0tentative d\u2019homicide\u00a0\u00bb contre lui, sans en pr\u00e9ciser les d\u00e9tails. \u00ab\u00a0Je ne suis pas quelqu\u2019un qui cherche \u00e0 faire partie d\u2019un r\u00e9seau. Je suis dans une p\u00e9riode sombre de ma vie\u00a0\u00bb\u00a0d\u00e9veloppe-t-il alors que le tribunal\u00a0\u00e9num\u00e8re ses condamnations pr\u00e9c\u00e9dentes depuis 2022, deux peines avec sursis. \u00ab\u00a0M\u2019envoyer en prison le jour de mon anniversaire, ce n\u2019est pas comme \u00e7a qu\u2019on aide un jeune\u00a0\u00bb\u00a0plaide-t-il. Il assure que l\u2019argent retrouv\u00e9 sur lui a \u00e9t\u00e9 gliss\u00e9 dans sa poche contre son gr\u00e9, par un autre individu qui a pris la fuite.<\/p>\n<p>Ch\u00e2teau de cartes<\/p>\n<p>Pour le parquet cependant, Saufiane n\u2019\u00e9tait pas seulement pr\u00e9sent \u00e0 la cit\u00e9 G\u00e9ly pour sa propre consommation mais en raison de\u00a0son implication dans l\u2019organisation du point de deal. Sa repr\u00e9sentante requiert huit mois d\u2019emprisonnement et la r\u00e9vocation de deux sursis ant\u00e9rieurs avec maintien en d\u00e9tention. \u00ab\u00a0L\u2019explication de l\u2019argent gliss\u00e9 dans la poche n\u2019est pas si rocambolesque que \u00e7a. L\u2019accusation ne fournit pas assez de preuves, le dossier est peu fourni. Il n\u2019a pas du tout la maturit\u00e9 pour respecter les deux sursis pr\u00e9c\u00e9dents\u00a0\u00bb r\u00e9pond en d\u00e9fense me Fanny Sbaiti avant de demander une \u00ab\u00a0peine \u00e9ducative\u00a0\u00bb pour son jeune client.<\/p>\n<p>Saufiane K. a \u00e9t\u00e9 relax\u00e9 des poursuites d\u2019association de malfaiteurs, son implication dans le trafic, mais reconnu coupable\u00a0pour celle de blanchiment de l\u2019argent retrouv\u00e9 en sa possession. Il a \u00e9t\u00e9 condamn\u00e9 \u00e0 six mois de prison auxquels s\u2019ajoutent les r\u00e9vocations de deux sursis pour une dur\u00e9e suppl\u00e9mentaire de six mois. Une peine am\u00e9nageable par le port d\u2019un bracelet \u00e9lectronique mais assortie d\u2019une interdiction de para\u00eetre \u00e0 Montpellier pendant trois ans.\u00a0Lors du prononc\u00e9 du jugement, le pr\u00e9sident du tribunal a insist\u00e9 sur la fragilit\u00e9 du \u00ab\u00a0ch\u00e2teau de cartes\u00a0\u00bb judiciaire impos\u00e9 au jeune homme jusqu\u2019\u00e0 pr\u00e9sent peu attentif aux contraintes qui lui \u00e9taient soumises. Mais qui aura finalement \u00e9chapp\u00e9 \u00e0 l\u2019incarc\u00e9ration, le jour de ses 21 ans.<\/p>\n","protected":false},"excerpt":{"rendered":"Dans la nuit de vendredi \u00e0 samedi dernier, ce jeune homme domicili\u00e9 \u00e0 Castelnau-le-Lez avait \u00e9t\u00e9 interpell\u00e9 avec&hellip;\n","protected":false},"author":2,"featured_media":633354,"comment_status":"","ping_status":"","sticky":false,"template":"","format":"standard","meta":{"footnotes":""},"categories":[9599],"tags":[1111,11,1777,674,1011,27,7089,303,2208,12,2680,25],"class_list":{"0":"post-633353","1":"post","2":"type-post","3":"status-publish","4":"format-standard","5":"has-post-thumbnail","7":"category-montpellier","8":"tag-actu","9":"tag-actualites","10":"tag-eu","11":"tag-europe","12":"tag-fr","13":"tag-france","14":"tag-herault","15":"tag-justice","16":"tag-montpellier","17":"tag-news","18":"tag-occitanie","19":"tag-republique-francaise"},"share_on_mastodon":{"url":"https:\/\/pubeurope.com\/@fr\/115817494772274471","error":""},"_links":{"self":[{"href":"https:\/\/www.europesays.com\/fr\/wp-json\/wp\/v2\/posts\/633353","targetHints":{"allow":["GET"]}}],"collection":[{"href":"https:\/\/www.europesays.com\/fr\/wp-json\/wp\/v2\/posts"}],"about":[{"href":"https:\/\/www.europesays.com\/fr\/wp-json\/wp\/v2\/types\/post"}],"author":[{"embeddable":true,"href":"https:\/\/www.europesays.com\/fr\/wp-json\/wp\/v2\/users\/2"}],"replies":[{"embeddable":true,"href":"https:\/\/www.europesays.com\/fr\/wp-json\/wp\/v2\/comments?post=633353"}],"version-history":[{"count":0,"href":"https:\/\/www.europesays.com\/fr\/wp-json\/wp\/v2\/posts\/633353\/revisions"}],"wp:featuredmedia":[{"embeddable":true,"href":"https:\/\/www.europesays.com\/fr\/wp-json\/wp\/v2\/media\/633354"}],"wp:attachment":[{"href":"https:\/\/www.europesays.com\/fr\/wp-json\/wp\/v2\/media?parent=633353"}],"wp:term":[{"taxonomy":"category","embeddable":true,"href":"https:\/\/www.europesays.com\/fr\/wp-json\/wp\/v2\/categories?post=633353"},{"taxonomy":"post_tag","embeddable":true,"href":"https:\/\/www.europesays.com\/fr\/wp-json\/wp\/v2\/tags?post=633353"}],"curies":[{"name":"wp","href":"https:\/\/api.w.org\/{rel}","templated":true}]}}