{"id":633363,"date":"2026-01-01T02:39:19","date_gmt":"2026-01-01T02:39:19","guid":{"rendered":"https:\/\/www.europesays.com\/fr\/633363\/"},"modified":"2026-01-01T02:39:19","modified_gmt":"2026-01-01T02:39:19","slug":"il-devait-se-marier-le-lendemain-sa-voiture-est-retrouvee-calcinee-apres-une-sortie-de-route-mortelle","status":"publish","type":"post","link":"https:\/\/www.europesays.com\/fr\/633363\/","title":{"rendered":"Il devait se marier le lendemain : sa voiture est retrouv\u00e9e calcin\u00e9e apr\u00e8s une sortie de route mortelle"},"content":{"rendered":"<p>\n                                                                    l&rsquo;essentiel<br \/>\n                                                                Selim, 22 ans, et Muhammed, 33 ans, sont morts dans un accident de la route entre Rennes et Angers. Le premier devait se marier le lendemain\n                            <\/p>\n<p>Le drame s\u2019est produit dans la nuit du vendredi\u00a026 au samedi 27\u00a0d\u00e9cembre \u00e0 La Chapelle-sur-Oudon, sur l\u2019axe Rennes-Angers. Selim Ugur, le futur mari\u00e9, et son cousin Muhammed avaient d\u00fb retourner en urgence \u00e0 Rennes apr\u00e8s la mise en fourri\u00e8re d\u2019une premi\u00e8re voiture de location pour d\u00e9faut d\u2019assurance. C\u2019est lors du trajet retour, vers 1\u00a0h\u00a030, que leur Lamborghini a quitt\u00e9 la route.<\/p>\n<p>Selon <a href=\"https:\/\/www.ouest-france.fr\/societe\/faits-divers\/le-fiance-et-son-cousin-meurent-dans-un-accident-a-quelques-heures-du-mariage-cest-un-choc-emotionnel-enorme-14a0bc26-e4d2-11f0-8a75-c20b0b6b178b\" target=\"_blank\" rel=\"noopener\">Ouest-France<\/a>, le p\u00e8re de Selim, inquiet de ne pas voir son fils arriver, a d\u00e9couvert lui-m\u00eame la sc\u00e8ne de l\u2019accident\u00a0: la voiture \u00e9tait totalement calcin\u00e9e.<\/p>\n<p>\u00ab\u00a0C\u2019est un choc \u00e9motionnel \u00e9norme\u00a0\u00bb<\/p>\n<p>Selim, 22 ans, habitait le quartier de la Roseraie \u00e0 Angers et travaillait dans la location de v\u00e9hicules. \u00ab\u00a0C\u2019\u00e9tait des jeunes gentils, tr\u00e8s appr\u00e9ci\u00e9s\u00a0\u00bb, t\u00e9moigne Mehmet Yilmaz, pr\u00e9sident de l\u2019Unatgo.<\/p>\n<p>Son cousin Muhammed, 33 ans, vivait \u00e0 Rennes o\u00f9 il travaillait dans l\u2019entreprise familiale d\u2019\u00e9tanch\u00e9it\u00e9 tout en faisant de l\u2019accompagnement scolaire. Les deux familles sont tr\u00e8s impliqu\u00e9es dans la communaut\u00e9 turque locale.<\/p>\n<p>Le mariage devait \u00eatre c\u00e9l\u00e9br\u00e9 le samedi \u00e0 11\u00a0h \u00e0 la mairie d\u2019Angers. \u00ab\u00a0C\u2019est un choc \u00e9motionnel \u00e9norme\u00a0\u00bb, confie Izzet Albayrak, pr\u00e9sident du centre culturel turc d\u2019Angers, qui a ouvert une salle pour accueillir les proches. Des centaines de personnes venues de tout le Grand Ouest se sont rassembl\u00e9es pour soutenir les familles.<\/p>\n<p>D\u2019apr\u00e8s les premiers \u00e9l\u00e9ments de l\u2019enqu\u00eate ouverte par les gendarmes, aucun autre v\u00e9hicule ne serait impliqu\u00e9 dans l\u2019accident. L\u2019un des jeunes hommes a \u00e9t\u00e9 \u00e9ject\u00e9 sous la violence du choc, tandis que le second a p\u00e9ri dans l\u2019incendie du v\u00e9hicule. Une pri\u00e8re d\u2019inhumation sera organis\u00e9e \u00e0 la mosqu\u00e9e d\u2019Angers avant le rapatriement des corps en Turquie.<\/p>\n","protected":false},"excerpt":{"rendered":"l&rsquo;essentiel Selim, 22 ans, et Muhammed, 33 ans, sont morts dans un accident de la route entre Rennes&hellip;\n","protected":false},"author":2,"featured_media":633364,"comment_status":"","ping_status":"","sticky":false,"template":"","format":"standard","meta":{"footnotes":""},"categories":[2821],"tags":[3085,1111,11,829,1777,674,118,1011,27,12,584,25],"class_list":{"0":"post-633363","1":"post","2":"type-post","3":"status-publish","4":"format-standard","5":"has-post-thumbnail","7":"category-rennes","8":"tag-accidents","9":"tag-actu","10":"tag-actualites","11":"tag-bretagne","12":"tag-eu","13":"tag-europe","14":"tag-faits-divers","15":"tag-fr","16":"tag-france","17":"tag-news","18":"tag-rennes","19":"tag-republique-francaise"},"share_on_mastodon":{"url":"https:\/\/pubeurope.com\/@fr\/115817530147528511","error":""},"_links":{"self":[{"href":"https:\/\/www.europesays.com\/fr\/wp-json\/wp\/v2\/posts\/633363","targetHints":{"allow":["GET"]}}],"collection":[{"href":"https:\/\/www.europesays.com\/fr\/wp-json\/wp\/v2\/posts"}],"about":[{"href":"https:\/\/www.europesays.com\/fr\/wp-json\/wp\/v2\/types\/post"}],"author":[{"embeddable":true,"href":"https:\/\/www.europesays.com\/fr\/wp-json\/wp\/v2\/users\/2"}],"replies":[{"embeddable":true,"href":"https:\/\/www.europesays.com\/fr\/wp-json\/wp\/v2\/comments?post=633363"}],"version-history":[{"count":0,"href":"https:\/\/www.europesays.com\/fr\/wp-json\/wp\/v2\/posts\/633363\/revisions"}],"wp:featuredmedia":[{"embeddable":true,"href":"https:\/\/www.europesays.com\/fr\/wp-json\/wp\/v2\/media\/633364"}],"wp:attachment":[{"href":"https:\/\/www.europesays.com\/fr\/wp-json\/wp\/v2\/media?parent=633363"}],"wp:term":[{"taxonomy":"category","embeddable":true,"href":"https:\/\/www.europesays.com\/fr\/wp-json\/wp\/v2\/categories?post=633363"},{"taxonomy":"post_tag","embeddable":true,"href":"https:\/\/www.europesays.com\/fr\/wp-json\/wp\/v2\/tags?post=633363"}],"curies":[{"name":"wp","href":"https:\/\/api.w.org\/{rel}","templated":true}]}}