{"id":633365,"date":"2026-01-01T02:42:13","date_gmt":"2026-01-01T02:42:13","guid":{"rendered":"https:\/\/www.europesays.com\/fr\/633365\/"},"modified":"2026-01-01T02:42:13","modified_gmt":"2026-01-01T02:42:13","slug":"previsions-du-jeudi-1er-janvier-2026","status":"publish","type":"post","link":"https:\/\/www.europesays.com\/fr\/633365\/","title":{"rendered":"pr\u00e9visions du jeudi 1er janvier 2026"},"content":{"rendered":"<p>C&rsquo;est un soleil \u00e9clatant qui va briller aujourd&rsquo;hui sur Strasbourg. Le thermom\u00e8tre affichera -1\u00b0C en moyenne. Les Strasbourgeois vont avoir froid le matin : les temp\u00e9ratures ne vont pas d\u00e9passer 1\u00b0C. Il va faire -2\u00b0C en moyenne. Un vent de sud rafra\u00eechira sensiblement l&rsquo;atmosph\u00e8re. Les Strasbourgeois vont avoir froid l&rsquo;apr\u00e8s-midi : les temp\u00e9ratures ne vont pas d\u00e9passer 2\u00b0C. Les valeurs s&rsquo;\u00e9chelonneront entre 0 et 2\u00b0C, un temps r\u00e9solument de saison. Le soleil fera d\u00e9faut le soir, car le ciel sera couvert par des nuages. Les temp\u00e9ratures seront de 0\u00b0C. Le ciel sera limpide dans la nuit de jeudi \u00e0 vendredi.<\/p>\n<p>Strasbourg, o\u00f9 des nuages persisteront demain, continuera d&rsquo;attendre le soleil. Le temps va se r\u00e9chauffer avec une augmentation de quelques degr\u00e9s. On anticipe des temp\u00e9ratures d&rsquo;environ 2\u00b0C. Une l\u00e9g\u00e8re brise de sud-ouest sera ressentie par les habitants. Encore de la grisaille le matin. Les nuages vont s&rsquo;attarder. Les valeurs avoisineront les 1\u00b0C. Les nuages en pr\u00e9vision demain apr\u00e8s-midi, et un ciel encore maussade. Il faudra s&rsquo;attendre \u00e0 d&rsquo;importantes chutes de neige. Il va faire froid avec des temp\u00e9ratures qui seront comprises entre 0 et 4\u00b0C. Demain soir, toujours des nuages dans le ciel qui emp\u00eachent le soleil d&rsquo;appara\u00eetre. On pr\u00e9voit d&rsquo;importantes chutes de neige. Il fera environ 0\u00b0C.<\/p>\n<p>Samedi, le temps sera ensoleill\u00e9 tandis qu&rsquo;une d\u00e9gradation est pr\u00e9vue dimanche.<\/p>\n<p><\/p>\n","protected":false},"excerpt":{"rendered":"C&rsquo;est un soleil \u00e9clatant qui va briller aujourd&rsquo;hui sur Strasbourg. Le thermom\u00e8tre affichera -1\u00b0C en moyenne. Les Strasbourgeois&hellip;\n","protected":false},"author":2,"featured_media":633366,"comment_status":"","ping_status":"","sticky":false,"template":"","format":"standard","meta":{"footnotes":""},"categories":[2820],"tags":[1111,11,1777,674,1011,27,775,12,2119,25,640],"class_list":{"0":"post-633365","1":"post","2":"type-post","3":"status-publish","4":"format-standard","5":"has-post-thumbnail","7":"category-strasbourg","8":"tag-actu","9":"tag-actualites","10":"tag-eu","11":"tag-europe","12":"tag-fr","13":"tag-france","14":"tag-grand-est","15":"tag-news","16":"tag-previsions-meteo","17":"tag-republique-francaise","18":"tag-strasbourg"},"share_on_mastodon":{"url":"https:\/\/pubeurope.com\/@fr\/115817541969041589","error":""},"_links":{"self":[{"href":"https:\/\/www.europesays.com\/fr\/wp-json\/wp\/v2\/posts\/633365","targetHints":{"allow":["GET"]}}],"collection":[{"href":"https:\/\/www.europesays.com\/fr\/wp-json\/wp\/v2\/posts"}],"about":[{"href":"https:\/\/www.europesays.com\/fr\/wp-json\/wp\/v2\/types\/post"}],"author":[{"embeddable":true,"href":"https:\/\/www.europesays.com\/fr\/wp-json\/wp\/v2\/users\/2"}],"replies":[{"embeddable":true,"href":"https:\/\/www.europesays.com\/fr\/wp-json\/wp\/v2\/comments?post=633365"}],"version-history":[{"count":0,"href":"https:\/\/www.europesays.com\/fr\/wp-json\/wp\/v2\/posts\/633365\/revisions"}],"wp:featuredmedia":[{"embeddable":true,"href":"https:\/\/www.europesays.com\/fr\/wp-json\/wp\/v2\/media\/633366"}],"wp:attachment":[{"href":"https:\/\/www.europesays.com\/fr\/wp-json\/wp\/v2\/media?parent=633365"}],"wp:term":[{"taxonomy":"category","embeddable":true,"href":"https:\/\/www.europesays.com\/fr\/wp-json\/wp\/v2\/categories?post=633365"},{"taxonomy":"post_tag","embeddable":true,"href":"https:\/\/www.europesays.com\/fr\/wp-json\/wp\/v2\/tags?post=633365"}],"curies":[{"name":"wp","href":"https:\/\/api.w.org\/{rel}","templated":true}]}}