{"id":633369,"date":"2026-01-01T02:46:24","date_gmt":"2026-01-01T02:46:24","guid":{"rendered":"https:\/\/www.europesays.com\/fr\/633369\/"},"modified":"2026-01-01T02:46:24","modified_gmt":"2026-01-01T02:46:24","slug":"fc-nantes-la-nouvelle-priorite-des-canaris-sur-le-mercato-devoilee","status":"publish","type":"post","link":"https:\/\/www.europesays.com\/fr\/633369\/","title":{"rendered":"FC Nantes : la nouvelle priorit\u00e9 des Canaris sur le mercato d\u00e9voil\u00e9e"},"content":{"rendered":"<p>Le FC Nantes a identifi\u00e9 sa nouvelle priorit\u00e9 sur le mercato hivernal.<\/p>\n<p>Apr\u00e8s avoir d\u00e9j\u00e0 sign\u00e9 Deiver Machado et boucl\u00e9 l\u2019arriv\u00e9e de R\u00e9my Cabella, le FC Nantes a identifi\u00e9 sa nouvelle priorit\u00e9 sur le mercato d\u2019hiver. En effet, selon la presse grecque, les Canaris ont fait de Mady\u00a0Camara leur priorit\u00e9 au milieu de terrain.<\/p>\n<p>Le milieu guin\u00e9en de 28 ans est devenu un joueur de rotation au PAOK Salonique. La formation fran\u00e7aise souhaiterait obtenir un pr\u00eat jusqu\u2019\u00e0 la fin de la saison de Mady Camara. A noter que Nantes n\u2019est pas seul sur le dossier puisque Samsunspor proposerait un pr\u00eat avec une option d\u2019achat \u00e0 3 M\u20ac pour le Guin\u00e9en.<\/p>\n","protected":false},"excerpt":{"rendered":"Le FC Nantes a identifi\u00e9 sa nouvelle priorit\u00e9 sur le mercato hivernal. Apr\u00e8s avoir d\u00e9j\u00e0 sign\u00e9 Deiver Machado&hellip;\n","protected":false},"author":2,"featured_media":623113,"comment_status":"","ping_status":"","sticky":false,"template":"","format":"standard","meta":{"footnotes":""},"categories":[2818],"tags":[1111,11,1777,674,1011,27,766,12,2636,25],"class_list":{"0":"post-633369","1":"post","2":"type-post","3":"status-publish","4":"format-standard","5":"has-post-thumbnail","7":"category-nantes","8":"tag-actu","9":"tag-actualites","10":"tag-eu","11":"tag-europe","12":"tag-fr","13":"tag-france","14":"tag-nantes","15":"tag-news","16":"tag-pays-de-la-loire","17":"tag-republique-francaise"},"share_on_mastodon":{"url":"https:\/\/pubeurope.com\/@fr\/115817557677306991","error":""},"_links":{"self":[{"href":"https:\/\/www.europesays.com\/fr\/wp-json\/wp\/v2\/posts\/633369","targetHints":{"allow":["GET"]}}],"collection":[{"href":"https:\/\/www.europesays.com\/fr\/wp-json\/wp\/v2\/posts"}],"about":[{"href":"https:\/\/www.europesays.com\/fr\/wp-json\/wp\/v2\/types\/post"}],"author":[{"embeddable":true,"href":"https:\/\/www.europesays.com\/fr\/wp-json\/wp\/v2\/users\/2"}],"replies":[{"embeddable":true,"href":"https:\/\/www.europesays.com\/fr\/wp-json\/wp\/v2\/comments?post=633369"}],"version-history":[{"count":0,"href":"https:\/\/www.europesays.com\/fr\/wp-json\/wp\/v2\/posts\/633369\/revisions"}],"wp:featuredmedia":[{"embeddable":true,"href":"https:\/\/www.europesays.com\/fr\/wp-json\/wp\/v2\/media\/623113"}],"wp:attachment":[{"href":"https:\/\/www.europesays.com\/fr\/wp-json\/wp\/v2\/media?parent=633369"}],"wp:term":[{"taxonomy":"category","embeddable":true,"href":"https:\/\/www.europesays.com\/fr\/wp-json\/wp\/v2\/categories?post=633369"},{"taxonomy":"post_tag","embeddable":true,"href":"https:\/\/www.europesays.com\/fr\/wp-json\/wp\/v2\/tags?post=633369"}],"curies":[{"name":"wp","href":"https:\/\/api.w.org\/{rel}","templated":true}]}}