{"id":633370,"date":"2026-01-01T02:48:12","date_gmt":"2026-01-01T02:48:12","guid":{"rendered":"https:\/\/www.europesays.com\/fr\/633370\/"},"modified":"2026-01-01T02:48:12","modified_gmt":"2026-01-01T02:48:12","slug":"previsions-du-jeudi-1er-janvier-2026-2","status":"publish","type":"post","link":"https:\/\/www.europesays.com\/fr\/633370\/","title":{"rendered":"pr\u00e9visions du jeudi 1er janvier 2026"},"content":{"rendered":"<p>L&rsquo;hiver sera bien au rendez-vous puisqu&rsquo;\u00e0 Bordeaux, les valeurs seront quand m\u00eame de -1\u00b0C au minimum et de 7\u00b0C au plus haut la journ\u00e9e. Un petit vent de sud-est soufflera. Des \u00e9claircies sont attendues : on passera une matin\u00e9e cl\u00e9mente. Un beau soleil est pr\u00e9vu l&rsquo;apr\u00e8s-midi. C&rsquo;est une hausse de plusieurs degr\u00e9s que vont conna\u00eetre les temp\u00e9ratures. Ces valeurs s&rsquo;\u00e9chelonneront entre 3 et 7\u00b0C, un temps vraiment de saison. Le soir, apr\u00e8s un rapide passage nuageux, le vent va peu \u00e0 peu chasser la grisaille. Un ciel clair est pr\u00e9vu dans la nuit reliant jeudi et vendredi.<\/p>\n<p>C&rsquo;est un soleil splendide qui va se montrer demain sur Bordeaux. Il fera en moyenne 3\u00b0C. Un vent de nord-est rafra\u00eechira sensiblement l&rsquo;atmosph\u00e8re. Les Bordelais vont avoir froid le matin : les temp\u00e9ratures ne vont pas d\u00e9passer 4\u00b0C. Les valeurs avoisineront les 1\u00b0C. Les temp\u00e9ratures vont enregistrer une augmentation de quelques degr\u00e9s dans l&rsquo;apr\u00e8s-midi. L&rsquo;hiver se fait sentir : les valeurs seront comprises entre 2 et 6\u00b0C. La ville profitera de quelques \u00e9claircies demain soir. Il va faire 1\u00b0C en moyenne.<\/p>\n<p>Pour les prochains jours, la m\u00e9t\u00e9o ne bougera pas. Le temps sera ensoleill\u00e9 avec des temp\u00e9ratures avoisinant -2\u00b0C.<\/p>\n<p><\/p>\n","protected":false},"excerpt":{"rendered":"L&rsquo;hiver sera bien au rendez-vous puisqu&rsquo;\u00e0 Bordeaux, les valeurs seront quand m\u00eame de -1\u00b0C au minimum et de&hellip;\n","protected":false},"author":2,"featured_media":633371,"comment_status":"","ping_status":"","sticky":false,"template":"","format":"standard","meta":{"footnotes":""},"categories":[2817],"tags":[1111,11,1997,1777,674,1011,27,12,2219,2119,25],"class_list":{"0":"post-633370","1":"post","2":"type-post","3":"status-publish","4":"format-standard","5":"has-post-thumbnail","7":"category-bordeaux","8":"tag-actu","9":"tag-actualites","10":"tag-bordeaux","11":"tag-eu","12":"tag-europe","13":"tag-fr","14":"tag-france","15":"tag-news","16":"tag-nouvelle-aquitaine","17":"tag-previsions-meteo","18":"tag-republique-francaise"},"share_on_mastodon":{"url":"https:\/\/pubeurope.com\/@fr\/115817565704981586","error":""},"_links":{"self":[{"href":"https:\/\/www.europesays.com\/fr\/wp-json\/wp\/v2\/posts\/633370","targetHints":{"allow":["GET"]}}],"collection":[{"href":"https:\/\/www.europesays.com\/fr\/wp-json\/wp\/v2\/posts"}],"about":[{"href":"https:\/\/www.europesays.com\/fr\/wp-json\/wp\/v2\/types\/post"}],"author":[{"embeddable":true,"href":"https:\/\/www.europesays.com\/fr\/wp-json\/wp\/v2\/users\/2"}],"replies":[{"embeddable":true,"href":"https:\/\/www.europesays.com\/fr\/wp-json\/wp\/v2\/comments?post=633370"}],"version-history":[{"count":0,"href":"https:\/\/www.europesays.com\/fr\/wp-json\/wp\/v2\/posts\/633370\/revisions"}],"wp:featuredmedia":[{"embeddable":true,"href":"https:\/\/www.europesays.com\/fr\/wp-json\/wp\/v2\/media\/633371"}],"wp:attachment":[{"href":"https:\/\/www.europesays.com\/fr\/wp-json\/wp\/v2\/media?parent=633370"}],"wp:term":[{"taxonomy":"category","embeddable":true,"href":"https:\/\/www.europesays.com\/fr\/wp-json\/wp\/v2\/categories?post=633370"},{"taxonomy":"post_tag","embeddable":true,"href":"https:\/\/www.europesays.com\/fr\/wp-json\/wp\/v2\/tags?post=633370"}],"curies":[{"name":"wp","href":"https:\/\/api.w.org\/{rel}","templated":true}]}}