{"id":633374,"date":"2026-01-01T02:50:12","date_gmt":"2026-01-01T02:50:12","guid":{"rendered":"https:\/\/www.europesays.com\/fr\/633374\/"},"modified":"2026-01-01T02:50:12","modified_gmt":"2026-01-01T02:50:12","slug":"previsions-du-jeudi-1er-janvier-2026-3","status":"publish","type":"post","link":"https:\/\/www.europesays.com\/fr\/633374\/","title":{"rendered":"pr\u00e9visions du jeudi 1er janvier 2026"},"content":{"rendered":"<p>Le soleil sera dominant, la garantie d&rsquo;une magnifique journ\u00e9e \u00e0 Toulouse ! Les temp\u00e9ratures afficheront entre -1\u00b0C et 8\u00b0C, rappelant l&rsquo;hiver au bon souvenir des habitants. Un vent de sud-est rafra\u00eechira sensiblement l&rsquo;atmosph\u00e8re. Les Toulousains vont avoir froid le matin : les temp\u00e9ratures ne vont pas d\u00e9passer 5\u00b0C. La m\u00e9t\u00e9o va se r\u00e9chauffer l&rsquo;apr\u00e8s-midi avec une augmentation de quelques degr\u00e9s. Les maximales iront jusqu&rsquo;\u00e0 8\u00b0C alors que les minimales seront de 4\u00b0C : un temps de saison. Le ciel va l\u00e9g\u00e8rement se d\u00e9gager dans la soir\u00e9e avec des \u00e9claircies. Entre jeudi et vendredi, la nuit sera claire.<\/p>\n<p>La ville de Toulouse aura quelques \u00e9claircies demain. L&rsquo;hiver se fait sentir : les valeurs seront comprises entre 0 et 7\u00b0C. Un l\u00e9ger vent de sud-est sera ressenti par les habitants. Les Toulousains vont avoir froid le matin : les temp\u00e9ratures ne vont pas d\u00e9passer 5\u00b0C. Le mercure affichera 2\u00b0C en moyenne. Les temp\u00e9ratures vont conna\u00eetre une hausse de quelques degr\u00e9s dans l&rsquo;apr\u00e8s-midi. L&rsquo;hiver s&rsquo;est d\u00e9finitivement install\u00e9 puisque les temp\u00e9ratures s&rsquo;\u00e9chelonneront de 5 \u00e0 7\u00b0C. Des \u00e9claircies appara\u00eetront dans la soir\u00e9e. Les valeurs seront de 4\u00b0C.<\/p>\n<p>Pour les jours suivants, la m\u00e9t\u00e9o ne changera pas. Il fera -2\u00b0C en moyenne pour des journ\u00e9es avec une m\u00e9t\u00e9o ensoleill\u00e9e.<\/p>\n<p><\/p>\n","protected":false},"excerpt":{"rendered":"Le soleil sera dominant, la garantie d&rsquo;une magnifique journ\u00e9e \u00e0 Toulouse ! Les temp\u00e9ratures afficheront entre -1\u00b0C et&hellip;\n","protected":false},"author":2,"featured_media":633375,"comment_status":"","ping_status":"","sticky":false,"template":"","format":"standard","meta":{"footnotes":""},"categories":[2816],"tags":[1111,11,1777,674,1011,27,12,2680,2119,25,2312],"class_list":{"0":"post-633374","1":"post","2":"type-post","3":"status-publish","4":"format-standard","5":"has-post-thumbnail","7":"category-toulouse","8":"tag-actu","9":"tag-actualites","10":"tag-eu","11":"tag-europe","12":"tag-fr","13":"tag-france","14":"tag-news","15":"tag-occitanie","16":"tag-previsions-meteo","17":"tag-republique-francaise","18":"tag-toulouse"},"share_on_mastodon":{"url":"https:\/\/pubeurope.com\/@fr\/115817573371177836","error":""},"_links":{"self":[{"href":"https:\/\/www.europesays.com\/fr\/wp-json\/wp\/v2\/posts\/633374","targetHints":{"allow":["GET"]}}],"collection":[{"href":"https:\/\/www.europesays.com\/fr\/wp-json\/wp\/v2\/posts"}],"about":[{"href":"https:\/\/www.europesays.com\/fr\/wp-json\/wp\/v2\/types\/post"}],"author":[{"embeddable":true,"href":"https:\/\/www.europesays.com\/fr\/wp-json\/wp\/v2\/users\/2"}],"replies":[{"embeddable":true,"href":"https:\/\/www.europesays.com\/fr\/wp-json\/wp\/v2\/comments?post=633374"}],"version-history":[{"count":0,"href":"https:\/\/www.europesays.com\/fr\/wp-json\/wp\/v2\/posts\/633374\/revisions"}],"wp:featuredmedia":[{"embeddable":true,"href":"https:\/\/www.europesays.com\/fr\/wp-json\/wp\/v2\/media\/633375"}],"wp:attachment":[{"href":"https:\/\/www.europesays.com\/fr\/wp-json\/wp\/v2\/media?parent=633374"}],"wp:term":[{"taxonomy":"category","embeddable":true,"href":"https:\/\/www.europesays.com\/fr\/wp-json\/wp\/v2\/categories?post=633374"},{"taxonomy":"post_tag","embeddable":true,"href":"https:\/\/www.europesays.com\/fr\/wp-json\/wp\/v2\/tags?post=633374"}],"curies":[{"name":"wp","href":"https:\/\/api.w.org\/{rel}","templated":true}]}}