{"id":633376,"date":"2026-01-01T02:52:50","date_gmt":"2026-01-01T02:52:50","guid":{"rendered":"https:\/\/www.europesays.com\/fr\/633376\/"},"modified":"2026-01-01T02:52:50","modified_gmt":"2026-01-01T02:52:50","slug":"le-grand-gagnant-connu-pour-gessime-yassine","status":"publish","type":"post","link":"https:\/\/www.europesays.com\/fr\/633376\/","title":{"rendered":"le grand gagnant connu pour Gessime Yassine\u00a0?"},"content":{"rendered":"<p>Le mercato hivernal r\u00e9serve parfois son lot de surprises, et cette fois, c\u2019est le jeune ailier marocain Gessime Yassine, \u00e2g\u00e9 de 20 ans et form\u00e9 \u00e0 Dunkerque, qui en est la vedette. Plusieurs clubs de Ligue 1, parmi les plus en vue du championnat, ont suivi de pr\u00e8s ce dossier, mais la bataille semble d\u00e9j\u00e0 tranch\u00e9e.<\/p>\n<p><a href=\"https:\/\/www.butfootballclub.fr\/1637521-asse-om-losc-rc-lens-mercato-info-but-accord-et-annonce-imminente-pour-gessime\/\" target=\"_blank\" rel=\"noopener\">Selon les informations de But! et son journaliste Bastien Aubert<\/a>, Strasbourg, par le biais de son pr\u00e9sident Marc Keller, a pris une longueur d\u2019avance et pourrait bient\u00f4t officialiser le transfert de l\u2019ailier pour pr\u00e8s de 8 millions d\u2019euros, pay\u00e9s cash. Le seul point de n\u00e9gociation restant concerne le pourcentage \u00e0 la revente, Dunkerque souhaitant conserver une part potentielle autour de 15 %. Les tentatives de prolonger un pr\u00eat jusqu\u2019\u00e0 la fin de la saison ont \u00e9chou\u00e9, laissant entendre que le joueur rejoindra imm\u00e9diatement le RCSA.<\/p>\n<p>A lire aussi :L&rsquo;OM ne pouvait pas s&rsquo;aligner de suite<\/p>\n<p>Les grands noms fran\u00e7ais, comme Lille, Lens, Monaco, l\u2019ASSE ou l\u2019<a href=\"https:\/\/www.onzemondial.com\/france\/om.html\" target=\"_blank\" rel=\"noopener\">OM<\/a>, voient leur int\u00e9r\u00eat contrari\u00e9. Le RC Lens et le LOSC, malgr\u00e9 leur suivi attentif, n\u2019ont pas r\u00e9ussi \u00e0 aligner une offre comparable \u00e0 celle de Strasbourg. Monaco, qui s\u2019\u00e9tait montr\u00e9 ouvert \u00e0 un pr\u00eat jusqu\u2019en juin, a \u00e9t\u00e9 contraint de c\u00e9der face \u00e0 l\u2019offre strasbourgeoise.<\/p>\n<p>L\u2019OM, quant \u00e0 lui, se retrouve limit\u00e9 par ses contraintes financi\u00e8res et doit d\u2019abord d\u00e9graisser avant d\u2019esp\u00e9rer un renfort. M\u00eame l\u2019ASSE, souvent active sur les jeunes talents, est rest\u00e9e en retrait sur ce dossier pr\u00e9cis. Dans ce contexte, Strasbourg se positionne comme le grand gagnant. Non seulement le club alsacien s\u00e9curise un ailier prometteur pour dynamiser son attaque, mais il le fait \u00e0 un co\u00fbt jug\u00e9 raisonnable, avec un potentiel futur sur la revente.<\/p>\n<p>   Partagez cette info avec vos amis et vos proches en cliquant ici<br \/> Pour r\u00e9sumer<\/p>\n<p>Strasbourg s\u2019impose comme le grand gagnant du mercato en s\u2019offrant l\u2019ailier marocain Gessime Yassine (20 ans, Dunkerque) pour environ 8\u202fM\u20ac. Lens, Lille, Monaco, l\u2019OM et l\u2019ASSE restent \u00e0 l\u2019\u00e9cart, frein\u00e9s par les finances ou des offres inf\u00e9rieures. Le RCSA s\u00e9curise un talent prometteur et un futur potentiel sur revente.<\/p>\n<p>R\u00e9dacteur<\/p>\n<p><img decoding=\"async\" width=\"76\" height=\"76\" loading=\"lazy\" src=\"https:\/\/www.europesays.com\/fr\/wp-content\/uploads\/2025\/04\/logo-julien-pedebos.jpg\" alt=\"Julien P\u00e9debos\"\/><\/p>\n","protected":false},"excerpt":{"rendered":"Le mercato hivernal r\u00e9serve parfois son lot de surprises, et cette fois, c\u2019est le jeune ailier marocain Gessime&hellip;\n","protected":false},"author":2,"featured_media":633377,"comment_status":"","ping_status":"","sticky":false,"template":"","format":"standard","meta":{"footnotes":""},"categories":[2815],"tags":[1111,11,1777,674,1011,27,811,66,1307,12,149,25,10662],"class_list":{"0":"post-633376","1":"post","2":"type-post","3":"status-publish","4":"format-standard","5":"has-post-thumbnail","7":"category-lille","8":"tag-actu","9":"tag-actualites","10":"tag-eu","11":"tag-europe","12":"tag-fr","13":"tag-france","14":"tag-hauts-de-france","15":"tag-ligue-1","16":"tag-lille","17":"tag-news","18":"tag-om","19":"tag-republique-francaise","20":"tag-transferts"},"share_on_mastodon":{"url":"https:\/\/pubeurope.com\/@fr\/115817585417645814","error":""},"_links":{"self":[{"href":"https:\/\/www.europesays.com\/fr\/wp-json\/wp\/v2\/posts\/633376","targetHints":{"allow":["GET"]}}],"collection":[{"href":"https:\/\/www.europesays.com\/fr\/wp-json\/wp\/v2\/posts"}],"about":[{"href":"https:\/\/www.europesays.com\/fr\/wp-json\/wp\/v2\/types\/post"}],"author":[{"embeddable":true,"href":"https:\/\/www.europesays.com\/fr\/wp-json\/wp\/v2\/users\/2"}],"replies":[{"embeddable":true,"href":"https:\/\/www.europesays.com\/fr\/wp-json\/wp\/v2\/comments?post=633376"}],"version-history":[{"count":0,"href":"https:\/\/www.europesays.com\/fr\/wp-json\/wp\/v2\/posts\/633376\/revisions"}],"wp:featuredmedia":[{"embeddable":true,"href":"https:\/\/www.europesays.com\/fr\/wp-json\/wp\/v2\/media\/633377"}],"wp:attachment":[{"href":"https:\/\/www.europesays.com\/fr\/wp-json\/wp\/v2\/media?parent=633376"}],"wp:term":[{"taxonomy":"category","embeddable":true,"href":"https:\/\/www.europesays.com\/fr\/wp-json\/wp\/v2\/categories?post=633376"},{"taxonomy":"post_tag","embeddable":true,"href":"https:\/\/www.europesays.com\/fr\/wp-json\/wp\/v2\/tags?post=633376"}],"curies":[{"name":"wp","href":"https:\/\/api.w.org\/{rel}","templated":true}]}}