{"id":633378,"date":"2026-01-01T02:53:18","date_gmt":"2026-01-01T02:53:18","guid":{"rendered":"https:\/\/www.europesays.com\/fr\/633378\/"},"modified":"2026-01-01T02:53:18","modified_gmt":"2026-01-01T02:53:18","slug":"sur-la-table-du-reveillon-la-fabrique-du-cidre-bon-pour-la-planete","status":"publish","type":"post","link":"https:\/\/www.europesays.com\/fr\/633378\/","title":{"rendered":"[Sur la table du r\u00e9veillon] La fabrique du cidre bon pour la plan\u00e8te"},"content":{"rendered":"\n<p>\u00ab Je suis une femme qui travaille en ville et toute seule, dans une r\u00e9gion qui n\u2019est pas cidricole.\u00a0\u00bb Laureline Saintemarie, cidri\u00e8re, \u00e2g\u00e9e de 44\u00a0ans, est l\u2019une des rares femmes de la r\u00e9gion \u00e0 s\u2019\u00eatre lanc\u00e9e dans les bulles suite \u00e0 une reconversion professionnelle apr\u00e8s une carri\u00e8re dans la culture.<\/p>\n<p>Pour expliquer la bascule vers le breuvage tir\u00e9 des pommes, la C\u00e9venole d\u2019origine \u00e9voque l\u2019h\u00e9ritage laiss\u00e9 par ses grands-parents. \u00ab\u00a0Ils m\u2019ont transmis le go\u00fbt pour le cidre, n\u00e9 du souvenir qu\u2019il y en avait \u00e0 table chez eux\u00a0\u00bb, se rem\u00e9more-t-elle. Amatrice de cidre donc, elle souhaite d\u00e9velopper ce savoir faire \u00e0 Marseille. \u00ab\u00a0Il n\u2019y a pas d\u2019habitude autour du cidre, puisque personne ne le fait, je me remonte les manches et je m\u2019y mets\u00a0!\u00a0\u00bb, s\u2019exclame-t-elle. Son activit\u00e9 d\u00e9bute en 2021 dans les locaux de la Brasserie de la Plaine, et son ambition se confirme en 2023, avec l\u2019ouverture de La cidrerie marseillaise.<\/p>\n<p>\u00ab\u00a0C\u2019est bien de produire, mais il faut produire autrement\u00a0\u00bb, pr\u00e9cise-t-elle cependant, arguant d\u2019une \u00ab\u00a0une volont\u00e9 forte de faire une fabrication d\u2019un produit que j\u2019aime avec les produits les plus sains possible et laisser le moins de d\u00e9chets possible\u00a0\u00bb.<\/p>\n<p> Production responsable\n              <\/p>\n<p>La quinquag\u00e9naire fait part de sa libert\u00e9 dans son travail, du choix du produit en passant par la mise en bouteille, un processus de qualit\u00e9. \u00ab\u00a0Je travaille avec un arboriculteur dans le Vaucluse, pionnier du bio dans la r\u00e9gion\u00a0\u00bb, d\u00e9taille Laurine Saintemarie, avant de poursuivre\u00a0: \u00ab\u00a0Mes bouteilles sont r\u00e9employables, un autre volet d\u2019un positionnement \u00e9cologique fort, port\u00e9 par l\u2019association L\u2019incassable avec l\u2019id\u00e9e de relancer la fili\u00e8re de lavage des emballages en verre.\u00a0\u00bb<\/p>\n<p>Sollicit\u00e9es pour les f\u00eates de fin d\u2019ann\u00e9e, les commandes sont une cons\u00e9cration. \u00ab\u00a0C\u2019est la premi\u00e8re fois que j\u2019ai fait une livraison \u00e0 une boulangerie qui a 70\u00a0antennes en Provence, je trouve \u00e7a plut\u00f4t chouette\u00a0\u00bb, confie-t-elle. Laureline vend pas moins de 8\u00a0000\u00a0bouteilles grandes et petites confondues par an et esp\u00e8re convaincre une nouvelle g\u00e9n\u00e9ration de consommateur.<\/p>\n","protected":false},"excerpt":{"rendered":"\u00ab Je suis une femme qui travaille en ville et toute seule, dans une r\u00e9gion qui n\u2019est pas&hellip;\n","protected":false},"author":2,"featured_media":633379,"comment_status":"","ping_status":"","sticky":false,"template":"","format":"standard","meta":{"footnotes":""},"categories":[2814],"tags":[1111,11,1777,674,1011,27,884,12,882,25,74192],"class_list":{"0":"post-633378","1":"post","2":"type-post","3":"status-publish","4":"format-standard","5":"has-post-thumbnail","7":"category-marseille","8":"tag-actu","9":"tag-actualites","10":"tag-eu","11":"tag-europe","12":"tag-fr","13":"tag-france","14":"tag-marseille","15":"tag-news","16":"tag-provence-alpes-cote-dazur","17":"tag-republique-francaise","18":"tag-thibaut-carceller"},"share_on_mastodon":{"url":"https:\/\/pubeurope.com\/@fr\/115817585479321075","error":""},"_links":{"self":[{"href":"https:\/\/www.europesays.com\/fr\/wp-json\/wp\/v2\/posts\/633378","targetHints":{"allow":["GET"]}}],"collection":[{"href":"https:\/\/www.europesays.com\/fr\/wp-json\/wp\/v2\/posts"}],"about":[{"href":"https:\/\/www.europesays.com\/fr\/wp-json\/wp\/v2\/types\/post"}],"author":[{"embeddable":true,"href":"https:\/\/www.europesays.com\/fr\/wp-json\/wp\/v2\/users\/2"}],"replies":[{"embeddable":true,"href":"https:\/\/www.europesays.com\/fr\/wp-json\/wp\/v2\/comments?post=633378"}],"version-history":[{"count":0,"href":"https:\/\/www.europesays.com\/fr\/wp-json\/wp\/v2\/posts\/633378\/revisions"}],"wp:featuredmedia":[{"embeddable":true,"href":"https:\/\/www.europesays.com\/fr\/wp-json\/wp\/v2\/media\/633379"}],"wp:attachment":[{"href":"https:\/\/www.europesays.com\/fr\/wp-json\/wp\/v2\/media?parent=633378"}],"wp:term":[{"taxonomy":"category","embeddable":true,"href":"https:\/\/www.europesays.com\/fr\/wp-json\/wp\/v2\/categories?post=633378"},{"taxonomy":"post_tag","embeddable":true,"href":"https:\/\/www.europesays.com\/fr\/wp-json\/wp\/v2\/tags?post=633378"}],"curies":[{"name":"wp","href":"https:\/\/api.w.org\/{rel}","templated":true}]}}