{"id":633380,"date":"2026-01-01T02:54:27","date_gmt":"2026-01-01T02:54:27","guid":{"rendered":"https:\/\/www.europesays.com\/fr\/633380\/"},"modified":"2026-01-01T02:54:27","modified_gmt":"2026-01-01T02:54:27","slug":"les-dix-articles-a-lire-absolument-pour-se-refaire-le-film-de-lannee","status":"publish","type":"post","link":"https:\/\/www.europesays.com\/fr\/633380\/","title":{"rendered":"les dix articles \u00e0 lire absolument pour se refaire le film de l&rsquo;ann\u00e9e"},"content":{"rendered":"<p>                    Par<br \/>\n        <strong><br \/>\n            <a href=\"https:\/\/actu.fr\/auteur\/fabien-binacchi\" title=\"Consulter tous les articles de Fabien Binacchi\" target=\"_blank\" rel=\"noopener\">Fabien Binacchi<\/a><br \/>\n                    <\/strong><\/p>\n<p>        Publi\u00e9 le<\/p>\n<p>            31 d\u00e9c. 2025 \u00e0 16h31        <\/p>\n<p>On rembobine. Alors que <strong>2025 vit ses toutes derni\u00e8res heures,<\/strong> actu Marseille vous propose de vous replonger dans les faits qui ont marqu\u00e9 <a href=\"https:\/\/actu.fr\/marseille\/\" target=\"_blank\" rel=\"noopener\">la cit\u00e9 phoc\u00e9enne<\/a> et le d\u00e9partement des <a href=\"https:\/\/actu.fr\/provence-alpes-cote-d-azur\/bouches-du-rhone_13\" target=\"_blank\" rel=\"noopener\">Bouches-du-Rh\u00f4ne<\/a> ces douze derniers mois.<\/p>\n<p class=\" wall-content\">La r\u00e9daction vous livre sa s\u00e9lection (non exhaustive) avec dix articles relatant ces moments importants, qu\u2019ils soient <strong>joyeux ou parfois dramatiques.<\/strong><\/p>\n<p>Les dix faits marquants de l\u2019ann\u00e9e<\/p>\n<p class=\" wall-content\">(Cliquez sur les liens en bleu pour acc\u00e9der aux articles en question)<\/p>\n<p class=\"expresso-item wall-content\"><a title=\"Lire l&#039;article\" href=\"https:\/\/actu.fr\/provence-alpes-cote-d-azur\/la-bouilladisse_13016\/mort-du-petit-emile-a-la-bouilladisse-ou-vivent-les-grands-parents-c-est-le-choc_62418154.html\" target=\"_blank\" rel=\"noopener\"><strong>\u00c0 La Bouilladisse, o\u00f9 vivent les grands-parents du petit Emile, \u00ab\u2009c\u2019est le choc\u2009\u00bb<\/strong><\/a><br \/>C\u2019est une affaire qui a \u00e9branl\u00e9 le village du Vernet (Alpes-de-Haute-Provence) tout entier. Mais aussi le d\u00e9partement des Bouches-du-Rh\u00f4ne. Dans le cadre de <strong>l\u2019enqu\u00eate sur la mort du petit Emile,<\/strong> l\u2019annonce du placement en garde \u00e0 vue de ces grands-parents, des r\u00e9sidents de La Bouilladisse, avait plong\u00e9 cette petite commune du d\u00e9partement dans \u00ab\u2009la stupeur\u2009\u00bb. actu Marseille s\u2019\u00e9tait rendu sur place pour recueillir les r\u00e9actions des habitants.<\/p>\n<p class=\"expresso-item wall-content\"><a title=\"Lire l&#039;article\" href=\"https:\/\/actu.fr\/provence-alpes-cote-d-azur\/marseille_13055\/exclusif-marseille-on-vous-montre-le-gigantesque-chantier-de-notre-dame-de-la-garde_62541214.html\" target=\"_blank\" rel=\"noopener\"><strong>Dans les coulisses du gigantesque chantier de Notre-Dame-de-la-Garde<\/strong><\/a><br \/>Ses travaux ont \u00e9maill\u00e9 l\u2019ann\u00e9e. De la mise en place d\u2019un impressionnant \u00e9chafaudage jusqu\u2019\u00e0 la r\u00e9v\u00e9lation d\u2019une \u00ab\u2009Bonne-m\u00e8re\u2009\u00bb enti\u00e8rement redor\u00e9e, la r\u00e9novation\u00a0de Notre-Dame-de-la-Garde a tenu en haleine les habitants de la ville et les visiteurs. actu Marseille avait pu monter <strong>au point culminant de la statue,<\/strong> au tout d\u00e9but du chantier, en exclusivit\u00e9.<\/p>\n<p>    <img   decoding=\"async\" loading=\"lazy\" src=\"https:\/\/www.europesays.com\/fr\/wp-content\/uploads\/2026\/01\/img-4406-960x640.jpeg\" alt=\"Le\" width=\"960\" height=\"640\"\/><br \/>\n    actu Marseille sur le toit de Marseille, au niveau de la couronne de la Bonne-M\u00e8re, lors du lancement de sa restauration, en avril 2025. (\u00a9Fabien Binacchi \/ actu Marseille)<\/p>\n<p class=\"expresso-item wall-content\"><a title=\"Lire l&#039;article\" href=\"https:\/\/actu.fr\/provence-alpes-cote-d-azur\/marseille_13055\/om-la-statue-de-bernard-tapie-arrive-au-velodrome-de-marseille-dix-huit-mois-de-travail_62577309.html\" target=\"_blank\" rel=\"noopener\"><strong>La statue de Bernard Tapie arrive au V\u00e9lodrome\u2009: \u00ab\u2009Dix-huit mois de travail\u2009\u00bb<\/strong><\/a><br \/>Pos\u00e9e en mai\u00a02025 et pour l\u2019\u00e9ternit\u00e9 devant le stade marseillais, la statue du \u00ab\u2009boss\u2009\u00bb Bernard Tapie, repr\u00e9sentant <strong>le sacre de l\u2019Olympique de Marseille (OM) en Ligue des champions,<\/strong> avait mobilis\u00e9 la g\u00e9n\u00e9rosit\u00e9 de nombreux fans du club. Peu de temps avant son installation, Jo\u00ebl Vergne, le sculpteur, s\u2019\u00e9tait confi\u00e9 en exclusivit\u00e9 \u00e0 notre r\u00e9daction.<\/p>\n<p class=\"expresso-item wall-content\"><a title=\"Lire l&#039;article\" href=\"https:\/\/actu.fr\/provence-alpes-cote-d-azur\/marseille_13055\/les-futurs-trains-de-la-ligne-marseille-toulon-nice-devoiles-une-revolution-ferroviaire_62656005.html\" target=\"_blank\" rel=\"noopener\"><strong>Les futurs trains de la ligne Marseille-Nice d\u00e9voil\u00e9s\u2009: \u00ab\u2009Une r\u00e9volution ferroviaire\u2009\u00bb<\/strong><\/a><br \/>La promesse d\u2019un vent de renouveau sur les rails de la r\u00e9gion Paca. Avec un changement d\u2019exploitant pour la ligne Marseille-Toulon-Nice, <strong>le nouvel op\u00e9rateur Transdev (\u00e0 la place de la SNCF)<\/strong> a mis en service de nouvelles rames depuis l\u2019\u00e9t\u00e9. Avec prises \u00e0 chaque place, Wifi, distributeurs de boissons chaudes et fra\u00eeches, de snacks au programme.<\/p>\n<p class=\"expresso-item wall-content\"><a title=\"Lire l&#039;article\" href=\"https:\/\/actu.fr\/provence-alpes-cote-d-azur\/marseille_13055\/il-represente-toute-ma-vie-avant-les-deux-concerts-la-folie-jul-s-empare-de-marseille_62677778.html\" target=\"_blank\" rel=\"noopener\"><strong>\u00ab\u2009Il repr\u00e9sente toute ma vie\u2009\u00bb\u2009: avant ses concerts, la folie Jul s\u2019empare de Marseille<\/strong><\/a><br \/>Notre r\u00e9daction s\u2019\u00e9tait rendue au Jul Store rencontrer les fans du chanteur juste avant ses deux concerts des 23 et 24\u00a0mai 2025. \u00ab\u2009Pour nous, c\u2019est le num\u00e9ro\u00a01\u2009\u00bb, avait t\u00e9moign\u00e9 Louise, venue de Sa\u00f4ne-et-Loire. Pas faux\u2009: le rappeur a battu le record de fr\u00e9quentation au stade V\u00e9lodrome, avec un total de <strong>73158 spectateurs<\/strong> sur la deuxi\u00e8me date.<\/p>\n<p class=\"expresso-item wall-content\"><a title=\"Lire l&#039;article\" href=\"https:\/\/actu.fr\/provence-alpes-cote-d-azur\/marseille_13055\/marseille-les-images-impressionnantes-de-la-transformation-de-la-place-castellane_62755545.html\" target=\"_blank\" rel=\"noopener\"><strong>Les images impressionnantes de la transformation de la place Castellane<\/strong><\/a><br \/>Apr\u00e8s des ann\u00e9es de travaux qui l\u2019ont profond\u00e9ment boulevers\u00e9, la place Castellane, dans le 6e arrondissement de Marseille, a \u00e9t\u00e9 inaugur\u00e9e le samedi 14 juin 2025. <strong>Moins de place pour les voitures, beaucoup plus pour les pi\u00e9tons<\/strong> et les terrasses de restaurants, le lieu enti\u00e8rement pav\u00e9 impressionne aussi par son banc monumental et le tramway, qui s\u2019y fraye d\u00e9sormais un chemin en direction du sud de la ville.<\/p>\n<p class=\"expresso-item wall-content\"><a title=\"Lire l&#039;article\" href=\"https:\/\/actu.fr\/provence-alpes-cote-d-azur\/marseille_13055\/on-a-tout-perdu-a-marseille-les-habitants-face-aux-terribles-degats-du-violent-incendie_62889923.html\" target=\"_blank\" rel=\"noopener\"><strong>\u00ab\u2009On a tout perdu\u2009\u00bb\u2009: les habitants face aux terribles d\u00e9g\u00e2ts du violent incendie<\/strong><\/a><br \/>Il a tout ravag\u00e9 sur son passage. Des Pennes-Mirabeau jusqu\u2019au 16e arrondissement de Marseille, le violent incendie du 8\u00a0juillet 2025 a laiss\u00e9 des traces. actu Marseille \u00e9tait all\u00e9 \u00e0 la rencontre de ces habitants qui ont d\u00e9couvert avec effroi et stupeur les multiples d\u00e9g\u00e2ts.<\/p>\n<p>    <img   decoding=\"async\" loading=\"lazy\" src=\"https:\/\/www.europesays.com\/fr\/wp-content\/uploads\/2026\/01\/whatsapp-image-2025-07-09-a-150346-84fa5247-960x640.jpg\" alt=\"incendie marseille juillet 2025 habitant\" width=\"960\" height=\"640\"\/><br \/>\n    Un habitant du 16e arrondissement de Marseille montre l\u2019\u00e9tendue des d\u00e9gats. (\u00a9Thibault Nadal \/ actu Marseille)<\/p>\n<p class=\"expresso-item wall-content\"><a title=\"Lire l&#039;article\" href=\"https:\/\/actu.fr\/provence-alpes-cote-d-azur\/marseille_13055\/proces-de-la-rue-d-aubagne-a-marseille-injustice-ou-satisfaction-le-jugement-divise_62877516.html\" target=\"_blank\" rel=\"noopener\"><strong>\u00ab\u2009Injustice\u2009\u00bb ou \u00ab\u2009satisfaction\u2009\u00bb\u2009: le jugement divise au proc\u00e8s de la rue d\u2019Aubagne<\/strong><\/a><br \/>Le 5\u00a0novembre 2018, 9h05, deux immeubles v\u00e9tustes aux 63 et 65 rue d\u2019Aubagne, dans le quartier de Noailles, s\u2019effondrent. Huit personnes sont tu\u00e9es et deux autres bless\u00e9es. Pr\u00e8s de sept ans plus tard, les pr\u00e9venus responsables du drame sont fix\u00e9s\u2009: de la relaxe \u00e0 quatre ans de prison, dont deux avec sursis. Des peines jug\u00e9es trop cl\u00e9mentes selon certains.<\/p>\n<p class=\"expresso-item wall-content\"><a title=\"Lire l&#039;article\" href=\"https:\/\/actu.fr\/provence-alpes-cote-d-azur\/marseille_13055\/marseille-fermeture-des-deux-magasins-galeries-lafayette-ca-a-ete-un-enorme-choc_62153267.html\" target=\"_blank\" rel=\"noopener\"><strong>La fermeture des deux magasins Galeries Lafayette \u00ab\u2009a \u00e9t\u00e9 un \u00e9norme choc\u2009\u00bb<\/strong><\/a><br \/>Le Groupe Galeries Lafayette a d\u00e9finitivement baiss\u00e9 le rideau de ces deux points de vente marseillais, dans les centres commerciaux Prado et Bourse, le 15\u00a0novembre 2025. L\u2019annonce de ce d\u00e9part, faite le mardi 21\u00a0janvier, avait fait l\u2019effet d\u2019une bombe. \u00c0 l\u2019\u00e9poque, notre r\u00e9daction avait recueilli les premi\u00e8res r\u00e9actions, sur place.<\/p>\n<p>    <img   decoding=\"async\" loading=\"lazy\" src=\"https:\/\/www.europesays.com\/fr\/wp-content\/uploads\/2026\/01\/galeries-lafayette-destockage-marseille-960x640.jpg\" alt=\"Galeries Lafayette destockage marseille\" width=\"960\" height=\"640\"\/><br \/>\n    Des op\u00e9rations de d\u00e9stockage ont provoqu\u00e9 des d\u00e9bordements en novembre 2025. (\u00a9Fabien Binacchi \/ actu Marseille)<\/p>\n<p class=\"expresso-item wall-content\"><a title=\"Lire l&#039;article\" href=\"https:\/\/actu.fr\/provence-alpes-cote-d-azur\/marseille_13055\/jeune-homme-tue-en-plein-jour-et-en-pleine-rue-a-marseille-une-violence-insupportable_63435228.html\" target=\"_blank\" rel=\"noopener\"><strong>Meurtre en plein jour et en pleine rue\u2009: l\u2019identit\u00e9 du jeune homme tu\u00e9 est connue<\/strong><\/a><br \/>L\u2019ann\u00e9e 2025 s\u2019est termin\u00e9e tragiquement \u00e0 Marseille avec une recrudescence des faits divers tragiques li\u00e9es aux trafics de drogue. L\u2019assassinat de Mehdi Kessaci, le 13\u00a0novembre dans le 4e arrondissement, aura sans doute \u00e9t\u00e9 le plus marquant, suscitant une vague d\u2019\u00e9motion et de col\u00e8re national. Le jeune homme de 20\u00a0ans aurait \u00e9t\u00e9 victime d\u2019un \u00ab\u2009crime d\u2019avertissement\u2009\u00bb, visant son fr\u00e8re, <strong>le militant politique et associatif Amine Kessaci.<\/strong><\/p>\n<p class=\" wall-content\">Personnalisez votre actualit\u00e9 en ajoutant vos villes et m\u00e9dias en favori avec <a href=\"https:\/\/moncompte.actu.fr\" title=\"D\u00e9couvez Mon Actu\" rel=\"nofollow noopener\" data-trk=\"{&quot;cta&quot;:{&quot;action&quot;:&quot;https:\\\/\\\/moncompte.actu.fr&quot;,&quot;category&quot;:&quot;mon compte&quot;,&quot;from&quot;:&quot;article footer&quot;,&quot;name&quot;:&quot;Mon actu&quot;,&quot;type&quot;:&quot;cta&quot;}}\" target=\"_blank\">Mon Actu<\/a>.<\/p>\n","protected":false},"excerpt":{"rendered":"Par Fabien Binacchi Publi\u00e9 le 31 d\u00e9c. 2025 \u00e0 16h31 On rembobine. Alors que 2025 vit ses toutes&hellip;\n","protected":false},"author":2,"featured_media":633381,"comment_status":"","ping_status":"","sticky":false,"template":"","format":"standard","meta":{"footnotes":""},"categories":[2814],"tags":[1111,11,1777,674,1011,27,1279,884,813,12,1177,882,25,104],"class_list":{"0":"post-633380","1":"post","2":"type-post","3":"status-publish","4":"format-standard","5":"has-post-thumbnail","7":"category-marseille","8":"tag-actu","9":"tag-actualites","10":"tag-eu","11":"tag-europe","12":"tag-fr","13":"tag-france","14":"tag-jul","15":"tag-marseille","16":"tag-narcotrafiquants","17":"tag-news","18":"tag-notre-dame-de-la-garde","19":"tag-provence-alpes-cote-dazur","20":"tag-republique-francaise","21":"tag-societe"},"share_on_mastodon":{"url":"https:\/\/pubeurope.com\/@fr\/115817589356884581","error":""},"_links":{"self":[{"href":"https:\/\/www.europesays.com\/fr\/wp-json\/wp\/v2\/posts\/633380","targetHints":{"allow":["GET"]}}],"collection":[{"href":"https:\/\/www.europesays.com\/fr\/wp-json\/wp\/v2\/posts"}],"about":[{"href":"https:\/\/www.europesays.com\/fr\/wp-json\/wp\/v2\/types\/post"}],"author":[{"embeddable":true,"href":"https:\/\/www.europesays.com\/fr\/wp-json\/wp\/v2\/users\/2"}],"replies":[{"embeddable":true,"href":"https:\/\/www.europesays.com\/fr\/wp-json\/wp\/v2\/comments?post=633380"}],"version-history":[{"count":0,"href":"https:\/\/www.europesays.com\/fr\/wp-json\/wp\/v2\/posts\/633380\/revisions"}],"wp:featuredmedia":[{"embeddable":true,"href":"https:\/\/www.europesays.com\/fr\/wp-json\/wp\/v2\/media\/633381"}],"wp:attachment":[{"href":"https:\/\/www.europesays.com\/fr\/wp-json\/wp\/v2\/media?parent=633380"}],"wp:term":[{"taxonomy":"category","embeddable":true,"href":"https:\/\/www.europesays.com\/fr\/wp-json\/wp\/v2\/categories?post=633380"},{"taxonomy":"post_tag","embeddable":true,"href":"https:\/\/www.europesays.com\/fr\/wp-json\/wp\/v2\/tags?post=633380"}],"curies":[{"name":"wp","href":"https:\/\/api.w.org\/{rel}","templated":true}]}}